{"id":553779,"date":"2025-11-23T17:23:12","date_gmt":"2025-11-23T17:23:12","guid":{"rendered":"https:\/\/www.europesays.com\/fr\/553779\/"},"modified":"2025-11-23T17:23:12","modified_gmt":"2025-11-23T17:23:12","slug":"votre-explorateur-de-fichiers-devient-plus-rapide-des-aujourdhui-grace-a-la-derniere-mise-a-jour","status":"publish","type":"post","link":"https:\/\/www.europesays.com\/fr\/553779\/","title":{"rendered":"votre Explorateur de fichiers devient plus rapide d\u00e8s aujourd&rsquo;hui gr\u00e2ce \u00e0 la derni\u00e8re mise \u00e0 jour"},"content":{"rendered":"<p class=\"sc-9e1vpx-0 jVoltE\">Puisqu&rsquo;on est dans les bonnes nouvelles, l&rsquo;interface aussi se refait une petite beaut\u00e9 ergonomique. Le menu contextuel, vous savez, ce pav\u00e9 qui appara\u00eet au clic droit, <a href=\"https:\/\/www.clubic.com\/actualite-586048-windows-11-c-est-le-bazar-dans-le-menu-contextuel-du-clic-droit-microsoft-veut-corriger-ca.html\" class=\"un-styled-linked sc-1kr9532-0 iifgJY\" target=\"_blank\" rel=\"noopener\">va subir une petite cure d&rsquo;amaigrissement bienvenue<\/a>. L&rsquo;objectif est de regrouper tout ce qui concerne la gestion pure des fichiers sous une banni\u00e8re unique. C&rsquo;est un d\u00e9tail, mais qui devrait nous \u00e9viter de scroller inutilement pour trouver une fonction basique. C&rsquo;est le genre de petite attention qui montre que l&rsquo;ergonomie revient (doucement) au centre des pr\u00e9occupations, apr\u00e8s\u00a0<a href=\"https:\/\/www.clubic.com\/actualite-588043-windows-11-microsoft-admet-que-l-essentiel-de-l-interface-a-lache-depuis-cet-ete.html\" class=\"un-styled-linked sc-1kr9532-0 iifgJY\" target=\"_blank\" rel=\"noopener\">les quelques sueurs froides de l&rsquo;\u00e9t\u00e9 dernier<\/a>.<\/p>\n<p class=\"sc-9e1vpx-0 jVoltE\">Il faudra encore un peu de patience avant de voir d\u00e9barquer ces optimisations sur nos machines grand public. Pour l&rsquo;instant, ce sont les testeurs du programme Insider qui essuient les pl\u00e2tres. Le d\u00e9ploiement pour le commun des mortels est cal\u00e9 pour d\u00e9but 2026. En attendant, on sent que Microsoft met les bouch\u00e9es doubles. Entre l&rsquo;acc\u00e9l\u00e9ration de la gestion des archives et<a href=\"https:\/\/www.clubic.com\/actualite-573045-l-explorateur-de-fichiers-grand-gagnant-de-la-derniere-beta-de-windows-11.html\" class=\"un-styled-linked sc-1kr9532-0 iifgJY\" target=\"_blank\" rel=\"noopener\">\u00a0les correctifs qui s&rsquo;encha\u00eenent<\/a>, la firme semble avoir compris que la performance brute reste le nerf de la guerre pour nous s\u00e9duire. Reste \u00e0 voir si cette promesse de rapidit\u00e9 tiendra la route sur nos PC une fois la mise \u00e0 jour install\u00e9e.<\/p>\n","protected":false},"excerpt":{"rendered":"Puisqu&rsquo;on est dans les bonnes nouvelles, l&rsquo;interface aussi se refait une petite beaut\u00e9 ergonomique. Le menu contextuel, vous&hellip;\n","protected":false},"author":2,"featured_media":553780,"comment_status":"","ping_status":"","sticky":false,"template":"","format":"standard","meta":{"footnotes":""},"categories":[7],"tags":[1011,27,43,40,41,39,42,44],"class_list":{"0":"post-553779","1":"post","2":"type-post","3":"status-publish","4":"format-standard","5":"has-post-thumbnail","7":"category-sciences-et-technologies","8":"tag-fr","9":"tag-france","10":"tag-science","11":"tag-science-and-technology","12":"tag-sciences","13":"tag-sciences-et-technologies","14":"tag-technologies","15":"tag-technology"},"share_on_mastodon":{"url":"https:\/\/pubeurope.com\/@fr\/115600176226278728","error":""},"_links":{"self":[{"href":"https:\/\/www.europesays.com\/fr\/wp-json\/wp\/v2\/posts\/553779","targetHints":{"allow":["GET"]}}],"collection":[{"href":"https:\/\/www.europesays.com\/fr\/wp-json\/wp\/v2\/posts"}],"about":[{"href":"https:\/\/www.europesays.com\/fr\/wp-json\/wp\/v2\/types\/post"}],"author":[{"embeddable":true,"href":"https:\/\/www.europesays.com\/fr\/wp-json\/wp\/v2\/users\/2"}],"replies":[{"embeddable":true,"href":"https:\/\/www.europesays.com\/fr\/wp-json\/wp\/v2\/comments?post=553779"}],"version-history":[{"count":0,"href":"https:\/\/www.europesays.com\/fr\/wp-json\/wp\/v2\/posts\/553779\/revisions"}],"wp:featuredmedia":[{"embeddable":true,"href":"https:\/\/www.europesays.com\/fr\/wp-json\/wp\/v2\/media\/553780"}],"wp:attachment":[{"href":"https:\/\/www.europesays.com\/fr\/wp-json\/wp\/v2\/media?parent=553779"}],"wp:term":[{"taxonomy":"category","embeddable":true,"href":"https:\/\/www.europesays.com\/fr\/wp-json\/wp\/v2\/categories?post=553779"},{"taxonomy":"post_tag","embeddable":true,"href":"https:\/\/www.europesays.com\/fr\/wp-json\/wp\/v2\/tags?post=553779"}],"curies":[{"name":"wp","href":"https:\/\/api.w.org\/{rel}","templated":true}]}}