{"id":553781,"date":"2025-11-23T17:24:13","date_gmt":"2025-11-23T17:24:13","guid":{"rendered":"https:\/\/www.europesays.com\/fr\/553781\/"},"modified":"2025-11-23T17:24:13","modified_gmt":"2025-11-23T17:24:13","slug":"babybel-dit-adieu-au-plastique-autour-de-ses-fromages-en-portion","status":"publish","type":"post","link":"https:\/\/www.europesays.com\/fr\/553781\/","title":{"rendered":"Babybel dit adieu au plastique autour de ses fromages en portion"},"content":{"rendered":"<p>\n    Le groupe Bel a annonc\u00e9 l\u2019arr\u00eat de son emballage en cellophane pour atteindre \u00e0 terme l\u2019objectif d\u2019\u00e9radiquer les conditionnements non recyclables pour l\u2019ensemble de ses marques en 2030.<\/p>\n<p class=\"fig-paragraph\">Babybel se verdit. Le fromage rond entame la mue de son emballage pour r\u00e9pondre aux enjeux \u00e9cologiques et soci\u00e9taux. Au terme de cinq ann\u00e9es de recherche, le groupe Bel a annonc\u00e9 l\u2019abandon de la couche cellophane entourant la portion embl\u00e9matique, au profit d\u2019un papier recyclable pour r\u00e9duire l\u2019empreinte plastique de la marque. De son c\u00f4t\u00e9, la\u00a0<a href=\"http:\/\/www.lefigaro.fr\/societes\/decus-par-l-eldorado-africain-la-vache-qui-rit-et-kiri-accelerent-la-conquete-de-l-asie-20251006\" target=\"_blank\" data-fig-type=\"Article\" rel=\"noopener nofollow\" data-gtm-custom-categorie=\"navigation\" data-gtm-custom-action=\"crossclick\" data-gtm-custom-label=\"Contextuel\" data-gtm-event=\"customEventSPE\" data-fig-domain=\"LEFIGARO\">c\u00e9l\u00e8bre coque de cire rouge\u00a0<\/a>servant simultan\u00e9ment d\u2019\u00e9l\u00e9ment distinctif et de barri\u00e8re protectrice de conservation demeurera bien.<\/p>\n<p class=\"fig-paragraph\">Au c\u0153ur de la Mayenne, dans son usine d\u2019Evron qui fabrique un Babybel sur deux dans le monde, deux des huit lignes de conditionnement ont d\u00e9j\u00e0 \u00e9t\u00e9 adapt\u00e9es \u00e0 cette \u00e9volution. Des ajustements sur les machines, et m\u00eame le remplacement de certaines d\u2019entre elles, ont \u00e9t\u00e9 n\u00e9cessaires pour maintenir la cadence de 14 portions emball\u00e9es par minute et suivre une production journali\u00e8re de 5 millions d\u2019unit\u00e9s.<\/p>\n<p>                                    <a class=\"fig-a11y-skip a11y-hidden\" href=\"#fig-a11y-skip-main-inarticle\"><br \/>\n        Passer la publicit\u00e9<br \/>\n    <\/a><\/p>\n<p class=\"fig-paragraph\">Cette nouvelle version devrait appara\u00eetre tr\u00e8s rapidement dans les rayons des grandes surfaces britanniques, avant d\u2019arriver aux \u00c9tats-Unis, au Canada et dans le reste de l\u2019Europe du Nord courant 2026. Et d\u00e8s 2027, l\u2019ensemble des Babybel vendus dans le monde adopteront ce nouvel emballage. Le groupe poursuit la m\u00eame logique sur d\u2019autres produits, lui qui \u00e9coule une multitude de portions individuelles. La soci\u00e9t\u00e9 a pr\u00e9cis\u00e9 avoir engag\u00e9 des d\u00e9marches similaires pour d\u2019autres gammes et vise l\u2019horizon 2030 pour ne disposer que de conditionnements enti\u00e8rement recyclables.<\/p>\n","protected":false},"excerpt":{"rendered":"Le groupe Bel a annonc\u00e9 l\u2019arr\u00eat de son emballage en cellophane pour atteindre \u00e0 terme l\u2019objectif d\u2019\u00e9radiquer les&hellip;\n","protected":false},"author":2,"featured_media":553782,"comment_status":"","ping_status":"","sticky":false,"template":"","format":"standard","meta":{"footnotes":""},"categories":[6],"tags":[22681,35,33,34,1011,27],"class_list":{"0":"post-553781","1":"post","2":"type-post","3":"status-publish","4":"format-standard","5":"has-post-thumbnail","7":"category-economie","8":"tag-bel","9":"tag-business","10":"tag-economie","11":"tag-economy","12":"tag-fr","13":"tag-france"},"share_on_mastodon":{"url":"https:\/\/pubeurope.com\/@fr\/115600180210891119","error":""},"_links":{"self":[{"href":"https:\/\/www.europesays.com\/fr\/wp-json\/wp\/v2\/posts\/553781","targetHints":{"allow":["GET"]}}],"collection":[{"href":"https:\/\/www.europesays.com\/fr\/wp-json\/wp\/v2\/posts"}],"about":[{"href":"https:\/\/www.europesays.com\/fr\/wp-json\/wp\/v2\/types\/post"}],"author":[{"embeddable":true,"href":"https:\/\/www.europesays.com\/fr\/wp-json\/wp\/v2\/users\/2"}],"replies":[{"embeddable":true,"href":"https:\/\/www.europesays.com\/fr\/wp-json\/wp\/v2\/comments?post=553781"}],"version-history":[{"count":0,"href":"https:\/\/www.europesays.com\/fr\/wp-json\/wp\/v2\/posts\/553781\/revisions"}],"wp:featuredmedia":[{"embeddable":true,"href":"https:\/\/www.europesays.com\/fr\/wp-json\/wp\/v2\/media\/553782"}],"wp:attachment":[{"href":"https:\/\/www.europesays.com\/fr\/wp-json\/wp\/v2\/media?parent=553781"}],"wp:term":[{"taxonomy":"category","embeddable":true,"href":"https:\/\/www.europesays.com\/fr\/wp-json\/wp\/v2\/categories?post=553781"},{"taxonomy":"post_tag","embeddable":true,"href":"https:\/\/www.europesays.com\/fr\/wp-json\/wp\/v2\/tags?post=553781"}],"curies":[{"name":"wp","href":"https:\/\/api.w.org\/{rel}","templated":true}]}}