{"id":553784,"date":"2025-11-23T17:26:13","date_gmt":"2025-11-23T17:26:13","guid":{"rendered":"https:\/\/www.europesays.com\/fr\/553784\/"},"modified":"2025-11-23T17:26:13","modified_gmt":"2025-11-23T17:26:13","slug":"ouaihid-ben-faiza-le-detenu-de-vendin-le-vieil-qui-a-obtenu-une-permission-de-sortie-controversee","status":"publish","type":"post","link":"https:\/\/www.europesays.com\/fr\/553784\/","title":{"rendered":"Ouaihid Ben Fa\u00efza, le d\u00e9tenu de Vendin-le-Vieil qui a obtenu une permission de sortie controvers\u00e9e"},"content":{"rendered":"<p>\n    <strong>PORTRAIT &#8211; <\/strong>Ouaihid Ben Fa\u00efza appartient \u00e0 une famille qui a r\u00e9gn\u00e9 sur le trafic de stup\u00e9fiant en Seine-Saint-Denis au d\u00e9but des ann\u00e9es 2000, et s\u2019\u00e9tait \u00e9vad\u00e9 de prison en 2014. Sa permission de sortie ce lundi suscite la col\u00e8re des surveillants.<\/p>\n<p class=\"fig-paragraph\">En 2014, il s\u2019\u00e9tait fait la belle gr\u00e2ce \u00e0 \u00abune op\u00e9ration d\u2019exfiltration millim\u00e9tr\u00e9e par un commando de gangsters\u00bb. Une d\u00e9cennie plus tard, Ouaihid Ben Fa\u00efza, narcotrafiquant incarc\u00e9r\u00e9 au\u00a0<a href=\"http:\/\/www.lefigaro.fr\/actualite-france\/vendin-le-vieil-plongee-au-coeur-de-la-superprison-pour-narcotrafiquants-20250611\" target=\"_blank\" data-fig-type=\"Article\" rel=\"noopener\" data-gtm-custom-categorie=\"navigation\" data-gtm-custom-action=\"crossclick\" data-gtm-custom-label=\"Contextuel\" data-gtm-event=\"customEventSPE\" data-fig-domain=\"LEFIGARO\">quartier de lutte contre la criminalit\u00e9 organis\u00e9e (QLCO) de Vendin-le-Vieil,<\/a>\u00a0a obtenu une surprenante permission de sortie suscitant la sid\u00e9ration du personnel p\u00e9nitentiaire. Son implication dans le trafic de stup\u00e9fiants, son entourage familial et sa pr\u00e9c\u00e9dente \u00e9vasion font de lui un d\u00e9tenu \u00e9minemment dangereux.<\/p>\n<p>\u00abLivr\u00e9 \u00e0 lui-m\u00eame et non escort\u00e9\u00bb<\/p>\n<p class=\"fig-paragraph\">Ouaihid Ben Fa\u00efza, 52 ans, a \u00e9t\u00e9 transf\u00e9r\u00e9 le 30 juillet dernier dans cette prison du Pas-de-Calais qui rassemble d\u00e9sormais 100 figures du narcotrafic, sous un r\u00e9gime de s\u00e9curit\u00e9 strict. Il est donc un prisonnier \u00abDPS\u00bb, c\u2019est-\u00e0-dire d\u00e9tenu particuli\u00e8rement signal\u00e9. Depuis son arriv\u00e9e, il s\u2019est fait tr\u00e8s discret, n\u2019ayant par exemple pas particip\u00e9\u00a0<a href=\"http:\/\/www.lefigaro.fr\/faits-divers\/piles-avalees-inondations-vacarme-a-la-prison-de-vendin-le-vieil-nouvelle-nuit-de-rebellion-dans-le-quartier-de-haute-securite-20250829\" data-fig-type=\"NewsFlash\" data-gtm-custom-categorie=\"navigation\" data-gtm-custom-action=\"crossclick\" data-gtm-custom-label=\"Contextuel\" data-gtm-event=\"customEventSPE\" data-fig-domain=\"LEFIGARO\" target=\"_blank\" rel=\"noopener\">au mouvement de contestation<\/a>, avec les gr\u00e8ves de la faim et les inondations de cellule observ\u00e9es fin ao\u00fbt. Sa fin de peine est pr\u00e9vue pour 2029, mais Ouaihid Ben Fa\u00efza cherche \u00e0 obtenir une remise en libert\u00e9 conditionnelle et tente donc, pour ce faire, de trouver un employeur. Il a ainsi demand\u00e9 une permission de sortie afin de passer un entretien d\u2019embauche, nous indique-t-on.<\/p>\n<p class=\"fig-paragraph\">Le directeur de l\u2019\u00e9tablissement p\u00e9nitentiaire y a oppos\u00e9 son v\u00e9to, mais l\u2019int\u00e9ress\u00e9 a fait appel et le juge d\u2019application des peines (JAP) a cette fois donn\u00e9 un avis favorable. Le parquet a fait appel de cette d\u00e9cision mais la chambre d\u2019application des peines de la cour d\u2019appel de Douai a confirm\u00e9 vendredi cette permission de sortie. Selon des informations du Figaro, Ouaihid Ben Fa\u00efza sera donc dehors ce lundi, d\u00e8s\u2026<\/p>\n<p class=\"fig-premium-paywall__infos\">\n        Cet article est r\u00e9serv\u00e9 aux abonn\u00e9s.        Il vous reste 74% \u00e0 d\u00e9couvrir.\n    <\/p>\n<p>                <img  data- alt=\"Le Figaro\" class=\"fig-img--complete fig-img\"\/><\/p>\n<p class=\"fig-premium-paywall__title\">Black Friday<\/p>\n<p class=\"fig-premium-paywall__subtitle\">-70% sur l&rsquo;abonnement num\u00e9rique<\/p>\n<p class=\"fig-premium-paywall__connect\">\n                D\u00e9j\u00e0 abonn\u00e9\u00a0?                <a class=\"fig-premium-paywall__connect-link\" href=\"https:\/\/connect.lefigaro.fr\/login?client=horizon_web&amp;type=main&amp;redirect_uri=https%3A%2F%2Fwww.lefigaro.fr%2Ffaits-divers%2Fbaron-de-la-drogue-evade-en-2014-ouaihid-ben-faiza-le-detenu-de-vendin-le-vieil-qui-a-obtenu-une-permission-de-sortie-controversee-20251123\" data-js-gtm=\"{&quot;customCategorie&quot;: &quot;conversion&quot;, &quot;customAction&quot;: &quot;before_Landing_Connexion_paywall_manuel&quot;, &quot;customLabel&quot;: &quot;bGVmaWdhcm8uZnJfXzFmMGM4NTg0LWZjNGMtNjM5Mi1hYTg0LTZmZmUyY2UzZDg0Ml9fTmV3c0ZsYXNo_Baron de la drogue, \u00e9vad\u00e9 en 2014\u00a0: Ouaihid Ben Fa\u00efza, le d\u00e9tenu de Vendin-le-Vieil qui a obtenu une permission de sortie controvers\u00e9e_416&quot;, &quot;customIDSPE&quot;: &quot;bGVmaWdhcm8uZnJfXzFmMGM4NTg0LWZjNGMtNjM5Mi1hYTg0LTZmZmUyY2UzZDg0Ml9fTmV3c0ZsYXNo&quot;, &quot;event&quot;: &quot;customEventSPE&quot;}\" target=\"_blank\" rel=\"noopener\"><br \/>\n                    Connectez-vous<br \/>\n                <\/a>\n            <\/p>\n","protected":false},"excerpt":{"rendered":"PORTRAIT &#8211; Ouaihid Ben Fa\u00efza appartient \u00e0 une famille qui a r\u00e9gn\u00e9 sur le trafic de stup\u00e9fiant en&hellip;\n","protected":false},"author":2,"featured_media":553785,"comment_status":"","ping_status":"","sticky":false,"template":"","format":"standard","meta":{"footnotes":""},"categories":[4],"tags":[11,1011,27,8721,12,806,25],"class_list":{"0":"post-553784","1":"post","2":"type-post","3":"status-publish","4":"format-standard","5":"has-post-thumbnail","7":"category-france","8":"tag-actualites","9":"tag-fr","10":"tag-france","11":"tag-narcotrafic","12":"tag-news","13":"tag-prison","14":"tag-republique-francaise"},"share_on_mastodon":{"url":"https:\/\/pubeurope.com\/@fr\/115600188094164000","error":""},"_links":{"self":[{"href":"https:\/\/www.europesays.com\/fr\/wp-json\/wp\/v2\/posts\/553784","targetHints":{"allow":["GET"]}}],"collection":[{"href":"https:\/\/www.europesays.com\/fr\/wp-json\/wp\/v2\/posts"}],"about":[{"href":"https:\/\/www.europesays.com\/fr\/wp-json\/wp\/v2\/types\/post"}],"author":[{"embeddable":true,"href":"https:\/\/www.europesays.com\/fr\/wp-json\/wp\/v2\/users\/2"}],"replies":[{"embeddable":true,"href":"https:\/\/www.europesays.com\/fr\/wp-json\/wp\/v2\/comments?post=553784"}],"version-history":[{"count":0,"href":"https:\/\/www.europesays.com\/fr\/wp-json\/wp\/v2\/posts\/553784\/revisions"}],"wp:featuredmedia":[{"embeddable":true,"href":"https:\/\/www.europesays.com\/fr\/wp-json\/wp\/v2\/media\/553785"}],"wp:attachment":[{"href":"https:\/\/www.europesays.com\/fr\/wp-json\/wp\/v2\/media?parent=553784"}],"wp:term":[{"taxonomy":"category","embeddable":true,"href":"https:\/\/www.europesays.com\/fr\/wp-json\/wp\/v2\/categories?post=553784"},{"taxonomy":"post_tag","embeddable":true,"href":"https:\/\/www.europesays.com\/fr\/wp-json\/wp\/v2\/tags?post=553784"}],"curies":[{"name":"wp","href":"https:\/\/api.w.org\/{rel}","templated":true}]}}