{"id":553792,"date":"2025-11-23T17:33:18","date_gmt":"2025-11-23T17:33:18","guid":{"rendered":"https:\/\/www.europesays.com\/fr\/553792\/"},"modified":"2025-11-23T17:33:18","modified_gmt":"2025-11-23T17:33:18","slug":"souvent-consideree-comme-la-plus-belle-place-deurope-voici-comment-la-place-stanislas-est-nee","status":"publish","type":"post","link":"https:\/\/www.europesays.com\/fr\/553792\/","title":{"rendered":"Souvent consid\u00e9r\u00e9e comme la \u00ab\u00a0plus belle place d&rsquo;Europe\u00a0\u00bb, voici comment la Place Stanislas est n\u00e9e"},"content":{"rendered":"<p>                    Par<br \/>\n        <strong><br \/>\n            <a href=\"https:\/\/actu.fr\/auteur\/emil-vautrin\" title=\"Consulter tous les articles de Emil Vautrin\" target=\"_blank\" rel=\"noopener\">Emil Vautrin<\/a><br \/>\n                    <\/strong><\/p>\n<p>        Publi\u00e9 le<\/p>\n<p>            23 nov. 2025 \u00e0 18h08        <\/p>\n<p><a href=\"https:\/\/actu.fr\/societe\/la-place-stanislas-de-nancy-devient-le-monument-prefere-des-francais-sur-france-3_44926378.html\" target=\"_blank\" rel=\"noopener\">Monument pr\u00e9f\u00e9r\u00e9 des Fran\u00e7ais en 2021<\/a>, class\u00e9e au patrimoine mondial de l\u2019Unesco en 1983, la <a href=\"https:\/\/actu.fr\/tag\/place-stanislas\" target=\"_blank\" rel=\"noopener\">place Stanislas<\/a> de Nancy est d\u2019abord n\u00e9e de la volont\u00e9 de Stanislas Leszczynski d\u2019impressionner le roi Louis XV \u00e0 qui il devait sa fonction de duc de Lorraine.<\/p>\n<p class=\" wall-content\">Voici comment est n\u00e9e la \u00ab\u2009plus belle place d\u2019Europe\u2009\u00bb.<\/p>\n<p>La cr\u00e9ation de la place Stanislas\u2009: la place Royale cr\u00e9\u00e9e pour remercier Louis XV<\/p>\n<p class=\" wall-content\">Contraint de fuir la Pologne en <strong>1733<\/strong>, Stanislas Leszczynski arrive sur le territoire nanc\u00e9ien en <strong>1737<\/strong>. Devenu beau-p\u00e8re de Louis XV, qui avait <strong>\u00e9pous\u00e9 sa fille en 1725<\/strong>, ce dernier lui accorde sa protection et lui \u00ab\u2009offre\u2009\u00bb le duch\u00e9 de Lorraine.<\/p>\n<p class=\" wall-content\">C\u2019est donc<strong> pour le remercier pour<\/strong>\u00a0ce don que Stanislas d\u00e9cide de construire la place, dont beaucoup d\u2019\u00e9l\u00e9ments sont d\u2019ailleurs <strong>d\u00e9di\u00e9s au roi<\/strong>. \u00c0 l\u2019origine, une statue de Louis XV \u00e9tait dress\u00e9e au centre de la place.<\/p>\n<p class=\" wall-content\">Elle sera finalement retir\u00e9e apr\u00e8s la R\u00e9volution, avant d\u2019\u00eatre d\u00e9membr\u00e9e et vendue au poids en <strong>1793<\/strong>.<\/p>\n<p class=\" wall-content\">L\u2019Arc H\u00e9r\u00e9, qui marque la s\u00e9paration entre les places Stanislas et de la Carri\u00e8re, \u00e9tait <strong>\u00e0 l\u2019\u00e9poque appel\u00e9 \u00ab\u2009Arc de triomphe Louis XV\u2009\u00bb<\/strong>. Il est d\u00e9cor\u00e9 de plusieurs all\u00e9gories vantant le r\u00e8gne de Louis XV.<\/p>\n<p>Relier les \u00ab\u2009deux villes\u2009\u00bb de Nancy\u2009: un enjeu urbain important<\/p>\n<p class=\" wall-content\">La localisation de la place Stanislas n\u2019a \u00e9videmment pas \u00e9t\u00e9 d\u00e9termin\u00e9e au hasard. Avant sa construction, Nancy \u00e9tait en quelque sorte <strong>s\u00e9par\u00e9e en deux villes distinctes<\/strong>\u2009: la Ville-Vieille, issue de l\u2019\u00e9poque m\u00e9di\u00e9vale, et la Ville-Neuve, construite \u00e0 partir de 1588 par Charles III.<\/p>\n<p>Votre r\u00e9gion, votre actu !<\/p>\n<p>Recevez chaque jour les infos qui comptent pour vous.<\/p>\n<p>\t<a href=\"https:\/\/actu.fr\/newsletter\" class=\"ac-btn ac-btn--corner ac-btn--medium ac-btn--blue800\" target=\"_blank\" rel=\"noopener\">S&rsquo;incrire<\/a><\/p>\n<p class=\" wall-content\">Ces deux zones \u00e9taient s\u00e9par\u00e9es par une grande esplanade.<\/p>\n<p class=\" wall-content\">Le r\u00f4le premier de la place Stanislas \u00e0 l\u2019\u00e9poque fut donc de <strong>relier ces deux villes<\/strong>, afin de rendre l\u2019ensemble plus coh\u00e9rent.<\/p>\n<p>La c\u00e9l\u00e8bre statue de Stanislas\u2009: un \u00e9l\u00e9ment apparu bien apr\u00e8s<\/p>\n<p class=\" wall-content\">Aujourd\u2019hui pi\u00e8ce centrale de la place, la statue de Stanislas Leszczynski n\u2019est arriv\u00e9e que des ann\u00e9es apr\u00e8s la cr\u00e9ation du lieu.<\/p>\n<p class=\" wall-content\">Sous le Consulat (1799-1804), la soci\u00e9t\u00e9 acad\u00e9mique de Nancy projette d\u2019\u00e9riger un monument en l\u2019honneur du duc. Un premier projet fut d\u2019abord imagin\u00e9 place de la Carri\u00e8re, mais c\u2019est finalement le socle de l\u2019ancienne statue royale qui fut choisi.<\/p>\n<p class=\" wall-content\">Il faudra attendre le 6\u00a0novembre 1831 pour qu\u2019elle soit enfin install\u00e9e.<\/p>\n<p class=\" wall-content\">Aujourd\u2019hui devenue le point central de la ville, la place Stanislas est toute l\u2019ann\u00e9e au c\u0153ur de la vie culturelle nanc\u00e9ienne (Livre sur la Place, son et lumi\u00e8re\u2026)<\/p>\n<p class=\" wall-content\">Personnalisez votre actualit\u00e9 en ajoutant vos villes et m\u00e9dias en favori avec <a href=\"https:\/\/moncompte.actu.fr\" title=\"D\u00e9couvez Mon Actu\" rel=\"nofollow noopener\" data-trk=\"{&quot;cta&quot;:{&quot;action&quot;:&quot;https:\\\/\\\/moncompte.actu.fr&quot;,&quot;category&quot;:&quot;mon compte&quot;,&quot;from&quot;:&quot;article footer&quot;,&quot;name&quot;:&quot;Mon actu&quot;,&quot;type&quot;:&quot;cta&quot;}}\" target=\"_blank\">Mon Actu<\/a>.<\/p>\n","protected":false},"excerpt":{"rendered":"Par Emil Vautrin Publi\u00e9 le 23 nov. 2025 \u00e0 18h08 Monument pr\u00e9f\u00e9r\u00e9 des Fran\u00e7ais en 2021, class\u00e9e au&hellip;\n","protected":false},"author":2,"featured_media":302187,"comment_status":"","ping_status":"","sticky":false,"template":"","format":"standard","meta":{"footnotes":""},"categories":[9635],"tags":[1111,11,1777,674,1011,27,775,58904,776,1702,12,2551,9647,25],"class_list":{"0":"post-553792","1":"post","2":"type-post","3":"status-publish","4":"format-standard","5":"has-post-thumbnail","7":"category-nancy","8":"tag-actu","9":"tag-actualites","10":"tag-eu","11":"tag-europe","12":"tag-fr","13":"tag-france","14":"tag-grand-est","15":"tag-histoire-patrimoine","16":"tag-lorraine","17":"tag-nancy","18":"tag-news","19":"tag-patrimoine","20":"tag-place-stanislas","21":"tag-republique-francaise"},"share_on_mastodon":{"url":"https:\/\/pubeurope.com\/@fr\/115600215418578103","error":""},"_links":{"self":[{"href":"https:\/\/www.europesays.com\/fr\/wp-json\/wp\/v2\/posts\/553792","targetHints":{"allow":["GET"]}}],"collection":[{"href":"https:\/\/www.europesays.com\/fr\/wp-json\/wp\/v2\/posts"}],"about":[{"href":"https:\/\/www.europesays.com\/fr\/wp-json\/wp\/v2\/types\/post"}],"author":[{"embeddable":true,"href":"https:\/\/www.europesays.com\/fr\/wp-json\/wp\/v2\/users\/2"}],"replies":[{"embeddable":true,"href":"https:\/\/www.europesays.com\/fr\/wp-json\/wp\/v2\/comments?post=553792"}],"version-history":[{"count":0,"href":"https:\/\/www.europesays.com\/fr\/wp-json\/wp\/v2\/posts\/553792\/revisions"}],"wp:featuredmedia":[{"embeddable":true,"href":"https:\/\/www.europesays.com\/fr\/wp-json\/wp\/v2\/media\/302187"}],"wp:attachment":[{"href":"https:\/\/www.europesays.com\/fr\/wp-json\/wp\/v2\/media?parent=553792"}],"wp:term":[{"taxonomy":"category","embeddable":true,"href":"https:\/\/www.europesays.com\/fr\/wp-json\/wp\/v2\/categories?post=553792"},{"taxonomy":"post_tag","embeddable":true,"href":"https:\/\/www.europesays.com\/fr\/wp-json\/wp\/v2\/tags?post=553792"}],"curies":[{"name":"wp","href":"https:\/\/api.w.org\/{rel}","templated":true}]}}