{"id":553795,"date":"2025-11-23T17:36:24","date_gmt":"2025-11-23T17:36:24","guid":{"rendered":"https:\/\/www.europesays.com\/fr\/553795\/"},"modified":"2025-11-23T17:36:24","modified_gmt":"2025-11-23T17:36:24","slug":"nous-esperons-produire-100-millions-de-moustiques-tigres-par-semaine","status":"publish","type":"post","link":"https:\/\/www.europesays.com\/fr\/553795\/","title":{"rendered":"\u00ab Nous esp\u00e9rons produire 100 millions de moustiques-tigres par semaine \u00bb"},"content":{"rendered":"<p>\t\t<img loading=\"lazy\" decoding=\"async\" src=\"https:\/\/www.europesays.com\/fr\/wp-content\/uploads\/2025\/11\/8bcc2c9fd59fcd3cfa88c61fb7cd56.webp\" width=\"465\" height=\"647\" alt=\"\"\/><\/p>\n<p><strong>Comment est n\u00e9e cette id\u00e9e peu commune d\u2019une solution pour \u00e9radiquer les moustiques\u00a0?<\/strong><br class=\"autobr\"\/><br \/>\n L\u2019objectif, au d\u00e9part, \u00e9tait d\u2019avoir une solution contre des moustiques qui sont porteurs de maladies. Il fallait que cette solution soit \u00e9cologique. C\u2019est pour cette raison que j\u2019ai continu\u00e9 mes recherches pendant une quinzaine d\u2019ann\u00e9es apr\u00e8s mon doctorat en entomologie. Puis, j\u2019ai voulu aller au-del\u00e0 du laboratoire, avec cette id\u00e9e que cette technique de l\u2019insecte st\u00e9rile devait \u00eatre utilis\u00e9e en France. Terratis vise les moustiques- tigres, mais nos solutions pourraient tr\u00e8s bien s\u2019adapter \u00e0 des insectes ravageurs agricoles. Je me suis lanc\u00e9e en 2022. Le temps de r\u00e9unir les bases du projet, l\u2019entreprise est n\u00e9e en janvier 2024.<\/p>\n<p><strong>Pourquoi miser sur la technique de l\u2019insecte st\u00e9rile (TIS)\u00a0? <\/strong><br class=\"autobr\"\/><br \/>\n Il existe d\u2019autres techniques. Certains utilisent des ph\u00e9romones\u00a0: \u00e7a fonctionne bien comme alternative aux pesticides en emp\u00eachant m\u00e2les et femelles de se rencontrer. L\u2019avantage de la TIS, c\u2019est de jouer r\u00e9ellement sur la reproduction. On emp\u00eache une descendance. Il n\u2019y a aucune r\u00e9sistance possible, et il y a vraiment une efficacit\u00e9 sur le long terme\u00a0: 70\u00a0% de population en moins la premi\u00e8re ann\u00e9e sur une zone trait\u00e9e, 90\u00a0%<br class=\"autobr\"\/><br \/>\nen moins la deuxi\u00e8me ann\u00e9e.<\/p>\n<p>\t\t<img loading=\"lazy\" decoding=\"async\" src=\"https:\/\/www.europesays.com\/fr\/wp-content\/uploads\/2025\/11\/525e413ac9d11fd8b562e5ec405882.webp\" width=\"463\" height=\"648\" alt=\"\"\/><\/p>\n<p><strong>O\u00f9 en \u00eates-vous du d\u00e9veloppement et de l\u2019industrialisation de votre solution\u00a0?<\/strong><br class=\"autobr\"\/><br \/>\n Je dirais que nous sommes dans la phase pr\u00e9-industrielle. Sur notre site pilote, ici, \u00e0 Montpellier, nous avons 200 m\u00e8tres carr\u00e9s o\u00f9 nous sommes d\u00e9j\u00e0 \u00e0 l\u2019\u00e9chelle pr\u00e9-industrielle. On travaille sur le fait de produire plus dans un espace contraint, sur l\u2019automatisation de certaines \u00e9tapes de l\u2019\u00e9levage. Avec notre solution, nous pouvons couvrir des zones allant de 120 \u00e0 150 hectares. Nous visons 1000 \u00e0 2000 hectares avec ce site. Il s\u2019agit d\u2019une phase interm\u00e9diaire avant la cr\u00e9ation d\u2019une usine. Aujourd\u2019hui, nous l\u00e2chons 400.000 moustiques st\u00e9riles par semaine \u00e0 Brive-la- Gaillarde (Corr\u00e8ze), et nous allons, \u00e0 la fin de cet \u00e9t\u00e9, commencer \u00e0 Montpellier une phase pr\u00e9paratoire pour l\u2019ann\u00e9e prochaine.<\/p>\n<p><strong>Lors de l\u2019inauguration de votre usine, fin juin, vous aviez dit, en souriant, qu\u2019elle \u00e9tait d\u00e9j\u00e0 trop petite pour Terratis. Quels sont les projets pour votre start-up dans les ann\u00e9es \u00e0 venir\u00a0?<\/strong> En 2028, j\u2019esp\u00e8re avoir cette usine de 3000 m\u00e8tres carr\u00e9s op\u00e9rationnelle dans un p\u00e9rim\u00e8tre proche de Montpellier. Cela nous permettra de r\u00e9pondre \u00e0 une plus grande client\u00e8le en produisant, au maximum, 100 millions de moustiques par semaine. Nous pourrions \u00e9galement travailler sur un d\u00e9veloppement de notre solution envers d\u2019autres insectes. Je pense aux mouches des fruits qui ravagent les cultures par exemple. Notre site de 200 m\u00e8tres carr\u00e9s restera actif pour la recherche et le d\u00e9veloppement sur d\u2019autres insectes, et l\u2019usine servira pour l\u2019op\u00e9rationnel.<\/p>\n<p><strong>Quel march\u00e9 visez-vous\u00a0?<\/strong><\/p>\n<p>\t\t<img loading=\"lazy\" decoding=\"async\" src=\"https:\/\/www.europesays.com\/fr\/wp-content\/uploads\/2025\/11\/068f83c8de27b7db0e90d2ba7399f1.webp\" width=\"543\" height=\"759\" alt=\"\"\/><\/p>\n<p>Nous sommes sollicit\u00e9s aux quatre coins de France, il nous reste \u00e0 trouver des moyens de produire suffisamment de moustiques, et de les acheminer \u00e0 bon port. J\u2019avais \u00e9voqu\u00e9 un transport par la SNCF lors de l\u2019inauguration de l\u2019usine fin juin, ce pourrait \u00eatre une solution.<\/p>\n<p><strong>Et si, un jour, Terratis parvient \u00e0 \u00e9radiquer le moustique tigre, que<br class=\"autobr\"\/><br \/>\ndeviendrez-vous\u00a0?<\/strong><br class=\"autobr\"\/><br \/>\nEn r\u00e9alit\u00e9, nous ne pourrons pas \u00e9radiquer tous les moustiques-tigres du territoire fran\u00e7ais\u00a0: c\u2019est trop tard. Il aurait fallu agir il y a dix ou quinze ans. Avec une usine qui produit 100 millions d\u2019insectes, on pourra arriver \u00e0 le faire au mieux sur 20.000 hectares. C\u2019est bien peu compar\u00e9 \u00e0 la surface de l\u2019Hexagone. Ce serait possible si la France \u00e9tait une \u00eele isol\u00e9e. Notre id\u00e9e est plut\u00f4t de maintenir la population de moustiques \u00e0 son plus bas niveau localement, voire de l\u2019\u00e9radiquer dans certains quartiers.<br class=\"autobr\"\/><br \/>\nPropos recueillis par Jules Mestre<\/p>\n<p><strong>Sur les photos\u00a0:<\/strong><\/p>\n<p>* Clelia Oliva, pr\u00e9sidente fondatrice de Terratis. Elle contr\u00f4le la qualit\u00e9 des larves en salle d\u2019\u00e9levage massif.<\/p>\n<p>*L\u2019\u00e9quipe de production nourrit les larves.<\/p>\n<p>*Clelia Oliva et son \u00e9quipe proc\u00e8dent au contr\u00f4le qualit\u00e9 des oeufs de moustiques-tigres.<\/p>\n<p>*Terratis v\u00e9rifie la qualit\u00e9 et les \u00e9ventuelles dysmorphies des oeufs \u00e0 la loupe binoculaire.<\/p>\n<p> Cr\u00e9dit\u00a0: H\u00e9l\u00e8ne Ressayres-Toul\u00c9co.<\/p>\n","protected":false},"excerpt":{"rendered":"Comment est n\u00e9e cette id\u00e9e peu commune d\u2019une solution pour \u00e9radiquer les moustiques\u00a0? L\u2019objectif, au d\u00e9part, \u00e9tait d\u2019avoir&hellip;\n","protected":false},"author":2,"featured_media":553796,"comment_status":"","ping_status":"","sticky":false,"template":"","format":"standard","meta":{"footnotes":""},"categories":[9599],"tags":[1111,11,1777,674,1011,27,8701,2208,12,2680,25,71,41],"class_list":{"0":"post-553795","1":"post","2":"type-post","3":"status-publish","4":"format-standard","5":"has-post-thumbnail","7":"category-montpellier","8":"tag-actu","9":"tag-actualites","10":"tag-eu","11":"tag-europe","12":"tag-fr","13":"tag-france","14":"tag-medical","15":"tag-montpellier","16":"tag-news","17":"tag-occitanie","18":"tag-republique-francaise","19":"tag-sante","20":"tag-sciences"},"share_on_mastodon":{"url":"https:\/\/pubeurope.com\/@fr\/115600228338062642","error":""},"_links":{"self":[{"href":"https:\/\/www.europesays.com\/fr\/wp-json\/wp\/v2\/posts\/553795","targetHints":{"allow":["GET"]}}],"collection":[{"href":"https:\/\/www.europesays.com\/fr\/wp-json\/wp\/v2\/posts"}],"about":[{"href":"https:\/\/www.europesays.com\/fr\/wp-json\/wp\/v2\/types\/post"}],"author":[{"embeddable":true,"href":"https:\/\/www.europesays.com\/fr\/wp-json\/wp\/v2\/users\/2"}],"replies":[{"embeddable":true,"href":"https:\/\/www.europesays.com\/fr\/wp-json\/wp\/v2\/comments?post=553795"}],"version-history":[{"count":0,"href":"https:\/\/www.europesays.com\/fr\/wp-json\/wp\/v2\/posts\/553795\/revisions"}],"wp:featuredmedia":[{"embeddable":true,"href":"https:\/\/www.europesays.com\/fr\/wp-json\/wp\/v2\/media\/553796"}],"wp:attachment":[{"href":"https:\/\/www.europesays.com\/fr\/wp-json\/wp\/v2\/media?parent=553795"}],"wp:term":[{"taxonomy":"category","embeddable":true,"href":"https:\/\/www.europesays.com\/fr\/wp-json\/wp\/v2\/categories?post=553795"},{"taxonomy":"post_tag","embeddable":true,"href":"https:\/\/www.europesays.com\/fr\/wp-json\/wp\/v2\/tags?post=553795"}],"curies":[{"name":"wp","href":"https:\/\/api.w.org\/{rel}","templated":true}]}}