{"id":553797,"date":"2025-11-23T17:37:31","date_gmt":"2025-11-23T17:37:31","guid":{"rendered":"https:\/\/www.europesays.com\/fr\/553797\/"},"modified":"2025-11-23T17:37:31","modified_gmt":"2025-11-23T17:37:31","slug":"la-courstache-atteint-un-record-a-montpellier","status":"publish","type":"post","link":"https:\/\/www.europesays.com\/fr\/553797\/","title":{"rendered":"la Courstache atteint un record \u00e0 Montpellier"},"content":{"rendered":"<p>                    Par<br \/>\n        <strong><br \/>\n            <a href=\"https:\/\/actu.fr\/auteur\/metropoop\" title=\"Consulter tous les articles de R\u00e9daction M\u00e9tropolitain\" target=\"_blank\" rel=\"noopener\">R\u00e9daction M\u00e9tropolitain<\/a><br \/>\n                    <\/strong><\/p>\n<p>        Publi\u00e9 le<\/p>\n<p>            23 nov. 2025 \u00e0 12h32        <\/p>\n<p>L\u00e9g\u00e8re en apparence, essentiel dans son message.<strong> Ce dimanche 23 novembre<\/strong>, l\u2019\u00c9cusson a affich\u00e9 une effervescence rare. La 4\u1d49 \u00e9dition de La Courstache a rassembl\u00e9 1 900 participants. Les organisateurs ont voulu donner plus d\u2019ampleur \u00e0 la mobilisation en lien direct avec le mouvement Movember. Les coureurs ont soutenu la lutte contre les cancers de la prostate et des testicules.\u00a0<\/p>\n<p>    <a href=\"https:\/\/www.google.com\/maps\/embed?pb=!1m18!1m12!1m3!1d23114.090373704526!2d3.8338559999999995!3d43.6011008!2m3!1f0!2f0!3f0!3m2!1i1024!2i768!4f13.1!3m3!1m2!1s0x12b6af00d6c32089%3A0x23316544211f00e3!2zTOKAmcOJY3Vzc29uLCBNb250cGVsbGllcg!5e0!3m2!1sfr!2sfr!4v1763897459666!5m2!1sfr!2sfr\" title=\"Ouvrie le lien\" target=\"_blank\" rel=\"noopener\">Cliquez ici pour visualiser le contenu<\/a><\/p>\n<p class=\" wall-content\">Les sportifs ont parcouru une ou deux boucles de quatre kilom\u00e8tres. Le trac\u00e9 a propos\u00e9 une travers\u00e9e du centre historique. Les marcheurs ont avanc\u00e9 au m\u00eame rythme que les coureurs. L\u2019objectif a \u00e9t\u00e9 partag\u00e9 : soutenir la recherche. La moustache a domin\u00e9 l\u2019\u00e9v\u00e9nement. Naturelle, coll\u00e9e ou dessin\u00e9e, elle a offert une signature visuelle imm\u00e9diate.<\/p>\n<p>    <a href=\"https:\/\/www.facebook.com\/plugins\/video.php?height=476&amp;href=https%3A%2F%2Fwww.facebook.com%2Freel%2F2133443627463300%2F&amp;show_text=false&amp;width=350&amp;t=0\" title=\"Ouvrie le lien\" target=\"_blank\" rel=\"noopener\">Cliquez ici pour visualiser le contenu<\/a><\/p>\n<p class=\" wall-content\"><strong>Mehdi Deghmache<\/strong> a marqu\u00e9 cette \u00e9dition. L\u2019ancien rugbyman a perdu ses deux jambes lors d\u2019un accident de moto il y a trois ans. Il a repris sa vie en main gr\u00e2ce au sport. Sa d\u00e9termination l\u2019a conduit jusqu\u2019au statut de vice-champion du monde de para-kayak. Il vise d\u00e9sormais les Jeux de 2028. Malgr\u00e9 son entra\u00eenement charg\u00e9, il a tenu \u00e0 s\u2019aligner sur les quatre kilom\u00e8tres de la course. L\u2019acteur <strong>J\u00e9r\u00e9my Banster<\/strong> a \u00e9galement particip\u00e9. Le public, familier de la s\u00e9rie \u00ab\u00a0Un si grand soleil\u00a0\u00bb, l\u2019a salu\u00e9 \u00e0 plusieurs reprises.<\/p>\n<p>Vid\u00e9os : en ce moment sur ActuUn soutien concret \u00e0 la recherche montpelli\u00e9raine<\/p>\n<p class=\" wall-content\">La Courstache poursuit un objectif pr\u00e9cis. L\u2019organisation collecte des fonds pour la recherche locale et les actions de pr\u00e9vention. Cette ann\u00e9e, le r\u00e9sultat a franchi un seuil important. Les dons ont atteint <strong>38 000 euros<\/strong>. Depuis la premi\u00e8re \u00e9dition, le total d\u00e9passe d\u00e9sormais les 100 000 euros revers\u00e9s \u00e0 la lutte contre le cancer de la prostate. Les organisateurs ont annonc\u00e9 que les fonds iront \u00e0 deux structures montpelli\u00e9raines de pointe : l\u2019Institut des biomol\u00e9cules Max Mousseron et l\u2019Institut de recherche en canc\u00e9rologie de Montpellier. Ces \u00e9quipes con\u00e7oivent des hydrogels capables d\u2019am\u00e9liorer les traitements.<\/p>\n<p class=\" wall-content\">Personnalisez votre actualit\u00e9 en ajoutant vos villes et m\u00e9dias en favori avec <a href=\"https:\/\/moncompte.actu.fr\" title=\"D\u00e9couvez Mon Actu\" rel=\"nofollow noopener\" data-trk=\"{&quot;cta&quot;:{&quot;action&quot;:&quot;https:\\\/\\\/moncompte.actu.fr&quot;,&quot;category&quot;:&quot;mon compte&quot;,&quot;from&quot;:&quot;article footer&quot;,&quot;name&quot;:&quot;Mon actu&quot;,&quot;type&quot;:&quot;cta&quot;}}\" target=\"_blank\">Mon Actu<\/a>.<\/p>\n","protected":false},"excerpt":{"rendered":"Par R\u00e9daction M\u00e9tropolitain Publi\u00e9 le 23 nov. 2025 \u00e0 12h32 L\u00e9g\u00e8re en apparence, essentiel dans son message. Ce&hellip;\n","protected":false},"author":2,"featured_media":553798,"comment_status":"","ping_status":"","sticky":false,"template":"","format":"standard","meta":{"footnotes":""},"categories":[9599],"tags":[1111,11,1261,101,1777,674,1011,27,2208,12,2680,25,3400,60],"class_list":{"0":"post-553797","1":"post","2":"type-post","3":"status-publish","4":"format-standard","5":"has-post-thumbnail","7":"category-montpellier","8":"tag-actu","9":"tag-actualites","10":"tag-argent","11":"tag-cancer","12":"tag-eu","13":"tag-europe","14":"tag-fr","15":"tag-france","16":"tag-montpellier","17":"tag-news","18":"tag-occitanie","19":"tag-republique-francaise","20":"tag-solidarite","21":"tag-sports"},"share_on_mastodon":{"url":"https:\/\/pubeurope.com\/@fr\/115600231511262340","error":""},"_links":{"self":[{"href":"https:\/\/www.europesays.com\/fr\/wp-json\/wp\/v2\/posts\/553797","targetHints":{"allow":["GET"]}}],"collection":[{"href":"https:\/\/www.europesays.com\/fr\/wp-json\/wp\/v2\/posts"}],"about":[{"href":"https:\/\/www.europesays.com\/fr\/wp-json\/wp\/v2\/types\/post"}],"author":[{"embeddable":true,"href":"https:\/\/www.europesays.com\/fr\/wp-json\/wp\/v2\/users\/2"}],"replies":[{"embeddable":true,"href":"https:\/\/www.europesays.com\/fr\/wp-json\/wp\/v2\/comments?post=553797"}],"version-history":[{"count":0,"href":"https:\/\/www.europesays.com\/fr\/wp-json\/wp\/v2\/posts\/553797\/revisions"}],"wp:featuredmedia":[{"embeddable":true,"href":"https:\/\/www.europesays.com\/fr\/wp-json\/wp\/v2\/media\/553798"}],"wp:attachment":[{"href":"https:\/\/www.europesays.com\/fr\/wp-json\/wp\/v2\/media?parent=553797"}],"wp:term":[{"taxonomy":"category","embeddable":true,"href":"https:\/\/www.europesays.com\/fr\/wp-json\/wp\/v2\/categories?post=553797"},{"taxonomy":"post_tag","embeddable":true,"href":"https:\/\/www.europesays.com\/fr\/wp-json\/wp\/v2\/tags?post=553797"}],"curies":[{"name":"wp","href":"https:\/\/api.w.org\/{rel}","templated":true}]}}