{"id":553799,"date":"2025-11-23T17:38:14","date_gmt":"2025-11-23T17:38:14","guid":{"rendered":"https:\/\/www.europesays.com\/fr\/553799\/"},"modified":"2025-11-23T17:38:14","modified_gmt":"2025-11-23T17:38:14","slug":"george-nuku-fait-du-plastique-la-chose-la-plus-belle-du-monde","status":"publish","type":"post","link":"https:\/\/www.europesays.com\/fr\/553799\/","title":{"rendered":"George Nuku fait du plastique \u00ab la chose la plus belle du monde \u00bb"},"content":{"rendered":"<p>                    Par<br \/>\n        <strong><br \/>\n            <a href=\"https:\/\/actu.fr\/auteur\/lily-dedeye\" title=\"Consulter tous les articles de Lily Dedeye\" target=\"_blank\" rel=\"noopener\">Lily Dedeye<\/a><br \/>\n                    <\/strong><\/p>\n<p>        Publi\u00e9 le<\/p>\n<p>            23 nov. 2025 \u00e0 18h24        <\/p>\n<p><img decoding=\"async\" loading=\"lazy\" src=\"https:\/\/www.europesays.com\/fr\/wp-content\/uploads\/2025\/11\/img-3161-960x640.jpg\" alt=\"George Nuku, un artiste Maori \u00e0 Rouen\" width=\"960\" height=\"640\"\/>Georges Nuku, un artiste Maori install\u00e9 \u00e0 Rouen (\u00a9Lily Dedeye)<\/p>\n<p class=\" wall-content\"><strong>George Nuku est un artiste maori.<\/strong> Il est n\u00e9 <strong>en Nouvelle-Z\u00e9lande<\/strong>, au sein de ce peuple polyn\u00e9sien autochtone, et a toujours sculpt\u00e9. En 2006, il arrive en France, sollicit\u00e9 par le Mus\u00e9um <a href=\"https:\/\/actu.fr\/normandie\/rouen_76540\" target=\"_blank\" rel=\"noopener\">de Rouen<\/a> pour participer \u00e0 un projet d\u2019art dans la galerie des continents. \u00ab\u00a0Je suis <strong>le seul \u00e0 faire ce genre de cr\u00e9ation,<\/strong> c\u2019est pour cela qu\u2019ils m\u2019ont appel\u00e9\u00a0\u00bb, explique le sculpteur \u00e0 76actu.<\/p>\n<p>George Nuku, l\u2019artiste qui sculpte le plastique<\/p>\n<p class=\" wall-content\">George Nuku pratique l\u2019art maori depuis toujours. Il cr\u00e9e \u00e0 partir de diff\u00e9rentes mati\u00e8res (\u00e0 l\u2019origine du bois, des coquillages, du sable). \u00ab\u00a0J\u2019ai des visions et \u00e7a a besoin de sortir\u00a0\u00bb, raconte l\u2019artiste. Depuis quelque temps, George Nuku travaille une mati\u00e8re surprenante\u2026 le plastique. <strong>\u00ab\u00a0Le plastique me parle.\u00a0\u00bb<\/strong><\/p>\n<p class=\" wall-content\">Cette histoire avec le plastique a commenc\u00e9 en 1990. \u00ab\u00a0Je travaillais sur un film de science-fiction, ils m\u2019ont demand\u00e9 de sculpter de petits objets avec du plastique.\u00a0\u00bb Reconnu pour cette capacit\u00e9 \u00e0 mettre en valeur cette mati\u00e8re, il\u00a0 a tr\u00e8s vite \u00e9t\u00e9 sollicit\u00e9 par de nombreux mus\u00e9es <strong>pour des projets d\u2019exposition en lien avec l\u2019Oc\u00e9anie.<\/strong><\/p>\n<p>Le projet Bottled sea<\/p>\n<p class=\" wall-content\">En 2014, il lance son concept Bottled sea, des sculptures sculpt\u00e9es en plexiglas, d\u00e9cor\u00e9es de bouteilles plastiques. \u00ab\u00a0Je regardais un film de Kevin Costner, il y avait une fontaine \u00e0 eau avec une bouteille en plastique inclin\u00e9e et j\u2019ai commenc\u00e9 \u00e0 avoir des visions\u00a0\u00bb, raconte l\u2019artiste.<\/p>\n<p class=\" wall-content\">Comme \u00e0 son habitude, il s\u2019enferme dans le Labo Victor Hugo et commence \u00e0 cr\u00e9er. Sollicit\u00e9 \u00e0 Taipei quelque mois plus tard pour un gros projet avec le mus\u00e9e d\u2019art, il cr\u00e9e cette installation. \u00ab\u00a0\u00c0 la suite de cette exposition, j\u2019ai demand\u00e9 \u00e0 ramener mes sculptures \u00e0 Rouen. Je les aies expos\u00e9 au mus\u00e9e et ai re\u00e7u ensuite <strong>de nombreuses invitations<\/strong> pour exposer notamment \u00e0 Cannes, \u00e0 Noum\u00e9a\u2026\u00a0\u00bb.<\/p>\n<p>Votre r\u00e9gion, votre actu !<\/p>\n<p>Recevez chaque jour les infos qui comptent pour vous.<\/p>\n<p>\t<a href=\"https:\/\/actu.fr\/newsletter\" class=\"ac-btn ac-btn--corner ac-btn--medium ac-btn--blue800\" target=\"_blank\" rel=\"noopener\">S&rsquo;incrire<\/a><\/p>\n<p class=\" wall-content\">Selon George Nuku, \u00ab\u00a0il faut voir le plastique sous un autre regard. Si le plastique avait une valeur financi\u00e8re, il ferait l\u2019objet de collections et plus personne ne le jetterai. C\u2019est pourquoi<strong> je veux faire du plastique la chose la plus belle du monde<\/strong>. La beaut\u00e9 est la deuxi\u00e8me chose avec le plus de valeur dans notre monde, apr\u00e8s l\u2019argent.\u00a0\u00bb<\/p>\n<p>    <a href=\"https:\/\/www.facebook.com\/plugins\/post.php?href=https%3A%2F%2Fwww.facebook.com%2Fpermalink.php%3Fstory_fbid%3Dpfbid0NEMhmGzFnAK9G9CakMtdrqYULqPo3GYpVhejjLj1cp84e7oQzoYea2KD9KAcigPJl%26id%3D100063655083775&amp;show_text=true&amp;width=350\" title=\"Ouvrie le lien\" target=\"_blank\" rel=\"noopener\">Cliquez ici pour visualiser le contenu<\/a><\/p>\n<p class=\" wall-content\">Quand les visiteurs tombent sur les sculptures de George Nuku, ils ne peuvent d\u00e9tourner leur regard. Ils passent du rejet \u00e0 l\u2019admiration. Selon lui, toute mati\u00e8re doit \u00eatre respect\u00e9e \u00e0 sa juste valeur. \u00ab\u00a0Le plastique vient de la nature, il faut le respecter autant que tout le reste.\u00a0\u00bb<\/p>\n<blockquote class=\"ac-article-quote wall-content\">\n<p>Les gens me prennent pour fou quand je dis que la pollution est sacr\u00e9e, mais je le pense. Si on arr\u00eatait de jeter le plastique pour le transformer en oeuvre d&rsquo;art, il y aurait peut-\u00eatre un espoir pour la plan\u00e8te&#8230;<\/p>\n<p>    <strong>George Nuku<\/strong><br \/>\n        Artiste, sculpteur    <\/p><\/blockquote>\n<p>Un artiste mondialement connu<\/p>\n<p class=\" wall-content\">Cet art pla\u00eet et a permis \u00e0 George de travailler avec une multitude de mus\u00e9es dans le monde, pour des expositions centr\u00e9es sur l\u2019Oc\u00e9anie. Il a r\u00e9alis\u00e9 plus de 150 projets dans plus d\u2019une dizaine de pays : Australie, Hawai, Taiwan, \u00c9gypte, Norv\u00e8ge, Italie, Autriche\u2026 Mais parmi tous ces pays, <strong>c\u2019est \u00e0 Rouen qu\u2019il a souhait\u00e9 s\u2019installer<\/strong>. Tomb\u00e9 amoureux de cette ville (et de Mathilde, rouennaise, sa compagne et agente), il ne l\u2019a jamais quitt\u00e9e. \u00ab\u00a0C\u2019est ma base ici. <strong>Rouen influence mon art,<\/strong> l\u2019Abbaye de Saint-Ouen, Saint Maclou, cette ville m\u00e9di\u00e9vale et gothique m\u2019inspire. Et puis, je m\u2019y sens bien, je peux \u00eatre moi-m\u00eame, je m\u2019y sens en paix\u00a0\u00bb.<\/p>\n<p class=\" wall-content\">George est connu dans le milieu de l\u2019art mais il lui reste encore un r\u00eave : \u00ab\u00a0J\u2019aimerais <strong>\u00eatre expos\u00e9 dans les supermarch\u00e9s, dans les \u00e9glises, dans les \u00e9coles<\/strong>, pour sensibiliser. Beaucoup de gens ne vont pas au mus\u00e9e, j\u2019aimerais pourtant qu\u2019ils voient mes sculptures. Car l\u2019art est la seule mani\u00e8re de sauver ce monde que l\u2019on est en train de d\u00e9truire en jetant n\u2019importe o\u00f9 nos d\u00e9chets, sans scrupules.\u00a0\u00bb<\/p>\n<p>Suivez l\u2019actualit\u00e9 de Rouen <a href=\"https:\/\/www.whatsapp.com\/channel\/0029VaKfnf99hXF2ddApFB1D\" target=\"_blank\" rel=\"noopener\">sur notre cha\u00eene WhatsApp<\/a> et <a href=\"https:\/\/www.tiktok.com\/@76actu.fr?lang=fr\" target=\"_blank\" rel=\"noopener\">sur notre compte TikTok<\/a><\/p>\n<p class=\" wall-content\">Personnalisez votre actualit\u00e9 en ajoutant vos villes et m\u00e9dias en favori avec <a href=\"https:\/\/moncompte.actu.fr\" title=\"D\u00e9couvez Mon Actu\" rel=\"nofollow noopener\" data-trk=\"{&quot;cta&quot;:{&quot;action&quot;:&quot;https:\\\/\\\/moncompte.actu.fr&quot;,&quot;category&quot;:&quot;mon compte&quot;,&quot;from&quot;:&quot;article footer&quot;,&quot;name&quot;:&quot;Mon actu&quot;,&quot;type&quot;:&quot;cta&quot;}}\" target=\"_blank\">Mon Actu<\/a>.<\/p>\n<p>                    <script async src=\"\/\/www.tiktok.com\/embed.js\"><\/script><\/p>\n","protected":false},"excerpt":{"rendered":"Par Lily Dedeye Publi\u00e9 le 23 nov. 2025 \u00e0 18h24 Georges Nuku, un artiste Maori install\u00e9 \u00e0 Rouen&hellip;\n","protected":false},"author":2,"featured_media":553800,"comment_status":"","ping_status":"","sticky":false,"template":"","format":"standard","meta":{"footnotes":""},"categories":[9587],"tags":[1111,11,1777,674,1011,27,1757,1652,12,5161,9026,25,9590],"class_list":{"0":"post-553799","1":"post","2":"type-post","3":"status-publish","4":"format-standard","5":"has-post-thumbnail","7":"category-rouen","8":"tag-actu","9":"tag-actualites","10":"tag-eu","11":"tag-europe","12":"tag-fr","13":"tag-france","14":"tag-insolite","15":"tag-loisirs-culture","16":"tag-news","17":"tag-normandie","18":"tag-portrait","19":"tag-republique-francaise","20":"tag-rouen"},"share_on_mastodon":{"url":"https:\/\/pubeurope.com\/@fr\/115600236502747096","error":""},"_links":{"self":[{"href":"https:\/\/www.europesays.com\/fr\/wp-json\/wp\/v2\/posts\/553799","targetHints":{"allow":["GET"]}}],"collection":[{"href":"https:\/\/www.europesays.com\/fr\/wp-json\/wp\/v2\/posts"}],"about":[{"href":"https:\/\/www.europesays.com\/fr\/wp-json\/wp\/v2\/types\/post"}],"author":[{"embeddable":true,"href":"https:\/\/www.europesays.com\/fr\/wp-json\/wp\/v2\/users\/2"}],"replies":[{"embeddable":true,"href":"https:\/\/www.europesays.com\/fr\/wp-json\/wp\/v2\/comments?post=553799"}],"version-history":[{"count":0,"href":"https:\/\/www.europesays.com\/fr\/wp-json\/wp\/v2\/posts\/553799\/revisions"}],"wp:featuredmedia":[{"embeddable":true,"href":"https:\/\/www.europesays.com\/fr\/wp-json\/wp\/v2\/media\/553800"}],"wp:attachment":[{"href":"https:\/\/www.europesays.com\/fr\/wp-json\/wp\/v2\/media?parent=553799"}],"wp:term":[{"taxonomy":"category","embeddable":true,"href":"https:\/\/www.europesays.com\/fr\/wp-json\/wp\/v2\/categories?post=553799"},{"taxonomy":"post_tag","embeddable":true,"href":"https:\/\/www.europesays.com\/fr\/wp-json\/wp\/v2\/tags?post=553799"}],"curies":[{"name":"wp","href":"https:\/\/api.w.org\/{rel}","templated":true}]}}