{"id":5538,"date":"2025-04-06T14:52:23","date_gmt":"2025-04-06T14:52:23","guid":{"rendered":"https:\/\/www.europesays.com\/fr\/5538\/"},"modified":"2025-04-06T14:52:23","modified_gmt":"2025-04-06T14:52:23","slug":"a-velo-de-novi-sad-a-strasbourg-pour-alerter-leurope-sur-la-corruption-en-serbie","status":"publish","type":"post","link":"https:\/\/www.europesays.com\/fr\/5538\/","title":{"rendered":"\u00e0 v\u00e9lo de Novi Sad \u00e0 Strasbourg pour alerter l&rsquo;Europe sur la corruption en Serbie"},"content":{"rendered":"<p>Des dizaines d&rsquo;\u00e9tudiants serbes ont quitt\u00e9 la ville de Novi Sad \u00e0 v\u00e9lo jeudi, sous la pluie et les vivats, pour un voyage de deux semaines qui doit les emmener \u00e0 Strasbourg, en France. Ils esp\u00e8rent alerter l&rsquo;Europe sur leur combat contre la corruption, deux mois apr\u00e8s le d\u00e9but de leur mouvement de contestation en Serbie.<\/p>\n<p>Ils p\u00e9dalent pour d\u00e9noncer la corruption. Sous la pluie mais dans la bonne humeur, 80 \u00e9tudiants serbes ont quitt\u00e9 jeudi le campus de Novi Sad, o\u00f9 <a href=\"https:\/\/www.france24.com\/fr\/\u00e9missions\/focus\/20241220-serbie-corruption-dans-viseur-des-jeunes-apr\u00e8s-accident-mortel-dans-gare\" rel=\"nofollow noopener\" target=\"_blank\" data-ylk=\"slk:l&#039;effondrement mortel;elm:context_link;itc:0;sec:content-canvas\" class=\"link \">l&rsquo;effondrement mortel<\/a> en novembre du auvent d&rsquo;une gare tout juste r\u00e9nov\u00e9e a d\u00e9clench\u00e9 <a href=\"https:\/\/www.france24.com\/fr\/info-en-continu\/20250201-la-serbie-manifeste-et-comm\u00e9more-les-trois-mois-de-l-accident-de-novi-sad\" rel=\"nofollow noopener\" target=\"_blank\" data-ylk=\"slk:un vaste mouvement de protestation;elm:context_link;itc:0;sec:content-canvas\" class=\"link \">un vaste mouvement de protestation<\/a>. Les jeunes cyclistes doivent rejoindre Strasbourg dans les prochains jours dans l&rsquo;espoir d&rsquo;alerter l&rsquo;<a href=\"https:\/\/www.france24.com\/fr\/tag\/union-europ\u00e9enne\/\" class=\"link \" rel=\"nofollow noopener\" target=\"_blank\" data-ylk=\"slk:Union europ\u00e9enne;elm:context_link;itc:0;sec:content-canvas\">Union europ\u00e9enne<\/a> sur la corruption qui gangr\u00e8ne la <a href=\"https:\/\/www.france24.com\/fr\/tag\/serbie\/\" class=\"link \" rel=\"nofollow noopener\" target=\"_blank\" data-ylk=\"slk:Serbie;elm:context_link;itc:0;sec:content-canvas\">Serbie<\/a>.<\/p>\n<p>\u00c0 lire aussi<a href=\"https:\/\/www.france24.com\/fr\/europe\/20250404-c-est-l-heure-du-changement-en-serbie-les-\u00e9tudiants-leaders-de-la-lutte-anti-corruption\" class=\"link \" rel=\"nofollow noopener\" target=\"_blank\" data-ylk=\"slk:&quot;C&#039;est l&#039;heure du changement&quot; : en Serbie, les \u00e9tudiants leaders de la lutte anti-corruption;elm:context_link;itc:0;sec:content-canvas\">\u00ab\u00a0C&rsquo;est l&rsquo;heure du changement\u00a0\u00bb : en Serbie, les \u00e9tudiants leaders de la lutte anti-corruption<\/a><\/p>\n<p><a href=\"https:\/\/www.france24.com\/fr\/europe\/20250405-de-novi-sad-%C3%A0-strasbourg-1-400-km-%C3%A0-v%C3%A9lo-pour-alerter-l-europe-sur-la-corruption-en-serbie\" rel=\"nofollow noopener\" target=\"_blank\" data-ylk=\"slk:Lire la suite sur FRANCE 24;elm:context_link;itc:0;sec:content-canvas\" class=\"link \">Lire la suite sur FRANCE 24<\/a><\/p>\n<p>Lire aussi:<br \/><a href=\"https:\/\/www.france24.com\/fr\/europe\/20250404-c-est-l-heure-du-changement-en-serbie-les-%C3%A9tudiants-leaders-de-la-lutte-anti-corruption\" rel=\"nofollow noopener\" target=\"_blank\" data-ylk=\"slk:&quot;C&#039;est l&#039;heure du changement&quot; : en Serbie, les \u00e9tudiants leaders de la lutte anti-corruption;elm:context_link;itc:0;sec:content-canvas\" class=\"link \">\u00ab\u00a0C&rsquo;est l&rsquo;heure du changement\u00a0\u00bb : en Serbie, les \u00e9tudiants leaders de la lutte anti-corruption<\/a><br \/><a href=\"https:\/\/www.france24.com\/fr\/info-en-continu\/20250315-la-serbie-retient-son-souffle-avant-une-manifestation-sous-haute-tension\" rel=\"nofollow noopener\" target=\"_blank\" data-ylk=\"slk:En Serbie, plus de 100 000 personnes manifestent \u00e0 Belgrade contre la corruption;elm:context_link;itc:0;sec:content-canvas\" class=\"link \">En Serbie, plus de 100 000 personnes manifestent \u00e0 Belgrade contre la corruption<\/a><br \/><a href=\"https:\/\/www.france24.com\/fr\/europe\/20250311-serbie-manifestants-anti-corruption-bloquent-locaux-radio-t%C3%A9l%C3%A9vision-nationale-rts-manifestation-echauffourees-belgrade\" rel=\"nofollow noopener\" target=\"_blank\" data-ylk=\"slk:En Serbie, des manifestants anticorruption bloquent la radio-t\u00e9l\u00e9vision nationale;elm:context_link;itc:0;sec:content-canvas\" class=\"link \">En Serbie, des manifestants anticorruption bloquent la radio-t\u00e9l\u00e9vision nationale<\/a><\/p>\n","protected":false},"excerpt":{"rendered":"Des dizaines d&rsquo;\u00e9tudiants serbes ont quitt\u00e9 la ville de Novi Sad \u00e0 v\u00e9lo jeudi, sous la pluie et&hellip;\n","protected":false},"author":2,"featured_media":5539,"comment_status":"","ping_status":"","sticky":false,"template":"","format":"standard","meta":{"footnotes":""},"categories":[2820],"tags":[1111,11,1770,1777,674,1011,27,775,3330,12,3328,25,3329,640],"class_list":{"0":"post-5538","1":"post","2":"type-post","3":"status-publish","4":"format-standard","5":"has-post-thumbnail","7":"category-strasbourg","8":"tag-actu","9":"tag-actualites","10":"tag-corruption","11":"tag-eu","12":"tag-europe","13":"tag-fr","14":"tag-france","15":"tag-grand-est","16":"tag-mouvement-de-contestation","17":"tag-news","18":"tag-novi-sad","19":"tag-republique-francaise","20":"tag-serbie","21":"tag-strasbourg"},"share_on_mastodon":{"url":"https:\/\/pubeurope.com\/@fr\/114291588984088516","error":""},"_links":{"self":[{"href":"https:\/\/www.europesays.com\/fr\/wp-json\/wp\/v2\/posts\/5538","targetHints":{"allow":["GET"]}}],"collection":[{"href":"https:\/\/www.europesays.com\/fr\/wp-json\/wp\/v2\/posts"}],"about":[{"href":"https:\/\/www.europesays.com\/fr\/wp-json\/wp\/v2\/types\/post"}],"author":[{"embeddable":true,"href":"https:\/\/www.europesays.com\/fr\/wp-json\/wp\/v2\/users\/2"}],"replies":[{"embeddable":true,"href":"https:\/\/www.europesays.com\/fr\/wp-json\/wp\/v2\/comments?post=5538"}],"version-history":[{"count":0,"href":"https:\/\/www.europesays.com\/fr\/wp-json\/wp\/v2\/posts\/5538\/revisions"}],"wp:featuredmedia":[{"embeddable":true,"href":"https:\/\/www.europesays.com\/fr\/wp-json\/wp\/v2\/media\/5539"}],"wp:attachment":[{"href":"https:\/\/www.europesays.com\/fr\/wp-json\/wp\/v2\/media?parent=5538"}],"wp:term":[{"taxonomy":"category","embeddable":true,"href":"https:\/\/www.europesays.com\/fr\/wp-json\/wp\/v2\/categories?post=5538"},{"taxonomy":"post_tag","embeddable":true,"href":"https:\/\/www.europesays.com\/fr\/wp-json\/wp\/v2\/tags?post=5538"}],"curies":[{"name":"wp","href":"https:\/\/api.w.org\/{rel}","templated":true}]}}