{"id":553801,"date":"2025-11-23T17:39:18","date_gmt":"2025-11-23T17:39:18","guid":{"rendered":"https:\/\/www.europesays.com\/fr\/553801\/"},"modified":"2025-11-23T17:39:18","modified_gmt":"2025-11-23T17:39:18","slug":"moulin-rose-intervention-du-raid-t5-voici-les-infos-de-la-semaine-a-rouen","status":"publish","type":"post","link":"https:\/\/www.europesays.com\/fr\/553801\/","title":{"rendered":"Moulin Rose, intervention du Raid, T5&#8230; Voici les infos de la semaine \u00e0 Rouen"},"content":{"rendered":"<p>                    Par<br \/>\n        <strong><br \/>\n            <a href=\"https:\/\/actu.fr\/auteur\/julien-bouteiller\" title=\"Consulter tous les articles de Julien Bouteiller\" rel=\"nofollow noopener\" target=\"_blank\">Julien Bouteiller<\/a><br \/>\n                    <\/strong><\/p>\n<p>        Publi\u00e9 le<\/p>\n<p>            23 nov. 2025 \u00e0 18h02        <\/p>\n<p>Une fois encore, l\u2019actualit\u00e9 a \u00e9t\u00e9 riche ces derniers jours. Si vous n\u2019avez pas pu tout suivre en cette semaine du 17 novembre 2025, <strong>voici les infos \u00e0 retenir \u00e0 Rouen<\/strong>.<\/p>\n<p>Les infos de la semaine \u00e0 Rouen<\/p>\n<p class=\"expresso-item wall-content\"><a title=\"Lire l&#039;article\" href=\"https:\/\/actu.fr\/normandie\/rouen_76540\/la-fin-de-la-greve-des-transports-a-rouen-n-est-pas-pour-tout-de-suite-le-dialogue-est-au-point-mort_63452920.html\" rel=\"nofollow noopener\" target=\"_blank\"><strong>La fin de la gr\u00e8ve des transports \u00e0 Rouen n\u2019est pas pour tout de suite : \u00ab Le dialogue est au point mort \u00bb<\/strong><\/a><br \/>Depuis le 25 octobre 2025, une gr\u00e8ve se poursuit dans les transports \u00e0 Rouen (Seine-Maritime). Le dialogue est rompu entre la CGT et la direction.<\/p>\n<p class=\"expresso-item wall-content\"><a title=\"Lire l&#039;article\" href=\"https:\/\/actu.fr\/normandie\/rouen_76540\/de-rouen-a-kiev-un-enlevement-derriere-la-mysterieuse-disparition-d-un-ado-ukrainien_63465885.html\" rel=\"nofollow noopener\" target=\"_blank\"><strong>De Rouen \u00e0 Kiev, un enl\u00e8vement derri\u00e8re la myst\u00e9rieuse disparition d\u2019un ado ukrainien<\/strong><\/a><br \/>Le tribunal de Rouen (Seine-Maritime) a condamn\u00e9 une femme de 47 ans et un homme de 36 ans pour l\u2019enl\u00e8vement d\u2019un adolescent de 15 ans : leur propre fils et beau-fils.<\/p>\n<p class=\"expresso-item wall-content\"><a title=\"Lire l&#039;article\" href=\"https:\/\/actu.fr\/normandie\/rouen_76540\/etudiants-a-rouen-expulses-par-le-crous-un-quotidien-a-se-demander-ou-vous-allez-vivre-demain_63430630.html\" rel=\"nofollow noopener\" target=\"_blank\"><strong>\u00c9tudiants \u00e0 Rouen, expuls\u00e9s par le Crous : un quotidien \u00e0 \u00ab\u00a0se demander o\u00f9 vous allez vivre demain \u00bb<\/strong><\/a><br \/>En ao\u00fbt dernier, Arda et Anil, deux \u00e9tudiants Erasmus, ont \u00e9t\u00e9 expuls\u00e9s de leur chambre Crous. Sans domicile fixe pendant deux mois, ils nous racontent leur combat.<\/p>\n<p class=\"expresso-item wall-content\"><a title=\"Lire l&#039;article\" href=\"https:\/\/actu.fr\/normandie\/belbeuf_76069\/incendie-du-moulin-rose-a-belbeuf-un-homme-interpelle-a-reconnu-les-faits_63465154.html\" rel=\"nofollow noopener\" target=\"_blank\"><strong>Incendie du Moulin Rose \u00e0 Belbeuf : un homme interpell\u00e9 a reconnu les faits<\/strong><\/a><br \/>Dans la nuit du lundi 15 au mardi 16 septembre, le Moulin Rose \u00e0 Belbeuf a \u00e9t\u00e9 ravag\u00e9 par un incendie criminel. Le 18 novembre, un homme a \u00e9t\u00e9 interpell\u00e9 et a reconnu les faits.<\/p>\n<p class=\"expresso-item wall-content\"><a title=\"Lire l&#039;article\" href=\"https:\/\/actu.fr\/normandie\/canteleu_76157\/le-raid-intervient-a-canteleu-les-habitants-reagissent-ca-fait-peur-de-voir-tous-ces-policiers_63457041.html\" rel=\"nofollow noopener\" target=\"_blank\"><strong>Le Raid intervient \u00e0 Canteleu, les habitants r\u00e9agissent : \u00ab \u00c7a fait peur de voir tous ces policiers \u00bb<\/strong><\/a><br \/>Une intervention polici\u00e8re d\u2019envergure a eu lieu le mercredi 19 novembre 2025 \u00e0 Canteleu (Seine-Maritime), pr\u00e8s de Rouen. Des habitants t\u00e9moignent.<\/p>\n<p>Bon \u00e0 savoir \u00e0 Rouen<\/p>\n<p class=\"expresso-item wall-content\"><a title=\"Lire l&#039;article\" href=\"https:\/\/actu.fr\/normandie\/rouen_76540\/la-ligne-de-teor-t5-arrive-a-rouen-voici-tout-ce-qu-il-faut-savoir_63448027.html\" rel=\"nofollow noopener\" target=\"_blank\"><strong>La ligne de Teor T5 arrive \u00e0 Rouen : voici tout ce qu\u2019il faut savoir !<\/strong><\/a><br \/>Une nouvelle ligne de Teor, la T5, va \u00eatre lanc\u00e9e fin novembre 2025 \u00e0 Rouen. Voici toutes les infos pratiques sur ce nouveau bus.<\/p>\n<p class=\"expresso-item wall-content\"><a title=\"Lire l&#039;article\" href=\"https:\/\/actu.fr\/normandie\/rouen_76540\/patinoire-ephemere-grande-parade-illuminations-le-programme-des-animations-de-noel-a-rouen_63473134.html\" rel=\"nofollow noopener\" target=\"_blank\"><strong>Patinoire \u00e9ph\u00e9m\u00e8re, grande parade, illuminations\u2026 Le programme des animations de No\u00ebl \u00e0 Rouen<\/strong><\/a><br \/>De nombreuses animations seront propos\u00e9es entre novembre et d\u00e9cembre 2025 \u00e0 Rouen pour les f\u00eates de fin d\u2019ann\u00e9e. On fait le point sur le programme.<\/p>\n<p class=\"expresso-item wall-content\"><a title=\"Lire l&#039;article\" href=\"https:\/\/actu.fr\/normandie\/rouen_76540\/rouen-une-bretelle-de-l-a150-va-etre-fermee-plusieurs-jours-une-deviation-mise-en-place_63471295.html\" rel=\"nofollow noopener\" target=\"_blank\"><strong>Rouen. Une bretelle de l\u2019A150 va \u00eatre ferm\u00e9e plusieurs jours : une d\u00e9viation mise en place<\/strong><\/a><br \/>Pendant plusieurs jours entre la fin novembre et le d\u00e9but d\u00e9cembre 2025, la bretelle de Canteleu sur l\u2019A150 sera ferm\u00e9e en raison de travaux. Pr\u00e9cisions.<\/p>\n<p class=\"expresso-item wall-content\"><a title=\"Lire l&#039;article\" href=\"https:\/\/actu.fr\/normandie\/rouen_76540\/dans-ces-dechetteries-de-l-agglo-de-rouen-vous-pouvez-deposer-vos-objets-reutilisables-plutot-que-les-jeter_63463378.html\" rel=\"nofollow noopener\" target=\"_blank\"><strong>Dans ces d\u00e9chetteries de l\u2019agglo de Rouen, vous pouvez d\u00e9poser vos objets r\u00e9utilisables plut\u00f4t que les jeter<\/strong><\/a><br \/>Depuis novembre 2025, vous pouvez d\u00e9poser des objets r\u00e9utilisables dans sept d\u00e9chetteries de l\u2019agglom\u00e9ration de Rouen. Ils auront une deuxi\u00e8me vie.<\/p>\n<p>Suivez l\u2019actualit\u00e9 de Rouen <a href=\"https:\/\/www.whatsapp.com\/channel\/0029VaKfnf99hXF2ddApFB1D\" rel=\"nofollow noopener\" target=\"_blank\">sur notre cha\u00eene WhatsApp<\/a> et <a href=\"https:\/\/www.tiktok.com\/@76actu.fr?lang=fr\" rel=\"nofollow noopener\" target=\"_blank\">sur notre compte TikTok<\/a><\/p>\n<p class=\" wall-content\">Personnalisez votre actualit\u00e9 en ajoutant vos villes et m\u00e9dias en favori avec <a href=\"https:\/\/moncompte.actu.fr\" title=\"D\u00e9couvez Mon Actu\" rel=\"nofollow noopener\" data-trk=\"{&quot;cta&quot;:{&quot;action&quot;:&quot;https:\\\/\\\/moncompte.actu.fr&quot;,&quot;category&quot;:&quot;mon compte&quot;,&quot;from&quot;:&quot;article footer&quot;,&quot;name&quot;:&quot;Mon actu&quot;,&quot;type&quot;:&quot;cta&quot;}}\" target=\"_blank\">Mon Actu<\/a>.<\/p>\n<p>                    <script async src=\"\/\/www.tiktok.com\/embed.js\"><\/script><\/p>\n","protected":false},"excerpt":{"rendered":"Par Julien Bouteiller Publi\u00e9 le 23 nov. 2025 \u00e0 18h02 Une fois encore, l\u2019actualit\u00e9 a \u00e9t\u00e9 riche ces&hellip;\n","protected":false},"author":2,"featured_media":553802,"comment_status":"","ping_status":"","sticky":false,"template":"","format":"standard","meta":{"footnotes":""},"categories":[9587],"tags":[1111,11,9086,1777,674,1011,27,1310,12,5161,25,9590,104,2803],"class_list":{"0":"post-553801","1":"post","2":"type-post","3":"status-publish","4":"format-standard","5":"has-post-thumbnail","7":"category-rouen","8":"tag-actu","9":"tag-actualites","10":"tag-bon-plan-a-rouen","11":"tag-eu","12":"tag-europe","13":"tag-fr","14":"tag-france","15":"tag-incendie","16":"tag-news","17":"tag-normandie","18":"tag-republique-francaise","19":"tag-rouen","20":"tag-societe","21":"tag-transport"},"share_on_mastodon":{"url":"https:\/\/pubeurope.com\/@fr\/115600239069739408","error":""},"_links":{"self":[{"href":"https:\/\/www.europesays.com\/fr\/wp-json\/wp\/v2\/posts\/553801","targetHints":{"allow":["GET"]}}],"collection":[{"href":"https:\/\/www.europesays.com\/fr\/wp-json\/wp\/v2\/posts"}],"about":[{"href":"https:\/\/www.europesays.com\/fr\/wp-json\/wp\/v2\/types\/post"}],"author":[{"embeddable":true,"href":"https:\/\/www.europesays.com\/fr\/wp-json\/wp\/v2\/users\/2"}],"replies":[{"embeddable":true,"href":"https:\/\/www.europesays.com\/fr\/wp-json\/wp\/v2\/comments?post=553801"}],"version-history":[{"count":0,"href":"https:\/\/www.europesays.com\/fr\/wp-json\/wp\/v2\/posts\/553801\/revisions"}],"wp:featuredmedia":[{"embeddable":true,"href":"https:\/\/www.europesays.com\/fr\/wp-json\/wp\/v2\/media\/553802"}],"wp:attachment":[{"href":"https:\/\/www.europesays.com\/fr\/wp-json\/wp\/v2\/media?parent=553801"}],"wp:term":[{"taxonomy":"category","embeddable":true,"href":"https:\/\/www.europesays.com\/fr\/wp-json\/wp\/v2\/categories?post=553801"},{"taxonomy":"post_tag","embeddable":true,"href":"https:\/\/www.europesays.com\/fr\/wp-json\/wp\/v2\/tags?post=553801"}],"curies":[{"name":"wp","href":"https:\/\/api.w.org\/{rel}","templated":true}]}}