{"id":553803,"date":"2025-11-23T17:42:13","date_gmt":"2025-11-23T17:42:13","guid":{"rendered":"https:\/\/www.europesays.com\/fr\/553803\/"},"modified":"2025-11-23T17:42:13","modified_gmt":"2025-11-23T17:42:13","slug":"en-direct-meurtre-de-zaia-binet-preuves-explications-deroule-des-faits-ce-quil-faut-retenir-de-la-conference-de-presse-du-procureur","status":"publish","type":"post","link":"https:\/\/www.europesays.com\/fr\/553803\/","title":{"rendered":"En direct Meurtre de Za\u00efa Binet. Preuves, explications, d\u00e9roul\u00e9 des faits&#8230; Ce qu&rsquo;il faut retenir de la conf\u00e9rence de presse du procureur"},"content":{"rendered":"<p>Apr\u00e8s le meurtre de Za\u00efa Binet,\u00a0dont le corps a \u00e9t\u00e9 retrouv\u00e9 calcin\u00e9 dans une voiture en feu, mercredi 19 novembre bien avant l&rsquo;aube dans une clairi\u00e8re \u00e0 Saint-Marcel-Bel-Accueil, son compagnon a \u00e9t\u00e9 interpell\u00e9 puis plac\u00e9 en garde \u00e0 vue ce vendredi 21 novembre avant sa mis en examen pour meurtre sur conjointe ce dimanche 23 novembre.<\/p>\n<p>Conform\u00e9ment aux r\u00e9quisitions du minist\u00e8re public, lors du d\u00e9bat du d\u00e9bat devant le juge des libert\u00e9s et de la d\u00e9tention, il a \u00e9t\u00e9 plac\u00e9 en d\u00e9tention provisoire.<\/p>\n","protected":false},"excerpt":{"rendered":"Apr\u00e8s le meurtre de Za\u00efa Binet,\u00a0dont le corps a \u00e9t\u00e9 retrouv\u00e9 calcin\u00e9 dans une voiture en feu, mercredi&hellip;\n","protected":false},"author":2,"featured_media":553804,"comment_status":"","ping_status":"","sticky":false,"template":"","format":"standard","meta":{"footnotes":""},"categories":[9566],"tags":[1111,11,2430,12255,115,112,113,116,111,114,1777,674,274,107,1011,27,329,2731,881,108,12,25,25818],"class_list":{"0":"post-553803","1":"post","2":"type-post","3":"status-publish","4":"format-standard","5":"has-post-thumbnail","7":"category-grenoble","8":"tag-actu","9":"tag-actualites","10":"tag-auvergne-rhone-alpes","11":"tag-direct-actualite","12":"tag-edition-bourgoin-jallieu-nord-dauphine","13":"tag-edition-grenoble-agglomeration","14":"tag-edition-gresivaudan-oisans","15":"tag-edition-la-tour-du-pin-nord-dauphine","16":"tag-edition-vienne-roussillon","17":"tag-edition-voiron-saint-marcellin","18":"tag-eu","19":"tag-europe","20":"tag-faits-divers-justice","21":"tag-fil-info","22":"tag-fr","23":"tag-france","24":"tag-france-monde","25":"tag-grenoble","26":"tag-hautes-alpes","27":"tag-isere","28":"tag-news","29":"tag-republique-francaise","30":"tag-saint-marcel-bel-accueil"},"share_on_mastodon":{"url":"","error":"Validation failed: Text character limit of 500 exceeded"},"_links":{"self":[{"href":"https:\/\/www.europesays.com\/fr\/wp-json\/wp\/v2\/posts\/553803","targetHints":{"allow":["GET"]}}],"collection":[{"href":"https:\/\/www.europesays.com\/fr\/wp-json\/wp\/v2\/posts"}],"about":[{"href":"https:\/\/www.europesays.com\/fr\/wp-json\/wp\/v2\/types\/post"}],"author":[{"embeddable":true,"href":"https:\/\/www.europesays.com\/fr\/wp-json\/wp\/v2\/users\/2"}],"replies":[{"embeddable":true,"href":"https:\/\/www.europesays.com\/fr\/wp-json\/wp\/v2\/comments?post=553803"}],"version-history":[{"count":0,"href":"https:\/\/www.europesays.com\/fr\/wp-json\/wp\/v2\/posts\/553803\/revisions"}],"wp:featuredmedia":[{"embeddable":true,"href":"https:\/\/www.europesays.com\/fr\/wp-json\/wp\/v2\/media\/553804"}],"wp:attachment":[{"href":"https:\/\/www.europesays.com\/fr\/wp-json\/wp\/v2\/media?parent=553803"}],"wp:term":[{"taxonomy":"category","embeddable":true,"href":"https:\/\/www.europesays.com\/fr\/wp-json\/wp\/v2\/categories?post=553803"},{"taxonomy":"post_tag","embeddable":true,"href":"https:\/\/www.europesays.com\/fr\/wp-json\/wp\/v2\/tags?post=553803"}],"curies":[{"name":"wp","href":"https:\/\/api.w.org\/{rel}","templated":true}]}}