{"id":553807,"date":"2025-11-23T17:44:15","date_gmt":"2025-11-23T17:44:15","guid":{"rendered":"https:\/\/www.europesays.com\/fr\/553807\/"},"modified":"2025-11-23T17:44:15","modified_gmt":"2025-11-23T17:44:15","slug":"apres-son-retour-face-a-rennes-paul-pogba-felicite-par-ses-freres-mathias-et-florentin-sport","status":"publish","type":"post","link":"https:\/\/www.europesays.com\/fr\/553807\/","title":{"rendered":"Apr\u00e8s son retour face \u00e0 Rennes, Paul Pogba f\u00e9licit\u00e9 par ses fr\u00e8res Mathias et Florentin . Sport"},"content":{"rendered":"<p><a href=\"https:\/\/www.ouest-france.fr\/sport\/football\/ligue-1\/direct\/direct-stade-rennais-fc-as-monaco-suivez-le-match-de-la-13e-journee-de-ligue-1-en-live-307b7324-cc04-4d22-8dce-8cfe777a133b\" target=\"_blank\" rel=\"noopener\">C\u2019est \u00e0 peu pr\u00e8s la seule \u00e9claircie de la soir\u00e9e mon\u00e9gasque, qui s\u2019est achev\u00e9e par une lourde d\u00e9faite face \u00e0 Rennes (4-1), ce samedi 22\u00a0novembre.<\/a> Apr\u00e8s plus de deux ans sans jouer, en raison d\u2019une suspension pour dopage et des blessures \u00e0 r\u00e9p\u00e9tition, Paul Pogba a fait son grand retour. L\u2019ancien Turinois est entr\u00e9 \u00e0 la 85e et a jou\u00e9 10\u00a0minutes, se montrant plut\u00f4t \u00e0 l\u2019aise techniquement.<\/p>\n<p>Une fratrie r\u00e9unie<\/p>\n<p>Un retour qui a \u00e9mu la plan\u00e8te foot, a commenc\u00e9 par ses anciens co\u00e9quipiers en s\u00e9lection, Kylian Mbapp\u00e9 et Ousmane Demb\u00e9l\u00e9 qui l\u2019ont f\u00e9licit\u00e9 sur les r\u00e9seaux sociaux, et bien d\u2019autres. Ce dimanche 23\u00a0novembre, c\u2019\u00e9tait au tour de ses fr\u00e8res, Florentin et Mathias Pogba, d\u2019applaudir le retour de \u00ab\u00a0La Pioche\u00a0\u00bb. Les deux hommes ont republi\u00e9 des messages de soutien sur leurs comptes Instagram respectifs.<\/p>\n<p><strong>Lire aussi\u00a0:<\/strong> <a href=\"https:\/\/rennes.maville.com\/sport\/detail_-video.-la-coupe-du-monde-2026-ce-serait-un-vrai-bonus-paul-pogba-garde-espoir-apres-son-retour-a-la-competition-_54135-7076124_actu.Htm\" target=\"_blank\" rel=\"noopener\">VID\u00c9O. \u00ab\u00a0La Coupe du monde 2026\u00a0? Ce serait un vrai bonus\u00a0\u00bb\u00a0: Paul Pogba garde espoir apr\u00e8s son retour \u00e0 la comp\u00e9tition<\/a><\/p>\n<p>Un soutien qui peut surprendre tant les fr\u00e8res ont \u00e9t\u00e9 en conflit. Pour rappel, Mathias Pogba avait \u00e9t\u00e9 condamn\u00e9 en d\u00e9cembre\u00a02024 pour la tentative d\u2019extorsion de son fr\u00e8re. Un \u00e9v\u00e8nement qui avait cr\u00e9\u00e9 une r\u00e9elle scission entre les trois fr\u00e8res Pogba qui se sont r\u00e9concili\u00e9s depuis. Fin ao\u00fbt dernier, Paul Pogba avait souhait\u00e9 un joyeux anniversaire \u00e0 ses\u00a0fr\u00e8res jumeaux accompagn\u00e9 du message suivant\u00a0: <strong>\u00ab\u00a0Longue vie \u00e0 mes fr\u00e8res\u00a0\u00bb<\/strong>.<\/p>\n<p>\u00a0<\/p>\n","protected":false},"excerpt":{"rendered":"C\u2019est \u00e0 peu pr\u00e8s la seule \u00e9claircie de la soir\u00e9e mon\u00e9gasque, qui s\u2019est achev\u00e9e par une lourde d\u00e9faite&hellip;\n","protected":false},"author":2,"featured_media":553808,"comment_status":"","ping_status":"","sticky":false,"template":"","format":"standard","meta":{"footnotes":""},"categories":[2821],"tags":[1111,11,3809,1465,829,1777,674,63,1011,27,1792,1922,12,584,25,6689,479,517,1470,9693],"class_list":{"0":"post-553807","1":"post","2":"type-post","3":"status-publish","4":"format-standard","5":"has-post-thumbnail","7":"category-rennes","8":"tag-actu","9":"tag-actualites","10":"tag-ball","11":"tag-basket","12":"tag-bretagne","13":"tag-eu","14":"tag-europe","15":"tag-football","16":"tag-fr","17":"tag-france","18":"tag-handball","19":"tag-info","20":"tag-news","21":"tag-rennes","22":"tag-republique-francaise","23":"tag-roche","24":"tag-rugby","25":"tag-sport","26":"tag-volley","27":"tag-yon"},"share_on_mastodon":{"url":"https:\/\/pubeurope.com\/@fr\/115600258873308673","error":""},"_links":{"self":[{"href":"https:\/\/www.europesays.com\/fr\/wp-json\/wp\/v2\/posts\/553807","targetHints":{"allow":["GET"]}}],"collection":[{"href":"https:\/\/www.europesays.com\/fr\/wp-json\/wp\/v2\/posts"}],"about":[{"href":"https:\/\/www.europesays.com\/fr\/wp-json\/wp\/v2\/types\/post"}],"author":[{"embeddable":true,"href":"https:\/\/www.europesays.com\/fr\/wp-json\/wp\/v2\/users\/2"}],"replies":[{"embeddable":true,"href":"https:\/\/www.europesays.com\/fr\/wp-json\/wp\/v2\/comments?post=553807"}],"version-history":[{"count":0,"href":"https:\/\/www.europesays.com\/fr\/wp-json\/wp\/v2\/posts\/553807\/revisions"}],"wp:featuredmedia":[{"embeddable":true,"href":"https:\/\/www.europesays.com\/fr\/wp-json\/wp\/v2\/media\/553808"}],"wp:attachment":[{"href":"https:\/\/www.europesays.com\/fr\/wp-json\/wp\/v2\/media?parent=553807"}],"wp:term":[{"taxonomy":"category","embeddable":true,"href":"https:\/\/www.europesays.com\/fr\/wp-json\/wp\/v2\/categories?post=553807"},{"taxonomy":"post_tag","embeddable":true,"href":"https:\/\/www.europesays.com\/fr\/wp-json\/wp\/v2\/tags?post=553807"}],"curies":[{"name":"wp","href":"https:\/\/api.w.org\/{rel}","templated":true}]}}