{"id":553809,"date":"2025-11-23T17:45:34","date_gmt":"2025-11-23T17:45:34","guid":{"rendered":"https:\/\/www.europesays.com\/fr\/553809\/"},"modified":"2025-11-23T17:45:34","modified_gmt":"2025-11-23T17:45:34","slug":"la-cedh-valide-definitivement-le-tunnel-de-contournement-de-la-chaux-de-fonds","status":"publish","type":"post","link":"https:\/\/www.europesays.com\/fr\/553809\/","title":{"rendered":"La CEDH valide d\u00e9finitivement le tunnel de contournement de La Chaux-de-Fonds"},"content":{"rendered":"<p>Les oppositions d&rsquo;un groupe de citoyens au tunnel de contournement de La Chaux-de-Fonds ont \u00e9t\u00e9 enterr\u00e9es le 11 septembre dernier \u00e0 Strasbourg. La Cour europ\u00e9enne des droits de l&rsquo;Homme (CEDH) l&rsquo;a indiqu\u00e9 sur son site internet.<\/p>\n<p>Les opposants au tunnel de contournement de la H18, qui avaient d\u00e9pos\u00e9 leur dossier le 24 janvier dernier, sont donc d\u00e9finitivement d\u00e9bout\u00e9s. Leur recours a \u00e9t\u00e9 d\u00e9clar\u00e9 \u00ab\u00a0irrecevable\u00a0\u00bb. Via leur avocat Fr\u00e9d\u00e9ric Hainard, les opposants avaient pr\u00e9alablement \u00e9t\u00e9 d\u00e9bout\u00e9s en septembre 2024 par le Tribunal f\u00e9d\u00e9ral.<\/p>\n<p>Deux arguments \u00e9taient avanc\u00e9s par les opposants: d&rsquo;un c\u00f4t\u00e9, la condamnation de la Suisse par la CEDH pour inaction climatique et, de l&rsquo;autre, le rejet par le peuple helv\u00e9tique de l&rsquo;\u00e9largissement des autoroutes le 24 novembre 2024.<\/p>\n<p>Le tunnel de contournement, d&rsquo;une longueur de 1154 m\u00e8tres, avait \u00e9t\u00e9 pl\u00e9biscit\u00e9 en novembre 2021 en votation cantonale par 77,12% de la population neuch\u00e2teloise. Ce projet vise \u00e0 faire sortir le trafic de transit de la ville de La Chaux-de-Fonds, mais aussi \u00e0 renforcer la qualit\u00e9 de vie et \u00e0 am\u00e9liorer la mobilit\u00e9 douce.<\/p>\n<p>La route H18 relie B\u00e2le \u00e0 La Chaux-de-Fonds sur 82 km.<\/p>\n<p class=\"sources\">ats\/fgn<\/p>\n","protected":false},"excerpt":{"rendered":"Les oppositions d&rsquo;un groupe de citoyens au tunnel de contournement de La Chaux-de-Fonds ont \u00e9t\u00e9 enterr\u00e9es le 11&hellip;\n","protected":false},"author":2,"featured_media":553810,"comment_status":"","ping_status":"","sticky":false,"template":"","format":"standard","meta":{"footnotes":""},"categories":[2820],"tags":[1111,11,24848,1777,674,1011,27,775,1840,1841,12,419,316,67087,25,640,3067,17374],"class_list":{"0":"post-553809","1":"post","2":"type-post","3":"status-publish","4":"format-standard","5":"has-post-thumbnail","7":"category-strasbourg","8":"tag-actu","9":"tag-actualites","10":"tag-cour-europeenne-des-droits-de-lhomme","11":"tag-eu","12":"tag-europe","13":"tag-fr","14":"tag-france","15":"tag-grand-est","16":"tag-la-chaux-de-fonds","17":"tag-neuchatel","18":"tag-news","19":"tag-opposition","20":"tag-politique","21":"tag-pouvoir-judiciaire","22":"tag-republique-francaise","23":"tag-strasbourg","24":"tag-suisse","25":"tag-tunnel"},"share_on_mastodon":{"url":"https:\/\/pubeurope.com\/@fr\/115600262608848898","error":""},"_links":{"self":[{"href":"https:\/\/www.europesays.com\/fr\/wp-json\/wp\/v2\/posts\/553809","targetHints":{"allow":["GET"]}}],"collection":[{"href":"https:\/\/www.europesays.com\/fr\/wp-json\/wp\/v2\/posts"}],"about":[{"href":"https:\/\/www.europesays.com\/fr\/wp-json\/wp\/v2\/types\/post"}],"author":[{"embeddable":true,"href":"https:\/\/www.europesays.com\/fr\/wp-json\/wp\/v2\/users\/2"}],"replies":[{"embeddable":true,"href":"https:\/\/www.europesays.com\/fr\/wp-json\/wp\/v2\/comments?post=553809"}],"version-history":[{"count":0,"href":"https:\/\/www.europesays.com\/fr\/wp-json\/wp\/v2\/posts\/553809\/revisions"}],"wp:featuredmedia":[{"embeddable":true,"href":"https:\/\/www.europesays.com\/fr\/wp-json\/wp\/v2\/media\/553810"}],"wp:attachment":[{"href":"https:\/\/www.europesays.com\/fr\/wp-json\/wp\/v2\/media?parent=553809"}],"wp:term":[{"taxonomy":"category","embeddable":true,"href":"https:\/\/www.europesays.com\/fr\/wp-json\/wp\/v2\/categories?post=553809"},{"taxonomy":"post_tag","embeddable":true,"href":"https:\/\/www.europesays.com\/fr\/wp-json\/wp\/v2\/tags?post=553809"}],"curies":[{"name":"wp","href":"https:\/\/api.w.org\/{rel}","templated":true}]}}