{"id":553822,"date":"2025-11-23T17:57:17","date_gmt":"2025-11-23T17:57:17","guid":{"rendered":"https:\/\/www.europesays.com\/fr\/553822\/"},"modified":"2025-11-23T17:57:17","modified_gmt":"2025-11-23T17:57:17","slug":"fin-des-travaux-au-capitole-a-toulouse","status":"publish","type":"post","link":"https:\/\/www.europesays.com\/fr\/553822\/","title":{"rendered":"Fin des travaux au Capitole \u00e0 Toulouse"},"content":{"rendered":"<p>La mairie de Toulouse annonce la fin des travaux d\u2019ampleur au Capitole. Les derniers \u00e9chafaudages du chantier ext\u00e9rieur ont \u00e9t\u00e9 d\u00e9mont\u00e9s le 20\u00a0novembre 2025. La Mairie de Toulouse a investi 4 millions d\u2019euros pour des restaurations patrimoniales int\u00e9rieures et ext\u00e9rieures, avec un soutien de l\u2019\u00c9tat via la direction r\u00e9gionale des affaires culturelles (Drac), qui subventionne entre 20\u00a0% et 33\u00a0% des travaux selon leur nature.<\/p>\n<p>R\u00e9alis\u00e9e en brique et en pierre, longue de 100 m\u00e8tres, la fa\u00e7ade du Capitole &#8211; con\u00e7ue par l\u2019architecte Guillaume Cammas dans les ann\u00e9es 1750-1760 &#8211; n\u2019avait pas \u00e9t\u00e9 raval\u00e9e depuis 1988. Les travaux ont d\u00e9but\u00e9 en janvier 2020. La restauration a \u00e9t\u00e9 r\u00e9alis\u00e9e par l\u2019Atelier de restauration du patrimoine de la Mairie de Toulouse et par des entreprises sp\u00e9cialis\u00e9es, sous le contr\u00f4le de la Conservation r\u00e9gionale des monuments historiques.<\/p>\n","protected":false},"excerpt":{"rendered":"La mairie de Toulouse annonce la fin des travaux d\u2019ampleur au Capitole. Les derniers \u00e9chafaudages du chantier ext\u00e9rieur&hellip;\n","protected":false},"author":2,"featured_media":373637,"comment_status":"","ping_status":"","sticky":false,"template":"","format":"standard","meta":{"footnotes":""},"categories":[2816],"tags":[1111,11,1477,67088,1777,674,1011,27,12858,12,2680,25,2312],"class_list":{"0":"post-553822","1":"post","2":"type-post","3":"status-publish","4":"format-standard","5":"has-post-thumbnail","7":"category-toulouse","8":"tag-actu","9":"tag-actualites","10":"tag-artisanat","11":"tag-arts-appliques","12":"tag-eu","13":"tag-europe","14":"tag-fr","15":"tag-france","16":"tag-mairie-de-toulouse","17":"tag-news","18":"tag-occitanie","19":"tag-republique-francaise","20":"tag-toulouse"},"share_on_mastodon":{"url":"https:\/\/pubeurope.com\/@fr\/115600309874512976","error":""},"_links":{"self":[{"href":"https:\/\/www.europesays.com\/fr\/wp-json\/wp\/v2\/posts\/553822","targetHints":{"allow":["GET"]}}],"collection":[{"href":"https:\/\/www.europesays.com\/fr\/wp-json\/wp\/v2\/posts"}],"about":[{"href":"https:\/\/www.europesays.com\/fr\/wp-json\/wp\/v2\/types\/post"}],"author":[{"embeddable":true,"href":"https:\/\/www.europesays.com\/fr\/wp-json\/wp\/v2\/users\/2"}],"replies":[{"embeddable":true,"href":"https:\/\/www.europesays.com\/fr\/wp-json\/wp\/v2\/comments?post=553822"}],"version-history":[{"count":0,"href":"https:\/\/www.europesays.com\/fr\/wp-json\/wp\/v2\/posts\/553822\/revisions"}],"wp:featuredmedia":[{"embeddable":true,"href":"https:\/\/www.europesays.com\/fr\/wp-json\/wp\/v2\/media\/373637"}],"wp:attachment":[{"href":"https:\/\/www.europesays.com\/fr\/wp-json\/wp\/v2\/media?parent=553822"}],"wp:term":[{"taxonomy":"category","embeddable":true,"href":"https:\/\/www.europesays.com\/fr\/wp-json\/wp\/v2\/categories?post=553822"},{"taxonomy":"post_tag","embeddable":true,"href":"https:\/\/www.europesays.com\/fr\/wp-json\/wp\/v2\/tags?post=553822"}],"curies":[{"name":"wp","href":"https:\/\/api.w.org\/{rel}","templated":true}]}}