{"id":553829,"date":"2025-11-23T18:02:11","date_gmt":"2025-11-23T18:02:11","guid":{"rendered":"https:\/\/www.europesays.com\/fr\/553829\/"},"modified":"2025-11-23T18:02:11","modified_gmt":"2025-11-23T18:02:11","slug":"contre-le-narcotrafic-et-pour-les-services-publics-fabien-roussel-pcf-veut-faire-payer-les-plus-riches","status":"publish","type":"post","link":"https:\/\/www.europesays.com\/fr\/553829\/","title":{"rendered":"Contre le narcotrafic et pour les services publics, Fabien Roussel (PCF) veut faire payer \u00ab\u00a0les plus riches\u00a0\u00bb"},"content":{"rendered":"<p><a href=\"https:\/\/www.laprovence.com\/article\/faits-divers-justice\/31371873552335\/marche-contre-le-narcotrafic-a-marseille-communion-et-fraternite-lors-de-l-hommage-a-mehdi-kessaci\" target=\"_blank\" rel=\"noopener\">Les mots forts d\u2019Amine Kessaci<\/a> prononc\u00e9s la veille lors de la marche blanche organis\u00e9e en hommage \u00e0 son jeune fr\u00e8re, Mehdi, assassin\u00e9 le 13\u00a0novembre, ont r\u00e9sonn\u00e9 encore ce dimanche, au Parc Chanot. Le drame \u00e9tait en effet dans toutes les t\u00eates et chaque discours prononc\u00e9 lors du meeting de Fabien Roussel, secr\u00e9taire national du Parti communiste fran\u00e7ais, \u00e0 la tribune devant une salle pleine \u00e0 craquer. Samedi, il s\u2019\u00e9tait lui-m\u00eame joint aux nombreux \u00e9lus rassembl\u00e9s au rond-point Claudie d\u2019Arcy\u00a0; ce dimanche, il a \u00ab\u00a0salu\u00e9\u00a0\u00bb le \u00ab\u00a0courage d\u2019Amine\u00a0\u00bb. \u00ab\u00a0Un jeune des quartiers Nord de Marseille vaut la m\u00eame chose qu\u2019un jeune d\u2019une autre ville, nous devons \u00eatre les garants que tous aient les m\u00eames droits, quelle que soit leur origine, leur culture, leur couleur, leur religion\u00a0\u00bb, a-t-il martel\u00e9.\u00a0<\/p>\n<p>\u00ab\u00a0Quand on veut la paix, on pr\u00e9pare la paix\u00a0\u00bb<\/p>\n<p>Mais si la \u00ab\u00a0France est sid\u00e9r\u00e9e, sous le choc\u00a0\u00bb, a attaqu\u00e9 d\u2019embl\u00e9e celui qui est aussi le maire de Saint-Amand les Eaux (Nord), c\u2019est autant en raison de ce drame que <a href=\"https:\/\/www.laprovence.com\/article\/politique\/29583661394414\/perdre-nos-enfants-le-chef-detat-major-des-armees-a-toute-ma-confiance-sa-phrase-a-ete-detournee-dit-macron\" target=\"_blank\" rel=\"noopener\">des mots \u00ab\u00a0gla\u00e7ants\u00a0\u00bb du chef d\u2019\u00e9tat-major des arm\u00e9es<\/a>, Fabien Mandon. Ce dernier a cr\u00e9\u00e9 la pol\u00e9mique en d\u00e9clarant au congr\u00e8s des maires de France qu\u2019il fallait \u00eatre \u00ab\u00a0pr\u00eat \u00e0 accepter de perdre nos enfants\u00a0\u00bb, alors que la Russie se pr\u00e9pare, selon lui, \u00ab\u00a0\u00e0 une confrontation avec nos pays d\u2019ici 2030\u00a0\u00bb.\u00a0Comment accepter, a d\u00e9roul\u00e9 Fabien Roussel, \u00ab\u00a0un pr\u00e9sident qui veut nous pr\u00e9parer \u00e0 la guerre et en m\u00eame temps qu\u2019on nous laisse seuls, ici, face aux bandits et aux truands\u00a0?\u00a0\u00bb, a-t-il poursuivi. \u00ab\u00a0Malheur \u00e0 Paris et Berlin qui nous pr\u00e9sentent la guerre comme in\u00e9vitable [\u2026] Quand on veut la paix, on pr\u00e9pare la paix\u00a0\u00bb, a exhort\u00e9 le leader du PCF. \u00ab\u00a0Nous ne voulons pas de Troisi\u00e8me Guerre mondiale aliment\u00e9e par le nationalisme, les imp\u00e9rialismes et des chefs d\u2019\u00c9tat en mal de notori\u00e9t\u00e9.\u00a0\u00bb<\/p>\n<p>Renforcer les services publics<\/p>\n<p>Si Fabien Roussel a rappel\u00e9 les positions pacifistes de son parti \u2013 les dockers de Fos ont ainsi derni\u00e8rement bloqu\u00e9 le d\u00e9part d\u2019armes vers Isra\u00ebl, comme ils le faisaient d\u00e9j\u00e0 contre la guerre du Vietnam \u2014 il a aussi remis ses priorit\u00e9s \u00e9conomiques au centre : \u00ab\u00a0Nous avons besoin d\u2019une arm\u00e9e, mais nous refusons une \u00e9conomie de guerre\u00a0\u00bb dont les moyens seraient pris \u00ab\u00a0aux travailleurs, \u00e0 la jeunesse, au climat\u00a0\u00bb, a-t-il insist\u00e9. Un peu plus t\u00f4t, c\u2019est aussi J\u00e9r\u00e9my Bacchi, s\u00e9nateur PCF des Bouches-du-Rh\u00f4ne, qui, dans le m\u00eame esprit, avait point\u00e9 \u00ab\u00a0la jambe manquante\u00a0\u00bb selon lui de la loi contre le narcotrafic\u00a0: le renforcement des services publics, de l\u2019accompagnement de la jeunesse, des carences d\u00e9j\u00e0 d\u00e9nonc\u00e9es par Amine Kessaci samedi.<\/p>\n<p>\u00ab\u00a0La demande de justice sociale est tr\u00e8s forte dans la population\u00a0\u00bb, a confirm\u00e9 Virginie Akliouat (FSU-Snuipp), quand Pascal Gal\u00e9ot\u00e9, secr\u00e9taire g\u00e9n\u00e9ral de la CGT Port, en appelait pour sa part au soutien des activit\u00e9s portuaires et industrielles. \u00ab\u00a0Nous voulons un avenir d\u00e9sirable pour notre jeunesse et c\u2019est le parti pris du travail que nous faisons pour elle\u00a0\u00bb, a approuv\u00e9 Fabien Roussel.<\/p>\n<p>Face aux budgets d\u2019aust\u00e9rit\u00e9, il a pr\u00e9conis\u00e9, \u00ab\u00a0au contraire d\u2019investir\u00a0\u00bb, massivement, pour r\u00e9duire la fracture sociale, faire face aux enjeux multiples du r\u00e9chauffement climatique comme \u00e0 ceux de la criminalit\u00e9 organis\u00e9e\u00a0: le secr\u00e9taire national du Parti communiste r\u00e9clame ainsi des moyens pour les h\u00f4pitaux, les \u00e9coles, l\u2019industrie et \u00ab\u00a02,5\u00a0milliards d\u2019euros par an pour embaucher 60\u00a0000 gardiens de la paix, douaniers, magistrats\u00a0\u00bb. Car l\u2019argent \u00ab\u00a0existe, il est dans la poche des 500 plus riches. \u00c0 leur tour de payer\u00a0\u00bb, a tacl\u00e9 Fabien Roussel. Avant de se s\u00e9parer sur une Marseillaise reprise par l\u2019assembl\u00e9e, il a appel\u00e9 \u00e0 participer \u00e0 la journ\u00e9e de mobilisation syndicale du 2\u00a0d\u00e9cembre pour \u00ab\u00a0<a href=\"https:\/\/www.cgt.fr\/actualites\/france\/budget-mobilisation\/le-2-decembre-toutes-mobilisees-pour-un-budget-de-progres-social\" target=\"_blank\" rel=\"noopener\">un budget de progr\u00e8s social<\/a>\u00ab\u00a0.<\/p>\n","protected":false},"excerpt":{"rendered":"Les mots forts d\u2019Amine Kessaci prononc\u00e9s la veille lors de la marche blanche organis\u00e9e en hommage \u00e0 son&hellip;\n","protected":false},"author":2,"featured_media":553830,"comment_status":"","ping_status":"","sticky":false,"template":"","format":"standard","meta":{"footnotes":""},"categories":[2814],"tags":[17,1111,11,1777,674,55664,1011,27,1146,884,15412,8721,12,316,882,25,55665,33762],"class_list":{"0":"post-553829","1":"post","2":"type-post","3":"status-publish","4":"format-standard","5":"has-post-thumbnail","7":"category-marseille","8":"tag-17","9":"tag-actu","10":"tag-actualites","11":"tag-eu","12":"tag-europe","13":"tag-fabien","14":"tag-fr","15":"tag-france","16":"tag-guerre","17":"tag-marseille","18":"tag-mondiale","19":"tag-narcotrafic","20":"tag-news","21":"tag-politique","22":"tag-provence-alpes-cote-dazur","23":"tag-republique-francaise","24":"tag-roussel","25":"tag-troisieme"},"share_on_mastodon":{"url":"https:\/\/pubeurope.com\/@fr\/115600329544057419","error":""},"_links":{"self":[{"href":"https:\/\/www.europesays.com\/fr\/wp-json\/wp\/v2\/posts\/553829","targetHints":{"allow":["GET"]}}],"collection":[{"href":"https:\/\/www.europesays.com\/fr\/wp-json\/wp\/v2\/posts"}],"about":[{"href":"https:\/\/www.europesays.com\/fr\/wp-json\/wp\/v2\/types\/post"}],"author":[{"embeddable":true,"href":"https:\/\/www.europesays.com\/fr\/wp-json\/wp\/v2\/users\/2"}],"replies":[{"embeddable":true,"href":"https:\/\/www.europesays.com\/fr\/wp-json\/wp\/v2\/comments?post=553829"}],"version-history":[{"count":0,"href":"https:\/\/www.europesays.com\/fr\/wp-json\/wp\/v2\/posts\/553829\/revisions"}],"wp:featuredmedia":[{"embeddable":true,"href":"https:\/\/www.europesays.com\/fr\/wp-json\/wp\/v2\/media\/553830"}],"wp:attachment":[{"href":"https:\/\/www.europesays.com\/fr\/wp-json\/wp\/v2\/media?parent=553829"}],"wp:term":[{"taxonomy":"category","embeddable":true,"href":"https:\/\/www.europesays.com\/fr\/wp-json\/wp\/v2\/categories?post=553829"},{"taxonomy":"post_tag","embeddable":true,"href":"https:\/\/www.europesays.com\/fr\/wp-json\/wp\/v2\/tags?post=553829"}],"curies":[{"name":"wp","href":"https:\/\/api.w.org\/{rel}","templated":true}]}}