{"id":55383,"date":"2025-04-26T22:03:11","date_gmt":"2025-04-26T22:03:11","guid":{"rendered":"https:\/\/www.europesays.com\/fr\/55383\/"},"modified":"2025-04-26T22:03:11","modified_gmt":"2025-04-26T22:03:11","slug":"voici-un-recent-smartphone-bien-equipe-amoled-120-hz-ip69-charge-45w-en-promo-a-moins-de-300-e","status":"publish","type":"post","link":"https:\/\/www.europesays.com\/fr\/55383\/","title":{"rendered":"voici un r\u00e9cent smartphone bien \u00e9quip\u00e9 (Amoled 120 Hz, IP69, charge 45W) en promo \u00e0 moins de 300 \u20ac"},"content":{"rendered":"<p>Le Realme 14T, qui vient d\u2019\u00eatre lanc\u00e9 en France, est un smartphone milieu de gamme qui est pourtant bien \u00e9quip\u00e9. Et son rapport qualit\u00e9-prix s\u2019am\u00e9liore encore plus gr\u00e2ce \u00e0 Carrefour qui l\u2019affiche \u00e0 259,99 euros au lieu de 299,99 euros.<\/p>\n<p><a href=\"https:\/\/images.frandroid.com\/wp-content\/uploads\/2025\/04\/realme-14t.jpg\" target=\"_blank\" class=\"article-content__figure\" rel=\"noopener\"><img fetchpriority=\"high\" decoding=\"async\" loading=\"eager\" width=\"1200\" height=\"655\" src=\"https:\/\/www.europesays.com\/fr\/wp-content\/uploads\/2025\/04\/realme-14t-1200x655-1.jpg\" alt=\"\" class=\"wp-image-2594987 wp-image wp-image\"  \/><\/a>Le Realme 14T 5G. \/\/ Source : Realme<\/p>\n<p>Concurrente de <a href=\"https:\/\/www.frandroid.com\/guide-dachat\/487395_quels-smartphones-xiaomi-acheter-en-2018-la-selection-de-frandroid\" target=\"_blank\" rel=\"noopener\">Xiaomi<\/a>, la marque Realme propose, elle aussi, un catalogue de smartphones abordables avec de belles configurations. R\u00e9cemment, c\u2019est le Realme 14T qui a rejoint sa gamme. Et le moins que l\u2019on puisse dire, c\u2019est que le fabricant chinois n\u2019a pas n\u00e9glig\u00e9 sa fiche technique : grand \u00e9cran Amoled, r\u00e9sistance IP69, charge rapide, IA pour aider en photo\u2026 Bref, un smartphone prometteur, que l\u2019on trouve en ce moment \u00e0 <a href=\"https:\/\/shop.frandroid.com\/3dvtld26\" target=\"_blank\" rel=\"noreferrer noopener affiliate nofollow\" data-gtm=\"{&quot;event&quot;:&quot;afficlic&quot;,&quot;nom_marchand&quot;:&quot;carrefour&quot;,&quot;nom_produit&quot;:&quot;inconnu&quot;,&quot;categorie_produit&quot;:&quot;inconnu&quot;,&quot;module_produit&quot;:&quot;editolink&quot;,&quot;position_marchand&quot;:0,&quot;texte&quot;:&quot;moins-de-300-euros-grace-a-une-promotion&quot;,&quot;offer_url&quot;:&quot;https:\/\/shop.frandroid.com\/3dvtld26&quot;,&quot;zone&quot;:&quot;contenu-page&quot;}\">moins de 300 euros gr\u00e2ce \u00e0 une promotion<\/a>.<\/p>\n<p>Ce qu\u2019il faut savoir sur le Realme 14T<\/p>\n<ul class=\"wp-block-list\">\n<li>Une dalle Amoled FHD+ rafra\u00eechie \u00e0 120 Hz<\/li>\n<li>Une puce Dimensity 6300<\/li>\n<li>Une batterie de 6 000 mAh et une charge de 45W<\/li>\n<\/ul>\n<p>Initialement affich\u00e9 \u00e0 299,99 euros, le Realme 14T 5G est <a href=\"https:\/\/shop.frandroid.com\/3dvtld26\" target=\"_blank\" rel=\"noreferrer noopener affiliate nofollow\" data-gtm=\"{&quot;event&quot;:&quot;afficlic&quot;,&quot;nom_marchand&quot;:&quot;carrefour&quot;,&quot;nom_produit&quot;:&quot;inconnu&quot;,&quot;categorie_produit&quot;:&quot;inconnu&quot;,&quot;module_produit&quot;:&quot;editolink&quot;,&quot;position_marchand&quot;:0,&quot;texte&quot;:&quot;aujourd-hui-propose-a-259-99-euros-chez-carrefour&quot;,&quot;offer_url&quot;:&quot;https:\/\/shop.frandroid.com\/3dvtld26&quot;,&quot;zone&quot;:&quot;contenu-page&quot;}\">aujourd\u2019hui propos\u00e9 \u00e0 259,99 euros chez Carrefour<\/a>.<\/p>\n<p>Un smartphone fin avec un \u00e9cran bien lumineux<\/p>\n<p>Ce nouveau Realme 14T est tout d\u2019abord un smartphone tr\u00e8s \u00e9l\u00e9gant avec ses tranches plates, sa finesse (7,97 mm d\u2019\u00e9paisseur) ou encore son dos illustr\u00e9 de vagues d\u00e9licates, la marque ayant voulu lui donner un effet satin. Le smartphone n\u2019est toutefois pas seulement joli, il est aussi bien r\u00e9sistant. Realme assure que son mod\u00e8le a pass\u00e9 tous les tests pour m\u00e9riter la certification IP69. Le 14T devrait donc pouvoir r\u00e9sister \u00e0 une pluie battante. <\/p>\n<p>C\u00f4t\u00e9 \u00e9cran, on a ici droit \u00e0 une dalle Amoled FHD+ (2 400 x 1 080 pixels) de 6,67 pouces, qui ne manque pas d\u2019atouts. D\u00e9j\u00e0, concernant sa luminosit\u00e9, elle peut, selon la marque, atteindre un pic \u00e0  2 100 nits, ce qui est assez rare. L\u2019\u00e9cran couvre par ailleurs 111 % du spectre DCI-P3, soit la promesse d\u2019une palette de couleurs affich\u00e9es tr\u00e8s \u00e9tendue. Cerise sur le g\u00e2teau, la dalle est rafra\u00eechie \u00e0 120 Hz, ce qui augure d\u2019une fluidit\u00e9 exemplaire. C\u00f4t\u00e9 interface, c\u2019est Realme UI 6.0, bas\u00e9 sur <a href=\"https:\/\/www.frandroid.com\/android\/mises-a-jour-android\/1981546_mise-a-jour-android-15-smartphones-compatibles-nouveautes-dates-tout-ce-que-lon-sait\" target=\"_blank\" rel=\"noopener\">Android 15<\/a>, qui est en place ; un syst\u00e8me qui offre notamment une multitude d\u2019outils IA pour le quotidien.<\/p>\n<p>De l\u2019IA pour optimiser chaque photo<\/p>\n<p>C\u00f4t\u00e9 performances, le Realme 14T est par ailleurs anim\u00e9 par une puce MediaTek Dimensity 6 300, qui lui permet d\u2019\u00eatre compatible 5G. Le constructeur promet une belle puissance pour les t\u00e2ches du quotidien, surtout c\u00f4t\u00e9 graphismes. Passons \u00e0 la partie photo : le smartphone embarque un capteur principal de 50 Mpx et, plus \u00e9tonnant, un capteur monochrome capable de photographier uniquement en noir et blanc. Notons surtout la pr\u00e9sence de l\u2019intelligence artificielle, qui permet d\u2019optimiser le rendu de chaque clich\u00e9 : le Realme 14T peut par exemple rendre une photo floue bien plus nette ou encore supprimer des \u00e9l\u00e9ments ind\u00e9sirables gr\u00e2ce \u00e0 une gomme magique.<\/p>\n<p>Enfin, pour ce qui est de l\u2019autonomie de la b\u00eate, celle-ci renferme une batterie de 6 000 mAh, gr\u00e2ce \u00e0 laquelle le smartphone peut, en th\u00e9orie, offrir 17 heures de visionnage de vid\u00e9os YouTube. Mention sp\u00e9ciale pour la <a href=\"https:\/\/www.frandroid.com\/comment-faire\/comment-fonctionne-la-technologie\/279495_quick-charge-fast-charge-vooc-comparatif-des-solutions-de-rechargement-rapide\" target=\"_blank\" rel=\"noopener\">charge rapide<\/a> \u00e0 45 W : Realme indique qu\u2019en 5 minutes de charge, le smartphone aura suffisamment de batterie pour nous permettre de passer des appels pendant 4\u00a0h.<\/p>\n<p>Si vous souhaitez d\u00e9couvrir d\u2019autres mod\u00e8les de la marque, nous vous invitons d\u00e8s maintenant \u00e0 consulter <a href=\"https:\/\/www.frandroid.com\/guide-dachat\/smartphones\/720470_meilleur-smartphone-realme-choisir\" target=\"_blank\" rel=\"noopener\">notre guide des meilleurs smartphones Realme du moment<\/a>.<\/p>\n<p><strong><a href=\"https:\/\/www.twitch.tv\/frandroidlive\" target=\"_blank\" rel=\"noopener\">Notre \u00e9mission Twitch SURVOLT\u00c9S<\/a><\/strong>, c\u2019est un mercredi sur deux de 18h \u00e0 20h : retrouvez-nous pour parler voiture \u00e9lectrique ou v\u00e9lo \u00e9lectrique, autour de d\u00e9bats, d\u2019interviews, d\u2019analyses et de jeux !<\/p>\n","protected":false},"excerpt":{"rendered":"Le Realme 14T, qui vient d\u2019\u00eatre lanc\u00e9 en France, est un smartphone milieu de gamme qui est pourtant&hellip;\n","protected":false},"author":2,"featured_media":55384,"comment_status":"","ping_status":"","sticky":false,"template":"","format":"standard","meta":{"footnotes":""},"categories":[7],"tags":[1044,1011,27,43,40,41,39,42,44],"class_list":{"0":"post-55383","1":"post","2":"type-post","3":"status-publish","4":"format-standard","5":"has-post-thumbnail","7":"category-sciences-et-technologies","8":"tag-bons-plans-carrefour","9":"tag-fr","10":"tag-france","11":"tag-science","12":"tag-science-and-technology","13":"tag-sciences","14":"tag-sciences-et-technologies","15":"tag-technologies","16":"tag-technology"},"share_on_mastodon":{"url":"https:\/\/pubeurope.com\/@fr\/114406529771043560","error":""},"_links":{"self":[{"href":"https:\/\/www.europesays.com\/fr\/wp-json\/wp\/v2\/posts\/55383","targetHints":{"allow":["GET"]}}],"collection":[{"href":"https:\/\/www.europesays.com\/fr\/wp-json\/wp\/v2\/posts"}],"about":[{"href":"https:\/\/www.europesays.com\/fr\/wp-json\/wp\/v2\/types\/post"}],"author":[{"embeddable":true,"href":"https:\/\/www.europesays.com\/fr\/wp-json\/wp\/v2\/users\/2"}],"replies":[{"embeddable":true,"href":"https:\/\/www.europesays.com\/fr\/wp-json\/wp\/v2\/comments?post=55383"}],"version-history":[{"count":0,"href":"https:\/\/www.europesays.com\/fr\/wp-json\/wp\/v2\/posts\/55383\/revisions"}],"wp:featuredmedia":[{"embeddable":true,"href":"https:\/\/www.europesays.com\/fr\/wp-json\/wp\/v2\/media\/55384"}],"wp:attachment":[{"href":"https:\/\/www.europesays.com\/fr\/wp-json\/wp\/v2\/media?parent=55383"}],"wp:term":[{"taxonomy":"category","embeddable":true,"href":"https:\/\/www.europesays.com\/fr\/wp-json\/wp\/v2\/categories?post=55383"},{"taxonomy":"post_tag","embeddable":true,"href":"https:\/\/www.europesays.com\/fr\/wp-json\/wp\/v2\/tags?post=55383"}],"curies":[{"name":"wp","href":"https:\/\/api.w.org\/{rel}","templated":true}]}}