{"id":553831,"date":"2025-11-23T18:03:12","date_gmt":"2025-11-23T18:03:12","guid":{"rendered":"https:\/\/www.europesays.com\/fr\/553831\/"},"modified":"2025-11-23T18:03:12","modified_gmt":"2025-11-23T18:03:12","slug":"en-meeting-a-marseille-fabien-roussel-defend-le-parti-pris-du-travail-et-de-la-paix","status":"publish","type":"post","link":"https:\/\/www.europesays.com\/fr\/553831\/","title":{"rendered":"En meeting \u00e0 Marseille, Fabien Roussel d\u00e9fend \u00ab\u00a0le parti pris du travail et de la paix\u00a0\u00bb"},"content":{"rendered":"<p>Marseille (Bouches-du-Rh\u00f4ne), envoy\u00e9 sp\u00e9cial.<\/p>\n<p>L\u2019optimisme doit surmonter l\u2019inqui\u00e9tude. L\u2019actualit\u00e9, la triste actualit\u00e9, s\u2019est invit\u00e9e ce dimanche \u00e0 Marseille au meeting de Fabien Roussel, au lendemain de la <a href=\"https:\/\/www.humanite.fr\/politique\/drogue\/a-marseille-hommage-a-mehdi-oui-a-legalite-non-a-la-criminalite\" target=\"_blank\" rel=\"noopener\">marche blanche pour Mehdi Kessaci,<\/a> abattu selon toute vraisemblance par des narcotrafiquants.<\/p>\n<p>\u00ab\u00a0Le peuple fran\u00e7ais est sous le choc. Sous le choc de mots prononc\u00e9s par le chef d\u2019\u00c9tat-major des arm\u00e9es, des mots qui glacent le sang et qui tiennent en une phrase\u00a0: \u00ab\u00a0Vous devez \u00eatre pr\u00eats \u00e0 perdre vos enfants.\u00a0\u00bb Sous le choc aussi d\u2019un meurtre et du sang qui a coul\u00e9 ici \u00e0 Marseille, dans un combat in\u00e9gal entre des trafiquants de drogue et une jeunesse qui aspire \u00e0 vivre libre et heureuse\u00a0\u00bb, a commenc\u00e9, d\u2019un ton grave,&#8230;<\/p>\n","protected":false},"excerpt":{"rendered":"Marseille (Bouches-du-Rh\u00f4ne), envoy\u00e9 sp\u00e9cial. L\u2019optimisme doit surmonter l\u2019inqui\u00e9tude. L\u2019actualit\u00e9, la triste actualit\u00e9, s\u2019est invit\u00e9e ce dimanche \u00e0 Marseille&hellip;\n","protected":false},"author":2,"featured_media":553832,"comment_status":"","ping_status":"","sticky":false,"template":"","format":"standard","meta":{"footnotes":""},"categories":[2814],"tags":[1111,11,1777,674,1011,27,884,12,4731,882,25],"class_list":{"0":"post-553831","1":"post","2":"type-post","3":"status-publish","4":"format-standard","5":"has-post-thumbnail","7":"category-marseille","8":"tag-actu","9":"tag-actualites","10":"tag-eu","11":"tag-europe","12":"tag-fr","13":"tag-france","14":"tag-marseille","15":"tag-news","16":"tag-pcf-parti-communiste-franu00e7ais","17":"tag-provence-alpes-cote-dazur","18":"tag-republique-francaise"},"share_on_mastodon":{"url":"https:\/\/pubeurope.com\/@fr\/115600333451135648","error":""},"_links":{"self":[{"href":"https:\/\/www.europesays.com\/fr\/wp-json\/wp\/v2\/posts\/553831","targetHints":{"allow":["GET"]}}],"collection":[{"href":"https:\/\/www.europesays.com\/fr\/wp-json\/wp\/v2\/posts"}],"about":[{"href":"https:\/\/www.europesays.com\/fr\/wp-json\/wp\/v2\/types\/post"}],"author":[{"embeddable":true,"href":"https:\/\/www.europesays.com\/fr\/wp-json\/wp\/v2\/users\/2"}],"replies":[{"embeddable":true,"href":"https:\/\/www.europesays.com\/fr\/wp-json\/wp\/v2\/comments?post=553831"}],"version-history":[{"count":0,"href":"https:\/\/www.europesays.com\/fr\/wp-json\/wp\/v2\/posts\/553831\/revisions"}],"wp:featuredmedia":[{"embeddable":true,"href":"https:\/\/www.europesays.com\/fr\/wp-json\/wp\/v2\/media\/553832"}],"wp:attachment":[{"href":"https:\/\/www.europesays.com\/fr\/wp-json\/wp\/v2\/media?parent=553831"}],"wp:term":[{"taxonomy":"category","embeddable":true,"href":"https:\/\/www.europesays.com\/fr\/wp-json\/wp\/v2\/categories?post=553831"},{"taxonomy":"post_tag","embeddable":true,"href":"https:\/\/www.europesays.com\/fr\/wp-json\/wp\/v2\/tags?post=553831"}],"curies":[{"name":"wp","href":"https:\/\/api.w.org\/{rel}","templated":true}]}}