{"id":553833,"date":"2025-11-23T18:04:10","date_gmt":"2025-11-23T18:04:10","guid":{"rendered":"https:\/\/www.europesays.com\/fr\/553833\/"},"modified":"2025-11-23T18:04:10","modified_gmt":"2025-11-23T18:04:10","slug":"un-vaste-exercice-de-securite-civile-mobilisera-givors-ce-mardi","status":"publish","type":"post","link":"https:\/\/www.europesays.com\/fr\/553833\/","title":{"rendered":"un vaste exercice de s\u00e9curit\u00e9 civile mobilisera Givors ce mardi"},"content":{"rendered":"<p itemprop=\"description\"><strong>La pr\u00e9fecture du Rh\u00f4ne a annonc\u00e9 qu\u2019un important exercice de s\u00e9curit\u00e9 civile se d\u00e9roulera ce mardi \u00e0 Givors.<\/strong><\/p>\n<p>Une op\u00e9ration d\u2019envergure qui mobilisera pendant toute la journ\u00e9e les services de l\u2019\u00c9tat, les collectivit\u00e9s, ainsi que les exploitants industriels SUEZ et Total \u00c9nergies, dont les sites class\u00e9s Seveso \u00ab\u00a0seuil haut\u00a0\u00bb sont implant\u00e9s sur la commune.<\/p>\n<p>L\u2019exercice, bas\u00e9 sur un sc\u00e9nario d\u2019inondation majeure, doit permettre de tester les capacit\u00e9s d\u2019intervention en conditions quasi r\u00e9elles face \u00e0 un risque technologique. Les autorit\u00e9s rappellent que ces simulations r\u00e9guli\u00e8res sont essentielles pour garantir une r\u00e9ponse rapide et coordonn\u00e9e en cas d\u2019accident industriel ou de catastrophe naturelle.<\/p>\n<p><strong>Un test du dispositif FR-Alert dans toute la zone<\/strong><\/p>\n<p>Au c\u0153ur de l\u2019op\u00e9ration, le syst\u00e8me FR-Alert sera mis \u00e0 l\u2019\u00e9preuve. Les habitants de Givors, mais aussi les automobilistes circulant sur l\u2019A7 ainsi que les usagers de la SNCF traversant le secteur, recevront une notification d\u2019alerte accompagn\u00e9e d\u2019un signal sonore sp\u00e9cifique. Certaines communes voisines pourraient \u00e9galement \u00eatre touch\u00e9es par la diffusion cellulaire.<\/p>\n<p>La pr\u00e9fecture se veut rassurante : aucune action particuli\u00e8re ne sera demand\u00e9e aux personnes recevant le message, qui comportera clairement la mention \u00ab\u00a0exercice\u00a0\u00bb.<\/p>\n<p>Les sir\u00e8nes du Plan particulier d\u2019intervention (PPI) des exploitants et celles du dispositif communal d\u2019alerte seront aussi activ\u00e9es au cours de la journ\u00e9e. L\u00e0 encore, leur d\u00e9clenchement s\u2019inscrit strictement dans le cadre de l\u2019exercice.<\/p>\n<p>Ce d\u00e9ploiement technique et humain vise avant tout \u00e0 renforcer la pr\u00e9paration face aux risques industriels dans une zone strat\u00e9gique du sud lyonnais. Une mani\u00e8re, selon la pr\u00e9fecture, d\u2019assurer une s\u00e9curit\u00e9 maximale aux riverains en cas d\u2019\u00e9v\u00e9nement r\u00e9el.<\/p>\n","protected":false},"excerpt":{"rendered":"La pr\u00e9fecture du Rh\u00f4ne a annonc\u00e9 qu\u2019un important exercice de s\u00e9curit\u00e9 civile se d\u00e9roulera ce mardi \u00e0 Givors.&hellip;\n","protected":false},"author":2,"featured_media":553834,"comment_status":"","ping_status":"","sticky":false,"template":"","format":"standard","meta":{"footnotes":""},"categories":[1889],"tags":[1111,11,2813,2190,2430,1109,251,1112,2811,1777,674,118,1011,27,1922,1110,1114,2428,2810,12,241,316,25,2812,517,800],"class_list":{"0":"post-553833","1":"post","2":"type-post","3":"status-publish","4":"format-standard","5":"has-post-thumbnail","7":"category-lyon","8":"tag-actu","9":"tag-actualites","10":"tag-article","11":"tag-asvel","12":"tag-auvergne-rhone-alpes","13":"tag-breves","14":"tag-culture","15":"tag-depeches","16":"tag-economique","17":"tag-eu","18":"tag-europe","19":"tag-faits-divers","20":"tag-fr","21":"tag-france","22":"tag-info","23":"tag-informations","24":"tag-infos","25":"tag-lyon","26":"tag-lyonmag","27":"tag-news","28":"tag-ol","29":"tag-politique","30":"tag-republique-francaise","31":"tag-sociale","32":"tag-sport","33":"tag-transports"},"share_on_mastodon":{"url":"https:\/\/pubeurope.com\/@fr\/115600337385051798","error":""},"_links":{"self":[{"href":"https:\/\/www.europesays.com\/fr\/wp-json\/wp\/v2\/posts\/553833","targetHints":{"allow":["GET"]}}],"collection":[{"href":"https:\/\/www.europesays.com\/fr\/wp-json\/wp\/v2\/posts"}],"about":[{"href":"https:\/\/www.europesays.com\/fr\/wp-json\/wp\/v2\/types\/post"}],"author":[{"embeddable":true,"href":"https:\/\/www.europesays.com\/fr\/wp-json\/wp\/v2\/users\/2"}],"replies":[{"embeddable":true,"href":"https:\/\/www.europesays.com\/fr\/wp-json\/wp\/v2\/comments?post=553833"}],"version-history":[{"count":0,"href":"https:\/\/www.europesays.com\/fr\/wp-json\/wp\/v2\/posts\/553833\/revisions"}],"wp:featuredmedia":[{"embeddable":true,"href":"https:\/\/www.europesays.com\/fr\/wp-json\/wp\/v2\/media\/553834"}],"wp:attachment":[{"href":"https:\/\/www.europesays.com\/fr\/wp-json\/wp\/v2\/media?parent=553833"}],"wp:term":[{"taxonomy":"category","embeddable":true,"href":"https:\/\/www.europesays.com\/fr\/wp-json\/wp\/v2\/categories?post=553833"},{"taxonomy":"post_tag","embeddable":true,"href":"https:\/\/www.europesays.com\/fr\/wp-json\/wp\/v2\/tags?post=553833"}],"curies":[{"name":"wp","href":"https:\/\/api.w.org\/{rel}","templated":true}]}}