{"id":553835,"date":"2025-11-23T18:05:16","date_gmt":"2025-11-23T18:05:16","guid":{"rendered":"https:\/\/www.europesays.com\/fr\/553835\/"},"modified":"2025-11-23T18:05:16","modified_gmt":"2025-11-23T18:05:16","slug":"les-intoxications-au-monoxyde-de-carbone-repartent-a-la-hausse-comment-les-prevenir","status":"publish","type":"post","link":"https:\/\/www.europesays.com\/fr\/553835\/","title":{"rendered":"les intoxications au monoxyde de carbone repartent \u00e0 la hausse, comment les pr\u00e9venir\u00a0?"},"content":{"rendered":"<p>Une chaudi\u00e8re mal entretenue, un po\u00eale mal raccord\u00e9, une a\u00e9ration insuffisante, \u00ab\u00a0et il y a un risque\u00a0\u00bb, explique C\u00e9dric Pasquier, r\u00e9f\u00e9rent risques chimiques du Service d\u00e9partemental et m\u00e9tropolitain d\u2019incendie et de secours. Ce 20\u00a0novembre, l\u2019Agence r\u00e9gionale de sant\u00e9 (ARS) et le SDMIS pr\u00e9sentaient les chiffres des intoxications au monoxyde de carbone (CO) en 2024. Un bilan pessimiste, car il est \u00e0 la hausse. Dans la r\u00e9gion, l\u2019ARS recense 178 \u00e9v\u00e9nements d\u2019intoxication qui ont touch\u00e9 692 personnes, contre 142 occurrences en&#8230;<\/p>\n","protected":false},"excerpt":{"rendered":"Une chaudi\u00e8re mal entretenue, un po\u00eale mal raccord\u00e9, une a\u00e9ration insuffisante, \u00ab\u00a0et il y a un risque\u00a0\u00bb, explique&hellip;\n","protected":false},"author":2,"featured_media":553836,"comment_status":"","ping_status":"","sticky":false,"template":"","format":"standard","meta":{"footnotes":""},"categories":[1889],"tags":[1111,11,2738,2430,2757,1777,674,107,1011,27,4002,3367,2428,2756,12,25,2429,71,3151,104],"class_list":{"0":"post-553835","1":"post","2":"type-post","3":"status-publish","4":"format-standard","5":"has-post-thumbnail","7":"category-lyon","8":"tag-actu","9":"tag-actualites","10":"tag-ain","11":"tag-auvergne-rhone-alpes","12":"tag-edition-lyon-villeurbanne","13":"tag-eu","14":"tag-europe","15":"tag-fil-info","16":"tag-fr","17":"tag-france","18":"tag-haute-loire","19":"tag-loire","20":"tag-lyon","21":"tag-lyon-bassin","22":"tag-news","23":"tag-republique-francaise","24":"tag-rhone","25":"tag-sante","26":"tag-selection-de-la-redaction-69","27":"tag-societe"},"share_on_mastodon":{"url":"https:\/\/pubeurope.com\/@fr\/115600341303847439","error":""},"_links":{"self":[{"href":"https:\/\/www.europesays.com\/fr\/wp-json\/wp\/v2\/posts\/553835","targetHints":{"allow":["GET"]}}],"collection":[{"href":"https:\/\/www.europesays.com\/fr\/wp-json\/wp\/v2\/posts"}],"about":[{"href":"https:\/\/www.europesays.com\/fr\/wp-json\/wp\/v2\/types\/post"}],"author":[{"embeddable":true,"href":"https:\/\/www.europesays.com\/fr\/wp-json\/wp\/v2\/users\/2"}],"replies":[{"embeddable":true,"href":"https:\/\/www.europesays.com\/fr\/wp-json\/wp\/v2\/comments?post=553835"}],"version-history":[{"count":0,"href":"https:\/\/www.europesays.com\/fr\/wp-json\/wp\/v2\/posts\/553835\/revisions"}],"wp:featuredmedia":[{"embeddable":true,"href":"https:\/\/www.europesays.com\/fr\/wp-json\/wp\/v2\/media\/553836"}],"wp:attachment":[{"href":"https:\/\/www.europesays.com\/fr\/wp-json\/wp\/v2\/media?parent=553835"}],"wp:term":[{"taxonomy":"category","embeddable":true,"href":"https:\/\/www.europesays.com\/fr\/wp-json\/wp\/v2\/categories?post=553835"},{"taxonomy":"post_tag","embeddable":true,"href":"https:\/\/www.europesays.com\/fr\/wp-json\/wp\/v2\/tags?post=553835"}],"curies":[{"name":"wp","href":"https:\/\/api.w.org\/{rel}","templated":true}]}}