{"id":553837,"date":"2025-11-23T18:07:19","date_gmt":"2025-11-23T18:07:19","guid":{"rendered":"https:\/\/www.europesays.com\/fr\/553837\/"},"modified":"2025-11-23T18:07:19","modified_gmt":"2025-11-23T18:07:19","slug":"ma-maman-a-ete-miss-au-mexique","status":"publish","type":"post","link":"https:\/\/www.europesays.com\/fr\/553837\/","title":{"rendered":"Ma maman a \u00e9t\u00e9 Miss au Mexique"},"content":{"rendered":"<p>Elle a 21 ans et un CV d\u00e9j\u00e0 bien rempli. Mareva Machel fait partie des <a href=\"https:\/\/www.programme-tv.net\/news\/evenement\/miss-france-miss-france\/391970-miss-france-2026-voici-les-photos-des-30-candidates-en-maillot-de-bain\/\" data-api-deeplink=\"teleloisirs:\/\/news\/391970\" rel=\"nofollow noopener\" target=\"_blank\">30 pr\u00e9tendantes en comp\u00e9tition <\/a>sur la sc\u00e8ne du Z\u00e9nith d&rsquo;Amiens le 6\u00a0d\u00e9cembre prochain pour remporter le titre de <a href=\"https:\/\/www.programme-tv.net\/news\/evenement\/miss-france-miss-france\/390820-miss-france-2026-date-et-lieu-de-l-election-candidates-regionales-elues-voyage-en-martinique-toutes-les-infos-sur-le-concours\/\" data-api-deeplink=\"teleloisirs:\/\/news\/390820\" rel=\"nofollow noopener\" target=\"_blank\">Miss France 2026<\/a>. L&rsquo;\u00cele-de-France est repr\u00e9sent\u00e9e par cette jeune femme trilingue qui r\u00eave marcher <a href=\"https:\/\/www.programme-tv.net\/news\/tv\/347335-diane-leyre-revele-les-conseils-donnes-par-les-miss-france-qui-ont-participe-a-danse-avec-les-stars\/\" data-api-deeplink=\"teleloisirs:\/\/news\/347335\" rel=\"nofollow noopener\" target=\"_blank\">dans les pas de Diane Leyre<\/a>, couronn\u00e9e il y a trois ans. La candidate dispose d&rsquo;un s\u00e9rieux avantage dans la comp\u00e9tition gr\u00e2ce \u00e0 l&rsquo;exp\u00e9rience de plusieurs de ses proches qui ont d\u00e9j\u00e0 particip\u00e9 \u00e0 ce genre de concours \u00e0 l&rsquo;autre bout du monde. Elle t\u00e9moigne aupr\u00e8s de T\u00e9l\u00e9-Loisirs, partenaire officiel de l&rsquo;\u00e9lection.<\/p>\n<p>Mareva Michel (Miss \u00cele-de-France 2025 pour Miss France 2026) raconte l&rsquo;origine de son pr\u00e9nom\u00a0: \u00ab\u00a0C&rsquo;est en regardant l&rsquo;\u00e9lection de Miss France\u2026\u00a0\u00bb<\/p>\n<p><b>T\u00e9l\u00e9-Loisirs\u00a0:<\/b><b> Qu&rsquo;est-ce qui vous a motiv\u00e9e \u00e0 vous pr\u00e9senter \u00e0 l&rsquo;\u00e9lection\u00a0?<br \/>Mareva Michel, Miss \u00cele-de-France 2025 :<\/b> C&rsquo;est tout d&rsquo;abord un h\u00e9ritage familial de ma maman et de ma tante. Ma m\u00e8re est Mexicaine, mon p\u00e8re est Fran\u00e7ais. Je suis n\u00e9e et j&rsquo;ai grandi dans les Yvelines, j&rsquo;ai fait toute ma vie ici, mes \u00e9tudes etc. <b>Ma maman a \u00e9t\u00e9 Miss au Mexique, ma tante aussi.<\/b> Et elles m&rsquo;ont toujours dit que c&rsquo;\u00e9tait une superbe aventure, que \u00e7a forge aussi une femme, que si tu as l&rsquo;opportunit\u00e9 de le faire, il faut le faire. Depuis petite, cet univers me pla\u00eet beaucoup. Puis <b>mon pr\u00e9nom, Mareva, n&rsquo;est pas anodin<\/b>. Mes parents l\u2019ont choisi parce qu&rsquo;ils ont vu <a href=\"https:\/\/www.programme-tv.net\/news\/people\/327755-on-se-perd-mareva-galanter-revient-sur-la-facon-dont-miss-france-a-chamboule-sa-vie\/\" data-api-deeplink=\"teleloisirs:\/\/news\/327755\" rel=\"nofollow noopener\" target=\"_blank\">l&rsquo;\u00e9lection de Mareva Galanter <\/a>et Mareva Georges, deux Miss Tahiti. C&rsquo;est en regardant l&rsquo;\u00e9lection de Miss France que l&rsquo;id\u00e9e leur est venue. J\u2019ai voulu attendre le bon moment, je n&rsquo;ai pas voulu me pr\u00e9cipiter car je veux aller loin et viser haut. Cette ann\u00e9e, je suis motiv\u00e9e \u00e0 tenter ma chance puisque j&rsquo;ai termin\u00e9 ma quatri\u00e8me ann\u00e9e d&rsquo;\u00e9cole de commerce \u00e0 l&rsquo;ESSEC, que j&rsquo;ai fait en parcours anglophone. J&rsquo;ai pour projet de faire le master pour avoir le full package.<\/p>\n<p><b>Votre m\u00e8re et votre tante ont-elles \u00e9t\u00e9 \u00e9lues au niveau national\u00a0?<br \/><\/b>Non, ce ne sont pas des Miss nationales. Ma tante a particip\u00e9 \u00e0 Se\u00f1orita Colima en 1993 ou 1992, je crois. Et ma m\u00e8re et ma tante ont toutes les deux \u00e9t\u00e9 Reina del Estudiante [Reine des \u00e9tudiants, N.D.L.R] car il y avait un concours de beaut\u00e9 o\u00f9 ils s\u00e9lectionnaient la Miss de chaque grosse universit\u00e9 du Mexique. Et les concours de Miss l\u00e0-bas s&rsquo;appellent Se\u00f1orita suivi du nom de la commune.<b> <\/b><\/p>\n<p>Mareva Michel (Miss \u00cele-de-France 2025 pour Miss France 2026)\u00a0: \u00ab\u00a0J&rsquo;aime bien les sensations extr\u00eames\u00a0\u00bb<\/p>\n<p><b>Quelle cause d\u00e9fendez-vous pendant votre r\u00e8gne\u00a0?<br \/><\/b>Le c\u00f4t\u00e9 associatif est quelque chose que je m\u00e8ne depuis petite, ce n\u2019est pas juste maintenant parce que <a href=\"https:\/\/www.programme-tv.net\/news\/evenement\/miss-france-miss-france\/391795-miss-france-2026-quand-acheter-les-billets-pour-assister-a-l-election-et-a-quel-prix\/\" data-api-deeplink=\"teleloisirs:\/\/news\/391795\" rel=\"nofollow noopener\" target=\"_blank\">je participe \u00e0 Miss France<\/a>. J&rsquo;ai eu l&rsquo;occasion de m&rsquo;engager dans diverses associations d\u00e8s le lyc\u00e9e. J&rsquo;\u00e9tais b\u00e9n\u00e9vole \u00e0 Esp\u00e9rance Banlieues, une \u00e9cole associative qui offre l\u2019acc\u00e8s \u00e0 l\u2019\u00e9ducation aux enfants qui proviennent de milieux d\u00e9favoris\u00e9s. Je faisais de l&rsquo;aide aux devoirs. Ensuite, j&rsquo;ai \u00e9t\u00e9 engag\u00e9e aussi \u00e0 l&rsquo;\u00e9chelle internationale au Mexique, o\u00f9 pendant un mois j&rsquo;\u00e9tais en immersion totale dans une \u00e9cole qui aide les enfants qui sont victimes du syndrome de trisomie 21 et du syndrome de Down. <b>Et maintenant qu&rsquo;il y a les Miss, il y a un autre combat que je m\u00e8ne avec beaucoup de fiert\u00e9 et de c\u0153ur aussi, celui contre le cancer du sein<\/b>. Je suis marraine de l&rsquo;association Aidons la Recherche, qui encourage la recherche contre le cancer du sein. Depuis que je suis Miss Yvelines, j&rsquo;ai eu l&rsquo;occasion de faire un tas d&rsquo;\u00e9v\u00e9nements qui r\u00e9coltent un maximum de fonds pour cette association. Et elle reverse chaque ann\u00e9e un gros ch\u00e8que \u00e0 l&rsquo;Institut Curie afin de financer ou pouvoir faire na\u00eetre des projets innovants capables d\u2019am\u00e9liorer le traitement des patientes qui sont victimes de cancer du sein.<\/p>\n<p><b>\u00cates-vous sportive\u00a0?<br \/><\/b>Oui, je suis passionn\u00e9e de sport extr\u00eame. Mon papa m\u2019a transmis sa passion pour le kite surf, j&rsquo;en fais depuis l&rsquo;\u00e2ge de 13 ans, et j&rsquo;aime beaucoup le snowboard aussi. D&rsquo;ailleurs, je me suis cass\u00e9 les deux bras en snowboard lorsque j&rsquo;avais 15 ans, la veille de No\u00ebl. Mais j&rsquo;adore toujours autant les sports extr\u00eames m\u00eame si c\u2019est un peu compliqu\u00e9 d\u2019en pratiquer en \u00cele-de-France. [rires]<\/p>\n<p><b>Et puis avec votre statut de Miss, peut-\u00eatre que vous faites un peu plus attention\u2026<br \/><\/b>Je fais un petit peu plus attention, mais \u00e7a ne m&#8217;emp\u00eache pas d\u2019en faire ! J&rsquo;aime bien les sensations extr\u00eames. Mais c\u2019est vrai qu\u2019\u00e0 Paris, je fais beaucoup de pilates, de yoga aussi, et l\u00e0, depuis que j&rsquo;ai gagn\u00e9 l&rsquo;\u00e9lection de Miss \u00cele-de-France, j&rsquo;ai pu faire des cours d&rsquo;\u00e9lectrostimulation.<\/p>\n<p>                        Mareva Michel (Miss \u00cele-de-France 2025 pour Miss France 2026)\u00a0: \u00ab\u00a0C&rsquo;est une aventure de r\u00eave\u00a0\u00bb<\/p>\n<p><b>Si vous remportez le titre de Miss France 2026, \u00e0 qui ira votre premi\u00e8re pens\u00e9e\u00a0?<br \/><\/b>\u00c0 tous les Fran\u00e7ais, \u00e0 toutes les personnes aussi qui m&rsquo;ont aid\u00e9e de pr\u00e8s ou de loin. C&rsquo;est impressionnant de voir le nombre de personnes qui sont derri\u00e8re moi, qui me soutiennent sur les r\u00e9seaux sociaux mais aussi dans la vraie vie. Il y a toutes les personnes de mon entourage, toutes les personnes qui m&rsquo;envoient \u00e9norm\u00e9ment de force, de bienveillance.<b> Je ne peux pas vivre cette aventure toute seule<\/b>, je la vis avec et gr\u00e2ce \u00e0 eux. Donc, ma premi\u00e8re pens\u00e9e ira \u00e0 tous les Fran\u00e7ais puisqu&rsquo;ils auront fait de moi leur Miss France 2026.<\/p>\n<p><b>Quelle est la derni\u00e8re s\u00e9rie que vous avez regard\u00e9e\u00a0?<br \/><\/b>J&rsquo;adore le cin\u00e9ma, les s\u00e9ries, les films, je peux en consommer mais sans mod\u00e9ration. Mais par contre, la derni\u00e8re fois que j&rsquo;ai ouvert Netflix, je crois que c&rsquo;\u00e9tait pour commencer, dans l&rsquo;avion,<a href=\"https:\/\/www.programme-tv.net\/news\/series-tv\/386870-mercredi-quel-age-ont-reellement-les-acteurs-de-la-serie-netflix\/\" data-api-deeplink=\"teleloisirs:\/\/news\/386870\" rel=\"nofollow noopener\" target=\"_blank\"> la deuxi\u00e8me saison de Mercredi <\/a>!<b> <\/b>Je n&rsquo;ai plus trop le temps car si on a l&rsquo;occasion de rentrer dans une chambre et se reposer, on se repose. En tout cas, c&rsquo;est ce que<a href=\"https:\/\/www.programme-tv.net\/news\/evenement\/miss-france-miss-france\/391890-il-y-a-eu-des-sorties-de-piste-les-candidates-de-miss-france-2026-recadrees-sur-leur-comportement-pendant-le-voyage-de-preparation\/\" data-api-deeplink=\"teleloisirs:\/\/news\/391890\" rel=\"nofollow noopener\" target=\"_blank\"> le comit\u00e9 <\/a>nous recommande de faire.<\/p>\n<p><b>Aimeriez-vous travailler dans les m\u00e9dias si l&rsquo;occasion se pr\u00e9sente\u00a0?<br \/><\/b>Pourquoi pas. Je viens d&rsquo;avoir mon dipl\u00f4me de marketing digital et au cours de mon cursus j\u2019ai pris des mati\u00e8res comme l&rsquo;entrepreneuriat, la publicit\u00e9, le marketing, pour \u00e9largir le spectre. J&rsquo;aimerais bien me sp\u00e9cialiser soit en entrepreneuriat soit en marketing, mais peut-\u00eatre qu&rsquo;apr\u00e8s les Miss, j&rsquo;aurai d&rsquo;autres opportunit\u00e9s aussi. C&rsquo;est une aventure de r\u00eave, un acc\u00e9l\u00e9rateur de carri\u00e8re dans tous les cas. Je compte donc donner le meilleur de moi-m\u00eame. J&rsquo;esp\u00e8re que \u00e7a se verra aussi<a href=\"https:\/\/www.programme-tv.net\/news\/evenement\/miss-france-miss-france\/391807-miss-france-2026-cette-nouveaute-qui-attend-les-30-miss-regionales-sur-scene-le-soir-de-l-election\/\" data-api-deeplink=\"teleloisirs:\/\/news\/391807\" rel=\"nofollow noopener\" target=\"_blank\"> le soir du prime<\/a> en essayant de faire rayonner l&rsquo;\u00cele-de-France comme l&rsquo;a fait Diane Leyre en 2022.<\/p>\n","protected":false},"excerpt":{"rendered":"Elle a 21 ans et un CV d\u00e9j\u00e0 bien rempli. Mareva Machel fait partie des 30 pr\u00e9tendantes en&hellip;\n","protected":false},"author":2,"featured_media":553838,"comment_status":"","ping_status":"","sticky":false,"template":"","format":"standard","meta":{"footnotes":""},"categories":[1592],"tags":[1111,11,244,41457,1777,674,1011,27,662,2173,67089,3034,41456,12,626,25,199],"class_list":{"0":"post-553837","1":"post","2":"type-post","3":"status-publish","4":"format-standard","5":"has-post-thumbnail","7":"category-ile-de-france","8":"tag-actu","9":"tag-actualites","10":"tag-commentaire","11":"tag-election-de-miss-france","12":"tag-eu","13":"tag-europe","14":"tag-fr","15":"tag-france","16":"tag-ile-de-france","17":"tag-interview","18":"tag-mareva-michel-miss-u00cele-de-france-2025","19":"tag-miss-france","20":"tag-miss-ru00e9gionales","21":"tag-news","22":"tag-paris","23":"tag-republique-francaise","24":"tag-tf1"},"share_on_mastodon":{"url":"https:\/\/pubeurope.com\/@fr\/115600349267468598","error":""},"_links":{"self":[{"href":"https:\/\/www.europesays.com\/fr\/wp-json\/wp\/v2\/posts\/553837","targetHints":{"allow":["GET"]}}],"collection":[{"href":"https:\/\/www.europesays.com\/fr\/wp-json\/wp\/v2\/posts"}],"about":[{"href":"https:\/\/www.europesays.com\/fr\/wp-json\/wp\/v2\/types\/post"}],"author":[{"embeddable":true,"href":"https:\/\/www.europesays.com\/fr\/wp-json\/wp\/v2\/users\/2"}],"replies":[{"embeddable":true,"href":"https:\/\/www.europesays.com\/fr\/wp-json\/wp\/v2\/comments?post=553837"}],"version-history":[{"count":0,"href":"https:\/\/www.europesays.com\/fr\/wp-json\/wp\/v2\/posts\/553837\/revisions"}],"wp:featuredmedia":[{"embeddable":true,"href":"https:\/\/www.europesays.com\/fr\/wp-json\/wp\/v2\/media\/553838"}],"wp:attachment":[{"href":"https:\/\/www.europesays.com\/fr\/wp-json\/wp\/v2\/media?parent=553837"}],"wp:term":[{"taxonomy":"category","embeddable":true,"href":"https:\/\/www.europesays.com\/fr\/wp-json\/wp\/v2\/categories?post=553837"},{"taxonomy":"post_tag","embeddable":true,"href":"https:\/\/www.europesays.com\/fr\/wp-json\/wp\/v2\/tags?post=553837"}],"curies":[{"name":"wp","href":"https:\/\/api.w.org\/{rel}","templated":true}]}}