{"id":553843,"date":"2025-11-23T18:10:11","date_gmt":"2025-11-23T18:10:11","guid":{"rendered":"https:\/\/www.europesays.com\/fr\/553843\/"},"modified":"2025-11-23T18:10:11","modified_gmt":"2025-11-23T18:10:11","slug":"neige-fermeture-des-galeries-lafayette-policier-blesse-les-infos-du-week-end-en-ile-de-france","status":"publish","type":"post","link":"https:\/\/www.europesays.com\/fr\/553843\/","title":{"rendered":"Neige, fermeture des Galeries Lafayette, policier bless\u00e9&#8230; Les infos du week-end en \u00cele-de-France"},"content":{"rendered":"<p>                    Par<br \/>\n        <strong><br \/>\n            <a href=\"https:\/\/actu.fr\/auteur\/antoine-grotteria02\" title=\"Consulter tous les articles de Antoine Grotteria\" rel=\"nofollow noopener\" target=\"_blank\">Antoine Grotteria<\/a><br \/>\n                    <\/strong><\/p>\n<p>        Publi\u00e9 le<\/p>\n<p>            23 nov. 2025 \u00e0 17h56        <\/p>\n<p>Les premiers flocons de la saison. La <a href=\"https:\/\/actu.fr\/meteo\/averses-neige-et-verglas-ce-jeudi-la-moitie-de-la-france-en-vigilance-les-departements-concernes_63458576.html\" rel=\"nofollow noopener\" target=\"_blank\">neige<\/a> a fait son apparition dans la nuit du samedi 22 au dimanche 23 novembre 2025 \u00e0 <a href=\"https:\/\/actu.fr\/paris\/\" rel=\"nofollow noopener\" target=\"_blank\">Paris<\/a> et en <a href=\"https:\/\/actu.fr\/ile-de-france\/\" rel=\"nofollow noopener\" target=\"_blank\">\u00cele-de-France<\/a>, avec <strong>quelques centim\u00e8tres<\/strong> \u00e0 certains endroits. De quoi donner de belles images.\u00a0<\/p>\n<p class=\" wall-content\">Voici les <strong>principales informations<\/strong> \u00e0 retenir de week-end dans votre r\u00e9gion.\u00a0<\/p>\n<p class=\" wall-content\"><strong>Les infos marquantes du week-end \u00e0 Paris et en \u00cele-de-France<\/strong><\/p>\n<p class=\" wall-content\"><strong>Paris. <\/strong><a title=\"Lire l&#039;article\" href=\"https:\/\/actu.fr\/meteo\/en-images-meteo-d-un-a-quatre-centimetres-de-neige-a-paris-et-en-ile-de-france_63475595.html\" rel=\"nofollow noopener\" target=\"_blank\"><strong>EN IMAGES. M\u00e9t\u00e9o : d\u2019un \u00e0 quatre centim\u00e8tres de neige \u00e0 Paris et en \u00cele-de-France<\/strong><\/a><br \/>Retour en images sur le premier \u00e9pisode hivernal v\u00e9cu par les Franciliens.<\/p>\n<p class=\" wall-content\"><strong>Seine-Saint-Denis. <\/strong><a title=\"Lire l&#039;article\" href=\"https:\/\/actu.fr\/ile-de-france\/bondy_93010\/de-bondy-a-barbie-nassira-konde-l-athlete-de-seine-saint-denis-qui-depoussiere-la-celebre-poupee_63451159.html\" rel=\"nofollow noopener\" target=\"_blank\"><strong>De Bondy \u00e0 Barbie : Nassira Konde, l\u2019athl\u00e8te de Seine-Saint-Denis qui d\u00e9poussi\u00e8re la c\u00e9l\u00e8bre poup\u00e9e<\/strong><\/a><br \/>L\u2019internationale fran\u00e7aise de 26 ans, qui a grandi en Seine-Saint-Denis, poss\u00e8de sa propre poup\u00e9e Barbie depuis quelques semaines. Une r\u00e9compense pour cette femme engag\u00e9e.<\/p>\n<p class=\" wall-content\"><strong>Hauts-de-Seine. <\/strong><a title=\"Lire l&#039;article\" href=\"https:\/\/actu.fr\/ile-de-france\/paris_75056\/un-plaisir-de-gosse-a-paris-et-en-ile-de-france-la-renaissance-des-cartes-de-collection-nba_63453935.html\" rel=\"nofollow noopener\" target=\"_blank\"><strong>\u00ab\u00a0Un plaisir de gosse\u00a0\u00bb : \u00e0 Paris et en \u00cele-de-France, la renaissance des cartes de collection NBA<\/strong><\/a><br \/>Depuis plusieurs ann\u00e9es, le march\u00e9 des cartes NBA prend de l\u2019essor, notamment dans la r\u00e9gion. Certains diffusent m\u00eame leur passion sur les r\u00e9seaux sociaux.<\/p>\n<p class=\" wall-content\"><strong>Val-de-Marne. <\/strong><a title=\"Lire l&#039;article\" href=\"https:\/\/actu.fr\/ile-de-france\/creteil_94028\/val-de-marne-des-policiers-de-la-bri-tirent-a-proximite-d-une-ecole-une-personne-interpellee_63474110.html\" rel=\"nofollow noopener\" target=\"_blank\"><strong>Val-de-Marne : des policiers de la BRI tirent \u00e0 proximit\u00e9 d\u2019une \u00e9cole, une personne interpell\u00e9e<\/strong><\/a><br \/>Des policiers de la brigade de recherche et d\u2019intervention (BRI) ont fait usage de leur arme \u00e0 Cr\u00e9teil (Val-de-Marne), vendredi 21 novembre 2025, lors d\u2019une intervention.<\/p>\n<p class=\" wall-content\"><strong>Essonne. <\/strong><a title=\"Lire l&#039;article\" href=\"https:\/\/actu.fr\/societe\/on-ne-sait-pas-l-expliquer-si-le-tri-des-emballages-progresse-en-essonne-celui-du-verre-regresse_63451044.html\" rel=\"nofollow noopener\" target=\"_blank\"><strong>\u00ab\u00a0On ne sait pas l\u2019expliquer\u00a0\u00bb : si le tri des emballages progresse en Essonne, celui du verre r\u00e9gresse<\/strong><\/a><br \/>En 2024, chaque Essonnien a tri\u00e9 en moyenne 51,3 kg d\u2019emballages m\u00e9nagers et de papiers graphiques. Un chiffre stable, mais qui s\u2019accompagne d\u2019une baisse du tri du verre.<\/p>\n<p>Votre r\u00e9gion, votre actu !<\/p>\n<p>Recevez chaque jour les infos qui comptent pour vous.<\/p>\n<p>\t<a href=\"https:\/\/actu.fr\/newsletter\" class=\"ac-btn ac-btn--corner ac-btn--medium ac-btn--blue800\" rel=\"nofollow noopener\" target=\"_blank\">S&rsquo;incrire<\/a><\/p>\n<p class=\" wall-content\"><strong>Val-d\u2019Oise. <\/strong><a title=\"Lire l&#039;article\" href=\"https:\/\/actu.fr\/ile-de-france\/sarcelles_95585\/un-policier-gravement-blesse-apres-un-accident-dans-le-val-doise_63475883.html\" rel=\"nofollow noopener\" target=\"_blank\"><strong>Un policier gravement bless\u00e9 apr\u00e8s un accident dans le Val-d\u2019Oise<\/strong><\/a><br \/>Une collision entre une voiture et un v\u00e9hicule de police a fait trois bless\u00e9s dont un grave, \u00e0 Sarcelles (Val-d\u2019Oise).<\/p>\n<p class=\" wall-content\"><strong>Seine-et-Marne. <\/strong><a title=\"Lire l&#039;article\" href=\"https:\/\/actu.fr\/ile-de-france\/jouy-le-chatel_77239\/seine-et-marne-un-tas-de-cendres-la-boulangerie-et-des-logements-du-village-ravages-par-un-incendie_63476500.html\" rel=\"nofollow noopener\" target=\"_blank\"><strong>Seine-et-Marne : \u00ab\u00a0un tas de cendres\u00a0\u00bb\u2026 la boulangerie et des logements du village ravag\u00e9s par un incendie<\/strong><\/a><br \/>Un incendie s\u2019est d\u00e9clar\u00e9 dans une boulangerie de Jouy-le-Ch\u00e2tel, dimanche 23 novembre. Les flammes se sont propag\u00e9es \u00e0 des habitations, mais il n\u2019y a heureusement pas de bless\u00e9.<\/p>\n<p class=\" wall-content\"><strong>Yvelines. <\/strong><a title=\"Lire l&#039;article\" href=\"https:\/\/actu.fr\/ile-de-france\/guernes_78290\/dans-ce-village-des-yvelines-les-professionnels-de-sante-ont-pris-place-dans-une-ancienne-menuiserie_63470534.html\" rel=\"nofollow noopener\" target=\"_blank\"><strong>Dans ce village des Yvelines, les professionnels de sant\u00e9 ont pris place\u2026 dans une ancienne menuiserie<\/strong><\/a><br \/>\u00c0 Guernes (Yvelines), un nouvel espace de sant\u00e9 a ouvert au printemps 2025 dans un lieu atypique. Quelques places sont encore \u00e0 pourvoir.<\/p>\n<p class=\" wall-content\"><strong>Suivez-nous pour en savoir plus !<\/strong><\/p>\n<p class=\" wall-content\">Paris : retrouvez actu Paris sur <a href=\"https:\/\/www.facebook.com\/actufr.paris\/\" rel=\"nofollow noopener\" target=\"_blank\">Facebook<\/a> et <a href=\"https:\/\/x.com\/actufrparis\" rel=\"nofollow\">Twitter<\/a> ;<br \/>Seine-et-Marne : retrouvez\u00a0La R\u00e9publique de Seine-et-Marne\u00a0(sud) sur\u00a0<a href=\"https:\/\/www.facebook.com\/RepubliqueSeineMarne\/\" rel=\"nofollow noopener\" target=\"_blank\">Facebook\u00a0<\/a>et\u00a0<a href=\"https:\/\/x.com\/JournalLaMarne\" rel=\"nofollow\">Twitter\u00a0<\/a>;\u00a0La Marne\u00a0(nord) sur\u00a0<a href=\"https:\/\/www.facebook.com\/RepubliqueSeineMarne\/\" rel=\"nofollow noopener\" target=\"_blank\">Facebook\u00a0<\/a>et\u00a0<a href=\"https:\/\/x.com\/JournalLaMarne\" rel=\"nofollow\">Twitter\u00a0<\/a>; et\u00a0Le Pays Briard\u00a0sur\u00a0<a href=\"https:\/\/www.facebook.com\/LePaysBriard\/?ref=bookmarks\" rel=\"nofollow noopener\" target=\"_blank\">Facebook\u00a0<\/a>et\u00a0<a href=\"https:\/\/x.com\/LePaysBriard\" rel=\"nofollow\">Twitter\u00a0<\/a>;<br \/>Yvelines : retrouvez\u00a078actu\u00a0sur\u00a0<a href=\"https:\/\/www.facebook.com\/78actu?locale=fr_FR\" rel=\"nofollow noopener\" target=\"_blank\">Facebook\u00a0<\/a>et\u00a0<a href=\"https:\/\/x.com\/78actu\" rel=\"nofollow\">Twitter\u00a0<\/a>;<br \/>Essonne : retrouvez\u00a0actu Essonne\u00a0sur\u00a0<a href=\"https:\/\/www.facebook.com\/actuessonne\/?ref=br_rs\" rel=\"nofollow noopener\" target=\"_blank\">Facebook\u00a0<\/a>et\u00a0<a href=\"https:\/\/x.com\/ActuEssonne\" rel=\"nofollow\">Twitter\u00a0<\/a>;<br \/>Hauts-de-Seine : retrouvez\u00a0actu Hauts-de-Seine\u00a0sur\u00a0<a href=\"https:\/\/www.facebook.com\/actufr.hautsdeseine\/\" rel=\"nofollow noopener\" target=\"_blank\">Facebook\u00a0<\/a>et\u00a0<a href=\"https:\/\/x.com\/actufr92\" rel=\"nofollow\">Twitter\u00a0<\/a>;<br \/>Seine-Saint-Denis : retrouvez\u00a0actu Seine-Saint-Denis\u00a0sur\u00a0<a href=\"https:\/\/www.facebook.com\/actu94.valdemarne\/\" rel=\"nofollow noopener\" target=\"_blank\">Facebook\u00a0<\/a>et\u00a0Twitter\u00a0;<br \/>Val-de-Marne : retrouvez\u00a0actu Val-de-Marne\u00a0sur\u00a0<a href=\"https:\/\/www.facebook.com\/actu94.valdemarne\/\" rel=\"nofollow noopener\" target=\"_blank\">Facebook\u00a0<\/a>et\u00a0Twitter\u00a0;<br \/>Val-d\u2019Oise : retrouvez\u00a0La Gazette du Val-d\u2019Oise\u00a0sur\u00a0<a href=\"https:\/\/www.facebook.com\/lagazetteduvaldoise\/\" rel=\"nofollow noopener\" target=\"_blank\">Facebook<\/a>.<\/p>\n<p class=\" wall-content\">Personnalisez votre actualit\u00e9 en ajoutant vos villes et m\u00e9dias en favori avec <a href=\"https:\/\/moncompte.actu.fr\" title=\"D\u00e9couvez Mon Actu\" rel=\"nofollow noopener\" data-trk=\"{&quot;cta&quot;:{&quot;action&quot;:&quot;https:\\\/\\\/moncompte.actu.fr&quot;,&quot;category&quot;:&quot;mon compte&quot;,&quot;from&quot;:&quot;article footer&quot;,&quot;name&quot;:&quot;Mon actu&quot;,&quot;type&quot;:&quot;cta&quot;}}\" target=\"_blank\">Mon Actu<\/a>.<\/p>\n","protected":false},"excerpt":{"rendered":"Par Antoine Grotteria Publi\u00e9 le 23 nov. 2025 \u00e0 17h56 Les premiers flocons de la saison. La neige&hellip;\n","protected":false},"author":2,"featured_media":553844,"comment_status":"","ping_status":"","sticky":false,"template":"","format":"standard","meta":{"footnotes":""},"categories":[1888],"tags":[11,1777,674,1011,27,4238,2182,10584,12,626,25,104],"class_list":{"0":"post-553843","1":"post","2":"type-post","3":"status-publish","4":"format-standard","5":"has-post-thumbnail","7":"category-paris","8":"tag-actualites","9":"tag-eu","10":"tag-europe","11":"tag-fr","12":"tag-france","13":"tag-galeries-lafayette","14":"tag-nba","15":"tag-neige","16":"tag-news","17":"tag-paris","18":"tag-republique-francaise","19":"tag-societe"},"share_on_mastodon":{"url":"https:\/\/pubeurope.com\/@fr\/115600361021886404","error":""},"_links":{"self":[{"href":"https:\/\/www.europesays.com\/fr\/wp-json\/wp\/v2\/posts\/553843","targetHints":{"allow":["GET"]}}],"collection":[{"href":"https:\/\/www.europesays.com\/fr\/wp-json\/wp\/v2\/posts"}],"about":[{"href":"https:\/\/www.europesays.com\/fr\/wp-json\/wp\/v2\/types\/post"}],"author":[{"embeddable":true,"href":"https:\/\/www.europesays.com\/fr\/wp-json\/wp\/v2\/users\/2"}],"replies":[{"embeddable":true,"href":"https:\/\/www.europesays.com\/fr\/wp-json\/wp\/v2\/comments?post=553843"}],"version-history":[{"count":0,"href":"https:\/\/www.europesays.com\/fr\/wp-json\/wp\/v2\/posts\/553843\/revisions"}],"wp:featuredmedia":[{"embeddable":true,"href":"https:\/\/www.europesays.com\/fr\/wp-json\/wp\/v2\/media\/553844"}],"wp:attachment":[{"href":"https:\/\/www.europesays.com\/fr\/wp-json\/wp\/v2\/media?parent=553843"}],"wp:term":[{"taxonomy":"category","embeddable":true,"href":"https:\/\/www.europesays.com\/fr\/wp-json\/wp\/v2\/categories?post=553843"},{"taxonomy":"post_tag","embeddable":true,"href":"https:\/\/www.europesays.com\/fr\/wp-json\/wp\/v2\/tags?post=553843"}],"curies":[{"name":"wp","href":"https:\/\/api.w.org\/{rel}","templated":true}]}}