{"id":553847,"date":"2025-11-23T18:12:15","date_gmt":"2025-11-23T18:12:15","guid":{"rendered":"https:\/\/www.europesays.com\/fr\/553847\/"},"modified":"2025-11-23T18:12:15","modified_gmt":"2025-11-23T18:12:15","slug":"plan-de-paix-en-ukraine-le-bon-le-bancal-et-le-troublant","status":"publish","type":"post","link":"https:\/\/www.europesays.com\/fr\/553847\/","title":{"rendered":"Plan de paix en Ukraine : le bon, le bancal et le troublant"},"content":{"rendered":"<p>        <a class=\"Link \" href=\"https:\/\/www.lopinion.fr\/international\/kiev-et-washington-vont-entamer-des-consultations-sur-un-futur-accord-de-paix-avec-moscou\" data-cms-ai=\"0\" rel=\"nofollow noopener\" target=\"_blank\">Kiev et Washington vont entamer des \u00ab\u00a0consultations\u00a0\u00bb sur un \u00ab\u00a0futur accord de paix \u00bb avec Moscou<\/a><\/p>\n<p>l&rsquo;Opinion (avec AFP)<\/p>\n<p>Kiev &#8211; L\u2019Ukraine va mener prochainement des pourparlers en Suisse avec les Etats-Unis pour discuter du plan de Donald Trump pour mettre fin \u00e0 la guerre avec la Russie, a annonc\u00e9 samedi un haut responsable ukrainien. \u00abDans les prochains jours, nous lancerons en Suisse des consultations entre de hauts responsables ukrainiens et am\u00e9ricains sur les param\u00e8tres possibles d\u2019un futur accord de paix\u00bb, a indiqu\u00e9 sur Facebook Roustem Oumerov, \u00e0 la t\u00eate du Conseil de s\u00e9curit\u00e9 ukrainien. \u00abL\u2019Ukraine aborde ce processus avec une compr\u00e9hension claire de ses int\u00e9r\u00eats. Il s\u2019agit d\u2019une nouvelle \u00e9tape du dialogue qui se poursuit depuis quelques jours et qui vise principalement \u00e0 harmoniser notre vision des prochaines \u00e9tapes\u00bb, a-t-il ajout\u00e9. Le pr\u00e9sident Volodymyr Zelensky a sign\u00e9 de son c\u00f4t\u00e9 samedi un d\u00e9cret formant la d\u00e9l\u00e9gation qui sera charg\u00e9e de participer \u00abau processus de n\u00e9gociation avec les \u00c9tats-Unis et d\u2019autres partenaires internationaux de l\u2019Ukraine, ainsi qu\u2019avec des repr\u00e9sentants de la Russie\u00bb. Selon ce d\u00e9cret, la d\u00e9l\u00e9gation sera men\u00e9e par le bras droit de M. Zelensky, le chef de la pr\u00e9sidence Andri\u00ef Iermak, et comprendra entre autres M. Oumerov, les chefs des services de s\u00e9curit\u00e9 et de renseignement et le chef d&rsquo;\u00e9tat-major. Soit une d\u00e9l\u00e9gation essentiellement militaire. Vendredi, M. Zelensky avait repouss\u00e9 le plan am\u00e9ricain pour mettre fin \u00e0 pr\u00e8s de quatre ans d\u2019invasion russe et assur\u00e9 qu\u2019il tenterait de sugg\u00e9rer des solutions alternatives \u00e0 Washington. Le texte est vu avec inqui\u00e9tude \u00e0 Kiev car il reprend plusieurs exigences majeures formul\u00e9es par la Russie. Le plan comprend notamment des cessions de territoires par l\u2019Ukraine et une r\u00e9duction de la taille de son arm\u00e9e, mais offre aussi des garanties de s\u00e9curit\u00e9 occidentales pour Kiev. Donald Trump et Vladimir Poutine ont de leur c\u00f4t\u00e9 press\u00e9 M. Zelensky d\u2019accepter le texte. \u00a9 Agence France-Presse<\/p>\n","protected":false},"excerpt":{"rendered":"Kiev et Washington vont entamer des \u00ab\u00a0consultations\u00a0\u00bb sur un \u00ab\u00a0futur accord de paix \u00bb avec Moscou l&rsquo;Opinion (avec&hellip;\n","protected":false},"author":2,"featured_media":553848,"comment_status":"","ping_status":"","sticky":false,"template":"","format":"standard","meta":{"footnotes":""},"categories":[1591],"tags":[11,1887,12,1885,1886,132],"class_list":{"0":"post-553847","1":"post","2":"type-post","3":"status-publish","4":"format-standard","5":"has-post-thumbnail","7":"category-russie","8":"tag-actualites","9":"tag-federation-de-russie","10":"tag-news","11":"tag-russia","12":"tag-russian-federation","13":"tag-russie"},"share_on_mastodon":{"url":"https:\/\/pubeurope.com\/@fr\/115600369300536590","error":""},"_links":{"self":[{"href":"https:\/\/www.europesays.com\/fr\/wp-json\/wp\/v2\/posts\/553847","targetHints":{"allow":["GET"]}}],"collection":[{"href":"https:\/\/www.europesays.com\/fr\/wp-json\/wp\/v2\/posts"}],"about":[{"href":"https:\/\/www.europesays.com\/fr\/wp-json\/wp\/v2\/types\/post"}],"author":[{"embeddable":true,"href":"https:\/\/www.europesays.com\/fr\/wp-json\/wp\/v2\/users\/2"}],"replies":[{"embeddable":true,"href":"https:\/\/www.europesays.com\/fr\/wp-json\/wp\/v2\/comments?post=553847"}],"version-history":[{"count":0,"href":"https:\/\/www.europesays.com\/fr\/wp-json\/wp\/v2\/posts\/553847\/revisions"}],"wp:featuredmedia":[{"embeddable":true,"href":"https:\/\/www.europesays.com\/fr\/wp-json\/wp\/v2\/media\/553848"}],"wp:attachment":[{"href":"https:\/\/www.europesays.com\/fr\/wp-json\/wp\/v2\/media?parent=553847"}],"wp:term":[{"taxonomy":"category","embeddable":true,"href":"https:\/\/www.europesays.com\/fr\/wp-json\/wp\/v2\/categories?post=553847"},{"taxonomy":"post_tag","embeddable":true,"href":"https:\/\/www.europesays.com\/fr\/wp-json\/wp\/v2\/tags?post=553847"}],"curies":[{"name":"wp","href":"https:\/\/api.w.org\/{rel}","templated":true}]}}