{"id":553849,"date":"2025-11-23T18:13:12","date_gmt":"2025-11-23T18:13:12","guid":{"rendered":"https:\/\/www.europesays.com\/fr\/553849\/"},"modified":"2025-11-23T18:13:12","modified_gmt":"2025-11-23T18:13:12","slug":"negociations-entre-trump-ukrainiens-et-europeens-sur-un-plan-de-paix","status":"publish","type":"post","link":"https:\/\/www.europesays.com\/fr\/553849\/","title":{"rendered":"N\u00e9gociations entre Trump, Ukrainiens et Europ\u00e9ens sur un plan de paix"},"content":{"rendered":"<p>Vous avez rat\u00e9 les derniers \u00e9v\u00e9nements sur la <a href=\"https:\/\/www.20minutes.fr\/monde\/ukraine\/\" class=\"c-link c-link--is-underlined\" target=\"_blank\" rel=\"noopener\">guerre en Ukraine<\/a>\u00a0? 20 Minutes fait le point pour vous tous les soirs. Voici l\u2019essentiel de ce dimanche 23\u00a0novembre, au 1.369e jour du conflit.<\/p>\n<p>Le fait du jour<\/p>\n<p><a href=\"https:\/\/www.20minutes.fr\/dossier\/donald_trump\" class=\"c-link c-link--is-underlined\" target=\"_blank\" rel=\"noopener\">Donald Trump<\/a> a accus\u00e9 ce dimanche les dirigeants ukrainiens de ne faire preuve d\u2019ingratitude envers les <a href=\"https:\/\/www.20minutes.fr\/monde\/etats-unis\/\" class=\"c-link c-link--is-underlined\" target=\"_blank\" rel=\"noopener\">Etats-Unis<\/a>, alors qu\u2019il tente d\u2019imposer un accord contest\u00e9 pour mettre fin au conflit. \u00ab\u00a0J\u2019ai h\u00e9rit\u00e9 d\u2019une guerre qui n\u2019aurait jamais d\u00fb arriver, perdante pour tout le monde, \u00e9crit le pr\u00e9sident en lettres majuscules sur Truth Social. Les responsables ukrainiens n\u2019ont exprim\u00e9 aucune gratitude pour nos efforts, et l\u2019<a href=\"https:\/\/www.20minutes.fr\/dossier\/europe\" class=\"c-link c-link--is-underlined\" target=\"_blank\" rel=\"noopener\">Europe<\/a> continue d\u2019acheter du p\u00e9trole \u00e0 la Russie.\u00a0\u00bb<\/p>\n<p>Il se plaint \u00e9galement que \u00ab\u00a0les \u00c9tats-Unis continuent de vendre des quantit\u00e9s massives d\u2019armes \u00e0 l\u2019OTAN pour distribution \u00e0 l\u2019Ukraine\u00a0\u00bb pr\u00e9cisant que \u00ab\u00a0Joe la Crapule [<a href=\"https:\/\/www.20minutes.fr\/dossier\/joe_biden\" class=\"c-link c-link--is-underlined\" target=\"_blank\" rel=\"noopener\">Joe Biden<\/a>] a tout donn\u00e9, gratuit, gratuit, gratuit, y compris de \u00ab\u00a0grosses\u00a0\u00bb sommes d\u2019argent\u00a0!\u00a0\u00bb En r\u00e9ponse, le pr\u00e9sident ukrainien Volodymyr Zelensky sest redit \u00ab\u00a0personnellement\u00a0\u00bb reconnaissant envers Donald Trump.<\/p>\n<p><\/p>\n<p>Le secr\u00e9taire d\u2019Etat am\u00e9ricain <a href=\"https:\/\/www.20minutes.fr\/politique\/marco-rubio\/\" class=\"c-link c-link--is-underlined\" target=\"_blank\" rel=\"noopener\">Marco Rubio<\/a> devait rencontrer dimanche \u00e0 Gen\u00e8ve une d\u00e9l\u00e9gation ukrainienne dans l\u2019espoir de faire avancer le plan de Donald Trump sur l\u2019Ukraine. L\u2019administration am\u00e9ricaine pr\u00e9sente d\u00e9sormais comme \u00ab\u00a0un cadre pour des n\u00e9gociations\u00a0\u00bb ce plan de Trump en 28 points, qui vise \u00e0 mettre fin au conflit provoqu\u00e9 par pr\u00e8s de quatre ans d\u2019invasion russe, mais qui est vu avec inqui\u00e9tude \u00e0 Kiev et Bruxelles. Avec le n\u00e9gociateur de Kiev, Andri\u00ef Iermak, ils ont salu\u00e9 dimanche les \u00ab\u00a0bons progr\u00e8s\u00a0\u00bb dans les pourparlers en cours \u00e0 Gen\u00e8ve sur le plan de Trump pour mettre fin \u00e0 la guerre avec la Russie.<\/p>\n<p>La d\u00e9claration du jour<\/p>\n<blockquote class=\"mx-m@xs mx-xxl@md color-ultramarine c-citation\">\n<p class=\"font-weight-regular@xs text-italic font-source-serif-pro text-l@xs c-citation__content\">\u00ab\u00a0Il semble que les propositions am\u00e9ricaines pourraient inclure un certain nombre d\u2019\u00e9l\u00e9ments bas\u00e9s sur les perspectives ukrainiennes et essentielles pour les int\u00e9r\u00eats nationaux de l\u2019Ukraine.\u00a0\u00bb<\/p>\n<\/blockquote>\n<p><a href=\"https:\/\/www.20minutes.fr\/monde\/volodymyr-zelensky\/\" class=\"c-link c-link--is-underlined\" target=\"_blank\" rel=\"noopener\">Volodymyr Zelensky<\/a> a publi\u00e9 ce message optimiste sur X dans la journ\u00e9e, en marge des n\u00e9gociations \u00e0 Gen\u00e8ve. L\u2019un des membres de la d\u00e9l\u00e9gation ukrainienne, Roustem Oumerov, \u00e0 la t\u00eate du Conseil de s\u00e9curit\u00e9 du pays, a aussi estim\u00e9 que la nouvelle version du texte d\u2019accord refl\u00e9tait \u00ab\u00a0la plupart des priorit\u00e9s cl\u00e9s\u00a0\u00bb de Kiev.<\/p>\n<p>Le chiffre du jour<\/p>\n<p>3. L\u2019arm\u00e9e russe a revendiqu\u00e9 ce dimanche la prise de trois nouvelles localit\u00e9s dans l\u2019est de l\u2019Ukraine, o\u00f9 elle a l\u2019avantage face aux troupes ukrainiennes. Le minist\u00e8re russe de la D\u00e9fense a rapport\u00e9 la capture de Petrivsk\u00e9 dans la r\u00e9gion de Donetsk (est), o\u00f9 se d\u00e9roule l\u2019essentiel des combats, et de Tikh\u00e9 et Otradn\u00e9 dans la r\u00e9gion de Dinpropetrovsk (centre-est), o\u00f9 ses troupes ont p\u00e9n\u00e9tr\u00e9 au cours de l\u2019\u00e9t\u00e9 et avancent rapidement.<\/p>\n<p><a href=\"https:\/\/www.20minutes.fr\/monde\/ukraine\/\" class=\"c-link c-btn c-btn--primary\" target=\"_blank\" rel=\"noopener\">Notre dossier sur la guerre en Ukraine<\/a><\/p>\n<p>L\u2019arm\u00e9e ukrainienne est en difficult\u00e9 sur le front, se battant actuellement pour ne pas perdre le contr\u00f4le de plusieurs forteresses sur le front est et ayant commenc\u00e9 \u00e0 reculer dans certains secteur du nord et du sud du pays, o\u00f9 les lignes n\u2019avaient pas boug\u00e9 depuis plusieurs mois.<\/p>\n<p>La tendance du jour<\/p>\n<p>Outre les n\u00e9gociations entre l\u2019Ukraine et les Etats-Unis en <a href=\"https:\/\/www.20minutes.fr\/dossier\/suisse\" class=\"c-link c-link--is-underlined\" target=\"_blank\" rel=\"noopener\">Suisse<\/a>, les Europ\u00e9ens jouent aussi leur coup. Le pr\u00e9sident am\u00e9ricain Donald Trump et le <a href=\"https:\/\/www.20minutes.fr\/dossier\/premier_ministre\" class=\"c-link c-link--is-underlined\" target=\"_blank\" rel=\"noopener\">Premier ministre<\/a> britannique <a href=\"https:\/\/www.20minutes.fr\/monde\/keir-starmer\/\" class=\"c-link c-link--is-underlined\" target=\"_blank\" rel=\"noopener\">Keir Starmer<\/a> ont par exemple convenu ce dimanche lors d\u2019un appel t\u00e9l\u00e9phonique qu\u2019il \u00e9tait important de \u00ab\u00a0travailler tous ensemble en ce moment critique\u00a0\u00bb pour le futur de l\u2019Ukraine, a indiqu\u00e9 Downing Street. Le pr\u00e9sident finlandais Alexander Stubb a lui aussi indiqu\u00e9 \u00e0 l\u2019AFP avoir appel\u00e9 dimanche son homologue am\u00e9ricain Donald Trump, avec la Premi\u00e8re ministre italienne <a href=\"https:\/\/www.20minutes.fr\/monde\/giorgia-meloni\/\" class=\"c-link c-link--is-underlined\" target=\"_blank\" rel=\"noopener\">Giorgia Meloni<\/a>, pour discuter de son plan pour l\u2019Ukraine.<\/p>\n","protected":false},"excerpt":{"rendered":"Vous avez rat\u00e9 les derniers \u00e9v\u00e9nements sur la guerre en Ukraine\u00a0? 20 Minutes fait le point pour vous&hellip;\n","protected":false},"author":2,"featured_media":553850,"comment_status":"","ping_status":"","sticky":false,"template":"","format":"standard","meta":{"footnotes":""},"categories":[1590],"tags":[47,11,75,73,1777,674,131,74,1916,12,8013,132,220,135,134],"class_list":{"0":"post-553849","1":"post","2":"type-post","3":"status-publish","4":"format-standard","5":"has-post-thumbnail","7":"category-ukraine","8":"tag-actualite","9":"tag-actualites","10":"tag-donald-trump","11":"tag-etats-unis","12":"tag-eu","13":"tag-europe","14":"tag-guerre-en-ukraine","15":"tag-monde","16":"tag-moscou","17":"tag-news","18":"tag-russe","19":"tag-russie","20":"tag-ukraine","21":"tag-vladimir-poutine","22":"tag-volodymyr-zelensky"},"share_on_mastodon":{"url":"https:\/\/pubeurope.com\/@fr\/115600372855685186","error":""},"_links":{"self":[{"href":"https:\/\/www.europesays.com\/fr\/wp-json\/wp\/v2\/posts\/553849","targetHints":{"allow":["GET"]}}],"collection":[{"href":"https:\/\/www.europesays.com\/fr\/wp-json\/wp\/v2\/posts"}],"about":[{"href":"https:\/\/www.europesays.com\/fr\/wp-json\/wp\/v2\/types\/post"}],"author":[{"embeddable":true,"href":"https:\/\/www.europesays.com\/fr\/wp-json\/wp\/v2\/users\/2"}],"replies":[{"embeddable":true,"href":"https:\/\/www.europesays.com\/fr\/wp-json\/wp\/v2\/comments?post=553849"}],"version-history":[{"count":0,"href":"https:\/\/www.europesays.com\/fr\/wp-json\/wp\/v2\/posts\/553849\/revisions"}],"wp:featuredmedia":[{"embeddable":true,"href":"https:\/\/www.europesays.com\/fr\/wp-json\/wp\/v2\/media\/553850"}],"wp:attachment":[{"href":"https:\/\/www.europesays.com\/fr\/wp-json\/wp\/v2\/media?parent=553849"}],"wp:term":[{"taxonomy":"category","embeddable":true,"href":"https:\/\/www.europesays.com\/fr\/wp-json\/wp\/v2\/categories?post=553849"},{"taxonomy":"post_tag","embeddable":true,"href":"https:\/\/www.europesays.com\/fr\/wp-json\/wp\/v2\/tags?post=553849"}],"curies":[{"name":"wp","href":"https:\/\/api.w.org\/{rel}","templated":true}]}}