{"id":553851,"date":"2025-11-23T18:14:16","date_gmt":"2025-11-23T18:14:16","guid":{"rendered":"https:\/\/www.europesays.com\/fr\/553851\/"},"modified":"2025-11-23T18:14:16","modified_gmt":"2025-11-23T18:14:16","slug":"a-johannesburg-le-g20-se-termine-sans-passation-aux-etats-unis-le-prochain-pays-hote","status":"publish","type":"post","link":"https:\/\/www.europesays.com\/fr\/553851\/","title":{"rendered":"\u00c0 Johannesburg, le G20 se termine sans passation aux \u00c9tats-Unis, le prochain pays h\u00f4te"},"content":{"rendered":"<p>\n  Par&amp;nbsp<b>euronews<\/b>\n<\/p>\n<p>\n         Publi\u00e9 le<br \/>\n            23\/11\/2025 &#8211; 19:04 UTC+1\n            <\/p>\n<p>Le sommet du G20 qui s&rsquo;est tenu \u00e0 Johannesburg, capitale de l&rsquo;Afrique du Sud, s&rsquo;est achev\u00e9 sur un clivage diplomatique entre le pays h\u00f4te et le pays qui accueillera le dialogue l&rsquo;ann\u00e9e suivante, \u00e0 savoir l&rsquo;Afrique du Sud et les \u00c9tats-Unis.<\/p>\n<p> Cette ann\u00e9e, le pr\u00e9sident am\u00e9ricain Donald Trump n&rsquo;a pas particip\u00e9 au sommet des dirigeants. Plusieurs autres dirigeants ont fait de m\u00eame, notamment le pr\u00e9sident chinois Xi Jinping et son homologue russe Vladimir Poutine. <\/p>\n<p>Les \u00c9tats-Unis ont d\u00e9clar\u00e9 qu&rsquo;ils n&rsquo;assisteraient qu&rsquo;\u00e0 la c\u00e9r\u00e9monie de passation de la pr\u00e9sidence. Mais l&rsquo;Afrique du Sud aurait refus\u00e9 de le faire parce que l&rsquo;Am\u00e9rique avait envoy\u00e9 un jeune fonctionnaire am\u00e9ricain. L&rsquo;Afrique du Sud a d\u00e9clar\u00e9 que la passation de pouvoir aurait lieu plus tard.<\/p>\n<p>Les \u00c9tats-Unis doivent prendre la pr\u00e9sidence du G20 pour 2026. Le gouvernement am\u00e9ricain a d\u00e9clar\u00e9 qu&rsquo;elle organiserait son sommet au club de golf du pr\u00e9sident Donald Trump \u00e0 Doral, en Floride. <\/p>\n<p>Les dirigeants mondiaux participant \u00e0 un sommet du Groupe des 20 ont adopt\u00e9 une <a href=\"https:\/\/fr.euronews.com\/2025\/11\/22\/g20-declaration-commune-en-depit-du-boycott-americain-le-plan-de-paix-pour-lukraine-debatt\" target=\"_blank\" rel=\"noopener\"><strong>d\u00e9claration sur les d\u00e9fis mondiaux<\/strong><\/a> d\u00e8s samedi, malgr\u00e9 l&rsquo;opposition des \u00c9tats-Unis. La d\u00e9claration en 122 points exige une action mondiale accrue pour faire face au <a href=\"https:\/\/fr.euronews.com\/my-europe\/2024\/11\/20\/sommet-du-g20-le-president-lula-pousse-les-pays-developpes-a-accelerer-leurs-efforts-pour-\" target=\"_blank\" rel=\"noopener\"><strong>changement climatique<\/strong><\/a>.<\/p>\n<p>Elle souligne \u00e9galement la n\u00e9cessit\u00e9 de r\u00e9former les syst\u00e8mes financiers internationaux afin d&rsquo;aider les pays \u00e0 faible revenu \u00e0 faire face \u00e0 leur dette.<\/p>\n","protected":false},"excerpt":{"rendered":"Par&amp;nbspeuronews Publi\u00e9 le 23\/11\/2025 &#8211; 19:04 UTC+1 Le sommet du G20 qui s&rsquo;est tenu \u00e0 Johannesburg, capitale de&hellip;\n","protected":false},"author":2,"featured_media":553852,"comment_status":"","ping_status":"","sticky":false,"template":"","format":"standard","meta":{"footnotes":""},"categories":[1589],"tags":[11,35331,75,73,1866,50368,131,12,1864,1865,1863,308],"class_list":{"0":"post-553851","1":"post","2":"type-post","3":"status-publish","4":"format-standard","5":"has-post-thumbnail","7":"category-etats-unis","8":"tag-actualites","9":"tag-crise-climatique","10":"tag-donald-trump","11":"tag-etats-unis","12":"tag-etats-unis-damerique","13":"tag-g20","14":"tag-guerre-en-ukraine","15":"tag-news","16":"tag-united-states","17":"tag-united-states-of-america","18":"tag-us","19":"tag-usa"},"share_on_mastodon":{"url":"https:\/\/pubeurope.com\/@fr\/115600377002707740","error":""},"_links":{"self":[{"href":"https:\/\/www.europesays.com\/fr\/wp-json\/wp\/v2\/posts\/553851","targetHints":{"allow":["GET"]}}],"collection":[{"href":"https:\/\/www.europesays.com\/fr\/wp-json\/wp\/v2\/posts"}],"about":[{"href":"https:\/\/www.europesays.com\/fr\/wp-json\/wp\/v2\/types\/post"}],"author":[{"embeddable":true,"href":"https:\/\/www.europesays.com\/fr\/wp-json\/wp\/v2\/users\/2"}],"replies":[{"embeddable":true,"href":"https:\/\/www.europesays.com\/fr\/wp-json\/wp\/v2\/comments?post=553851"}],"version-history":[{"count":0,"href":"https:\/\/www.europesays.com\/fr\/wp-json\/wp\/v2\/posts\/553851\/revisions"}],"wp:featuredmedia":[{"embeddable":true,"href":"https:\/\/www.europesays.com\/fr\/wp-json\/wp\/v2\/media\/553852"}],"wp:attachment":[{"href":"https:\/\/www.europesays.com\/fr\/wp-json\/wp\/v2\/media?parent=553851"}],"wp:term":[{"taxonomy":"category","embeddable":true,"href":"https:\/\/www.europesays.com\/fr\/wp-json\/wp\/v2\/categories?post=553851"},{"taxonomy":"post_tag","embeddable":true,"href":"https:\/\/www.europesays.com\/fr\/wp-json\/wp\/v2\/tags?post=553851"}],"curies":[{"name":"wp","href":"https:\/\/api.w.org\/{rel}","templated":true}]}}