{"id":553853,"date":"2025-11-23T18:15:21","date_gmt":"2025-11-23T18:15:21","guid":{"rendered":"https:\/\/www.europesays.com\/fr\/553853\/"},"modified":"2025-11-23T18:15:21","modified_gmt":"2025-11-23T18:15:21","slug":"royaume-uni-des-milliers-dhabitants-manifestent-contre-linstallation-de-600-migrants-dans-un-camp-militaire","status":"publish","type":"post","link":"https:\/\/www.europesays.com\/fr\/553853\/","title":{"rendered":"Royaume-Uni : des milliers d\u2019habitants manifestent contre l\u2019installation de 600 migrants dans un camp militaire"},"content":{"rendered":"<p>                                            Monde\n                                                                            <\/p>\n<p>\n                                            Des milliers de riverains de Crowborough, une commune du sud de l\u2019Angleterre, ont d\u00e9fil\u00e9 dimanche 23 novembre pour protester contre le projet du gouvernement britannique d\u2019installer 600 demandeurs d\u2019asile dans un camp militaire local.                                        <\/p>\n<p>                                                Publi\u00e9 le 23 novembre 2025 \u00e0 19h06                                                                                            <\/p>\n<p>                                            <img loading=\"lazy\" width=\"1024\" height=\"683\" src=\"https:\/\/www.europesays.com\/fr\/wp-content\/uploads\/2025\/11\/SIPA_shutterstock41335074_000025-1.jpg\" class=\"attachment-post-thumbnail size-post-thumbnail wp-post-image\" alt=\"Shutterstock\/SIPA\" decoding=\"async\"  \/><\/p>\n<p>                                            Shutterstock\/SIPA<\/p>\n<p>Environ 3 000 habitants ont encore d\u00e9fil\u00e9 dimanche 23 novembre dans les rues de Crowborough, dans le sud de <a href=\"https:\/\/www.valeursactuelles.com\/monde\/royaume-uni-le-gouvernement-charge-6000-fonctionnaires-de-surveiller-les-discours-anti-migrants-sur-les-reseaux-sociaux\" target=\"_blank\" rel=\"noopener\">l\u2019Angleterre<\/a>, pour d\u00e9noncer le projet d\u2019installer 600 <a href=\"https:\/\/www.valeursactuelles.com\/clubvaleurs\/societe\/politique-migratoire-le-royaume-uni-sinspire-du-danemark-la-france-sous-pression\" target=\"_blank\" rel=\"noopener\">demandeurs d\u2019asile<\/a> dans le camp d\u2019entra\u00eenement militaire situ\u00e9 en p\u00e9riph\u00e9rie de la ville, rapporte la cha\u00eene <a href=\"https:\/\/www.gbnews.com\/news\/migrant-crisis-crowborough-army-camp-sussex-news-protest\" target=\"_blank\" rel=\"nofollow noopener\">GB News<\/a>. Les manifestants, inquiets du manque de consultation pr\u00e9alable, de l\u2019arriv\u00e9e annonc\u00e9e en seulement 48 heures et des r\u00e9percussions potentielles sur la s\u00e9curit\u00e9 locale, se sont regroup\u00e9s en deux cort\u00e8ges qui ont converg\u00e9 vers le site militaire.<\/p>\n<p><a href=\"https:\/\/www.valeursactuelles.com\/monde\/angleterre-renvoyez-les-chez-eux-manifestations-tendues-devant-un-hotel-hebergeant-des-demandeurs-dasile\" class=\"h-flex h-align-items-center h-border-tb h-ptb-15\" target=\"_blank\" rel=\"noopener\">A\u00a0LIRE\u00a0Angleterre : \u00ab Renvoyez-les chez eux \u00bb, manifestations tendues devant un h\u00f4tel h\u00e9bergeant des demandeurs d\u2019asile<\/a><\/p>\n<blockquote class=\"twitter-tweet\">\n<p dir=\"ltr\" lang=\"en\">Fantastic turnout today in <a href=\"https:\/\/twitter.com\/hashtag\/Crowborough?src=hash&amp;ref_src=twsrc%5Etfw\" target=\"_blank\" rel=\"noopener\">#Crowborough<\/a>. Really fantastic community spirit united against <a href=\"https:\/\/twitter.com\/ukhomeoffice?ref_src=twsrc%5Etfw\" target=\"_blank\" rel=\"noopener\">@ukhomeoffice<\/a> and <a href=\"https:\/\/twitter.com\/AlexJJNorris?ref_src=twsrc%5Etfw\" target=\"_blank\" rel=\"noopener\">@AlexJJNorris<\/a> disgraceful plan to put 600 illegal entrants in an open camp on the edge of town <a href=\"https:\/\/t.co\/3SmPUvnGfP\">pic.twitter.com\/3SmPUvnGfP<\/a><\/p>\n<p>\u2014 Andrew Wilson\ud83c\udff4\udb40\udc67\udb40\udc62\udb40\udc65\udb40\udc6e\udb40\udc67\udb40\udc7f\ud83c\uddec\ud83c\udde7 \u2022 \ud83c\udded\ud83c\uddf0 (@Andrew_WilsonUK) <a href=\"https:\/\/twitter.com\/Andrew_WilsonUK\/status\/1992556101125177656?ref_src=twsrc%5Etfw\" target=\"_blank\" rel=\"noopener\">November 23, 2025<\/a><\/p>\n<\/blockquote>\n<p>En signe de protestation, 600 participants portaient des badges num\u00e9rot\u00e9s, symbolisant le nombre exact de migrants que le minist\u00e8re de l\u2019Int\u00e9rieur pr\u00e9voit de transf\u00e9rer au Crowborough Army Camp d\u2019ici la fin de l\u2019ann\u00e9e, selon le m\u00e9dia britannique.<\/p>\n<p>Le gouvernement maintient son projet malgr\u00e9 les contestations<a href=\"https:\/\/www.valeursactuelles.com\/monde\/angleterre-deux-hommes-condamnes-a-quatre-ans-de-prison-pour-avoir-abattu-larbre-le-plus-celebre-du-pays\" class=\"h-flex h-align-items-center h-border-tb h-ptb-15\" target=\"_blank\" rel=\"noopener\">A\u00a0LIRE\u00a0Angleterre : deux hommes condamn\u00e9s \u00e0 quatre ans de prison pour avoir abattu l\u2019arbre le plus c\u00e9l\u00e8bre du pays<\/a><\/p>\n<p>Le camp de Crowborough, utilis\u00e9 par l\u2019arm\u00e9e britannique depuis la Premi\u00e8re Guerre mondiale et encore employ\u00e9 aujourd\u2019hui par plusieurs unit\u00e9s de cadets, fait partie des sites retenus par le gouvernement apr\u00e8s l\u2019annonce officielle du 28 octobre 2025 visant \u00e0 r\u00e9duire le recours aux h\u00f4tels pour h\u00e9berger les demandeurs d\u2019asile. Face \u00e0 la col\u00e8re croissante des habitants, le minist\u00e8re de l\u2019Int\u00e9rieur a reconnu avoir \u00ab pr\u00e9sent\u00e9 ses excuses pour la mani\u00e8re dont les plans d\u2019h\u00e9bergement de demandeurs d\u2019asile \u00e0 Crowborough ont \u00e9t\u00e9 g\u00e9r\u00e9s \u00bb, rapporte la <a href=\"https:\/\/www.bbc.com\/news\/articles\/cvg4xv49d5eo\" target=\"_blank\" rel=\"noopener\">BBC<\/a>. Malgr\u00e9 ces excuses, Londres maintient son projet, assurant que \u00ab des travaux sont en cours pour transf\u00e9rer les demandeurs d\u2019asile dans des h\u00e9bergements plus adapt\u00e9s, comme des bases militaires, afin d\u2019all\u00e9ger la pression sur les communaut\u00e9s \u00e0 travers le pays \u00bb.<\/p>\n<p>\u00ab Arr\u00eatez de r\u00e9compenser, commencez \u00e0 expulser \u00bb<\/p>\n<p>Au fil des semaines, la contestation s\u2019est structur\u00e9e autour de plusieurs th\u00e8mes : s\u00e9curit\u00e9, pression sur les services publics, mais aussi avenir du site militaire. Des pancartes brandies dans le cort\u00e8ge affichaient notamment les slogans \u00ab arr\u00eatez de r\u00e9compenser, commencez \u00e0 expulser \u00bb et \u00ab prot\u00e9gez notre ville, prot\u00e9gez nos communaut\u00e9s et prot\u00e9gez nos familles, et emp\u00eachez 600 immigr\u00e9s ill\u00e9gaux de venir \u00e0 Crowborough \u00bb, rapporte GB News.<\/p>\n<p>                                                                    <script async src=\"https:\/\/platform.twitter.com\/widgets.js\" charset=\"utf-8\"><\/script><\/p>\n","protected":false},"excerpt":{"rendered":"Monde Des milliers de riverains de Crowborough, une commune du sud de l\u2019Angleterre, ont d\u00e9fil\u00e9 dimanche 23 novembre&hellip;\n","protected":false},"author":2,"featured_media":553854,"comment_status":"","ping_status":"","sticky":false,"template":"","format":"standard","meta":{"footnotes":""},"categories":[1588],"tags":[11,4708,19046,1777,674,1061,2088,12,473,1853,1851,1850,1852],"class_list":{"0":"post-553853","1":"post","2":"type-post","3":"status-publish","4":"format-standard","5":"has-post-thumbnail","7":"category-royaume-uni","8":"tag-actualites","9":"tag-angleterre","10":"tag-demandeurs-dasile","11":"tag-eu","12":"tag-europe","13":"tag-immigration","14":"tag-manifestation","15":"tag-news","16":"tag-royaume-uni","17":"tag-royaume-uni-de-grande-bretagne-et-dirlande-du-nord","18":"tag-uk","19":"tag-united-kingdom","20":"tag-united-kingdom-of-great-britain-and-northern-ireland"},"share_on_mastodon":{"url":"https:\/\/pubeurope.com\/@fr\/115600381531753537","error":""},"_links":{"self":[{"href":"https:\/\/www.europesays.com\/fr\/wp-json\/wp\/v2\/posts\/553853","targetHints":{"allow":["GET"]}}],"collection":[{"href":"https:\/\/www.europesays.com\/fr\/wp-json\/wp\/v2\/posts"}],"about":[{"href":"https:\/\/www.europesays.com\/fr\/wp-json\/wp\/v2\/types\/post"}],"author":[{"embeddable":true,"href":"https:\/\/www.europesays.com\/fr\/wp-json\/wp\/v2\/users\/2"}],"replies":[{"embeddable":true,"href":"https:\/\/www.europesays.com\/fr\/wp-json\/wp\/v2\/comments?post=553853"}],"version-history":[{"count":0,"href":"https:\/\/www.europesays.com\/fr\/wp-json\/wp\/v2\/posts\/553853\/revisions"}],"wp:featuredmedia":[{"embeddable":true,"href":"https:\/\/www.europesays.com\/fr\/wp-json\/wp\/v2\/media\/553854"}],"wp:attachment":[{"href":"https:\/\/www.europesays.com\/fr\/wp-json\/wp\/v2\/media?parent=553853"}],"wp:term":[{"taxonomy":"category","embeddable":true,"href":"https:\/\/www.europesays.com\/fr\/wp-json\/wp\/v2\/categories?post=553853"},{"taxonomy":"post_tag","embeddable":true,"href":"https:\/\/www.europesays.com\/fr\/wp-json\/wp\/v2\/tags?post=553853"}],"curies":[{"name":"wp","href":"https:\/\/api.w.org\/{rel}","templated":true}]}}