{"id":553855,"date":"2025-11-23T18:17:19","date_gmt":"2025-11-23T18:17:19","guid":{"rendered":"https:\/\/www.europesays.com\/fr\/553855\/"},"modified":"2025-11-23T18:17:19","modified_gmt":"2025-11-23T18:17:19","slug":"perquisition-au-domicile-dun-internaute-apres-un-message-visant-les-fonctionnaires","status":"publish","type":"post","link":"https:\/\/www.europesays.com\/fr\/553855\/","title":{"rendered":"perquisition au domicile d\u2019un internaute apr\u00e8s un message visant les fonctionnaires"},"content":{"rendered":"<p>AA \/ Berlin \/ Ayhan Simsek <\/p>\n<p>La police allemande a perquisitionn\u00e9 le domicile d\u2019un professionnel de sant\u00e9 de 45 ans, apr\u00e8s qu\u2019il a qualifi\u00e9 des fonctionnaires de \u00ab parasites \u00bb sur les r\u00e9seaux sociaux, suscitant des inqui\u00e9tudes quant \u00e0 la libert\u00e9 d\u2019expression dans le pays, selon une information r\u00e9v\u00e9l\u00e9e par la presse locale. <\/p>\n<p>L\u2019homme, identifi\u00e9 uniquement par l\u2019initiale M. en raison des lois allemandes sur la protection de la vie priv\u00e9e, a publi\u00e9 un message le 29 septembre sur la plateforme am\u00e9ricaine X, dans lequel il critiquait le syst\u00e8me fiscal du pays et ceux qui sont financ\u00e9s par l\u2019\u00c9tat.<\/p>\n<p>\u00ab Non, quiconque est financ\u00e9 par l\u2019\u00c9tat ne paie aucun imp\u00f4t net ; ils vivent des imp\u00f4ts. Chaque fonctionnaire, chaque politicien, chaque employ\u00e9 d\u2019une entreprise publique, toute personne subventionn\u00e9e et financ\u00e9e par l\u2019\u00c9tat. Pas un seul parasite ne paie d\u2019imp\u00f4t net \u00bb, a-t-il \u00e9crit dans son message.<\/p>\n<p>Le 13 novembre, deux policiers se sont rendus \u00e0 son domicile, dans le Land de Bade-Wurtemberg, \u00e0 6 heures du matin, \u00e0 bord d\u2019une voiture banalis\u00e9e, a rapport\u00e9 le quotidien allemand Die Welt. Ils ont pr\u00e9sent\u00e9 un mandat de perquisition d\u00e9livr\u00e9 pour soup\u00e7on d\u2019\u00ab incitation \u00e0 la haine \u00bb, une infraction pr\u00e9vue par le droit allemand.<\/p>\n<p>L\u2019utilisateur des r\u00e9seaux sociaux a indiqu\u00e9 que les agents lui avaient donn\u00e9 le choix : remettre son t\u00e9l\u00e9phone et son code PIN, ou ils proc\u00e9deraient \u00e0 la fouille compl\u00e8te de son appartement. Il s\u2019est ex\u00e9cut\u00e9 et a \u00e9t\u00e9 conduit dans un commissariat \u00e0 G\u00f6ppingen.<\/p>\n<p>Sur place, les policiers ont relev\u00e9 ses empreintes digitales et l\u2019ont photographi\u00e9. \u00ab J\u2019ai d\u00fb me d\u00e9nuder le haut du corps pour que la cicatrice d\u2019une op\u00e9ration de l\u2019appendicite puisse \u00e9galement \u00eatre photographi\u00e9e \u00bb, a-t-il d\u00e9clar\u00e9 au journal. Les agents ont \u00e9galement demand\u00e9 un pr\u00e9l\u00e8vement sanguin \u00e0 des fins d\u2019analyse ADN, ce qu\u2019il a refus\u00e9. L\u2019\u00e9chantillon n\u2019a pas \u00e9t\u00e9 pr\u00e9lev\u00e9.<\/p>\n<p>Son avocat, Marcus Pretzell, a qualifi\u00e9 l\u2019action de la police d\u2019\u00ab absurde et ill\u00e9gale \u00bb, pr\u00e9cisant qu\u2019il n\u2019a pas encore \u00e9t\u00e9 autoris\u00e9 \u00e0 consulter le dossier de son client.<\/p>\n<p>Ni le tribunal ni le parquet n\u2019ont expliqu\u00e9 le fondement de l\u2019accusation d\u2019\u00ab incitation \u00e0 la haine \u00bb. Les autorit\u00e9s ont refus\u00e9 de confirmer la formulation exacte des propos jug\u00e9s incendiaires, invoquant l\u2019enqu\u00eate en cours.<\/p>\n<p>L\u2019homme affirme qu\u2019il a \u00e9t\u00e9 mis en cause en raison du mot \u00ab parasite \u00bb utilis\u00e9 dans sa publication. Des m\u00e9dias locaux ont sugg\u00e9r\u00e9 que les procureurs pourraient avoir agi parce que les nazis utilisaient le terme \u00ab parasites \u00bb pour vilipender les Juifs, bien que l\u2019homme rejette tout lien avec le n\u00e9onazisme. \u00ab Je m\u00e9prise la violence. Je m\u00e9prise l\u2019extr\u00e9misme. Je m\u00e9prise le national-socialisme, le socialisme et le communisme \u00bb, a-t-il d\u00e9clar\u00e9 \u00e0 Die Welt.<\/p>\n<p>* Traduit de l&rsquo;anglais par Serap Dogansoy<\/p>\n<p>                            &#13;<br \/>\n                                <a href=\"https:\/\/www.aa.com.tr\/fr\/p\/abonnement\/1001\" target=\"_blank\" style=\"font-size:12px; color:#444; text-decoration:none;\" rel=\"noopener\">&#13;<br \/>\n                                    Seulement une partie des d\u00e9p\u00eaches, que l&rsquo;Agence Anadolu diffuse \u00e0 ses abonn\u00e9s via le Syst\u00e8me de Diffusion interne (HAS), est diffus\u00e9e sur le site de l&rsquo;AA, de mani\u00e8re r\u00e9sum\u00e9e. <b style=\"color:#1897F7\">Contactez-nous s&rsquo;il vous pla\u00eet pour vous abonner.<\/b>&#13;<br \/>\n                                <\/a>&#13;<\/p>\n","protected":false},"excerpt":{"rendered":"AA \/ Berlin \/ Ayhan Simsek La police allemande a perquisitionn\u00e9 le domicile d\u2019un professionnel de sant\u00e9 de&hellip;\n","protected":false},"author":2,"featured_media":553856,"comment_status":"","ping_status":"","sticky":false,"template":"","format":"standard","meta":{"footnotes":""},"categories":[1587],"tags":[11,672,1785,1804,1805,1803,1777,674,1801,10293,12,1072,1802],"class_list":{"0":"post-553855","1":"post","2":"type-post","3":"status-publish","4":"format-standard","5":"has-post-thumbnail","7":"category-allemagne","8":"tag-actualites","9":"tag-allemagne","10":"tag-anadolu-ajansi","11":"tag-bundesrepublik-deutschland","12":"tag-de","13":"tag-deutschland","14":"tag-eu","15":"tag-europe","16":"tag-germany","17":"tag-libert-dexpression","18":"tag-news","19":"tag-police","20":"tag-republique-federale-dallemagne"},"share_on_mastodon":{"url":"https:\/\/pubeurope.com\/@fr\/115600388928344296","error":""},"_links":{"self":[{"href":"https:\/\/www.europesays.com\/fr\/wp-json\/wp\/v2\/posts\/553855","targetHints":{"allow":["GET"]}}],"collection":[{"href":"https:\/\/www.europesays.com\/fr\/wp-json\/wp\/v2\/posts"}],"about":[{"href":"https:\/\/www.europesays.com\/fr\/wp-json\/wp\/v2\/types\/post"}],"author":[{"embeddable":true,"href":"https:\/\/www.europesays.com\/fr\/wp-json\/wp\/v2\/users\/2"}],"replies":[{"embeddable":true,"href":"https:\/\/www.europesays.com\/fr\/wp-json\/wp\/v2\/comments?post=553855"}],"version-history":[{"count":0,"href":"https:\/\/www.europesays.com\/fr\/wp-json\/wp\/v2\/posts\/553855\/revisions"}],"wp:featuredmedia":[{"embeddable":true,"href":"https:\/\/www.europesays.com\/fr\/wp-json\/wp\/v2\/media\/553856"}],"wp:attachment":[{"href":"https:\/\/www.europesays.com\/fr\/wp-json\/wp\/v2\/media?parent=553855"}],"wp:term":[{"taxonomy":"category","embeddable":true,"href":"https:\/\/www.europesays.com\/fr\/wp-json\/wp\/v2\/categories?post=553855"},{"taxonomy":"post_tag","embeddable":true,"href":"https:\/\/www.europesays.com\/fr\/wp-json\/wp\/v2\/tags?post=553855"}],"curies":[{"name":"wp","href":"https:\/\/api.w.org\/{rel}","templated":true}]}}