{"id":553867,"date":"2025-11-23T18:26:14","date_gmt":"2025-11-23T18:26:14","guid":{"rendered":"https:\/\/www.europesays.com\/fr\/553867\/"},"modified":"2025-11-23T18:26:14","modified_gmt":"2025-11-23T18:26:14","slug":"pierre-mignoni-louis-carbonel-il-nest-pas-du-bon-cote","status":"publish","type":"post","link":"https:\/\/www.europesays.com\/fr\/553867\/","title":{"rendered":"Pierre Mignoni : \u00ab Louis Carbonel ? Il n\u2019est pas du bon c\u00f4t\u00e9 \u00bb"},"content":{"rendered":"<p>Le manager du Rugby Club Toulonnais, Pierre Mignoni s\u2019est confi\u00e9 en conf\u00e9rence de presse sur le match \u00e0 venir contre le Stade-Fran\u00e7ais Paris.<\/p>\n<p>Au cours de cette conf\u00e9rence de presse, le technicien du RCT a \u00e9voqu\u00e9 les prestations de son troisi\u00e8me ligne Zack Mercer.<\/p>\n<p><strong>Il se dit tr\u00e8s satisfait des prestations effectu\u00e9es par l\u2019international Anglais. Extrait:<\/strong><\/p>\n<p>\u00ab\u00a0Zack Mercer ? Ses premiers mois sont bons. Il a altern\u00e9 avec le tr\u00e8s bon mais il a encore besoin de temps. Il n\u2019a pas jou\u00e9 de 9 mois. On a retrouv\u00e9 le Zack Mercer que l\u2019on veut voir, il travaille \u00e9norm\u00e9ment. Je ne suis pas inquiet, je suis tr\u00e8s content de lui. Il s\u2019est tr\u00e8s bien int\u00e9gr\u00e9 \u00e0 l\u2019\u00e9quipe. Il est arriv\u00e9 sur la pointe des pieds, beaucoup d\u2019humilit\u00e9. Je sais qu\u2019il va encore \u00eatre meilleur dans les semaines \u00e0 venir.<\/p>\n<p>C\u2019est quelqu\u2019un qui travaille, il ne parle pas trop. Quand il a quelque chose \u00e0 dire il le dit, s\u2019il a quelque chose \u00e0 me dire il me le dit. J\u2019aime les \u00e9changes avec lui. Il est l\u00e0 pour faire franchir un cap \u00e0 Toulon. Il sait pourquoi il est venu.\u00a0\u00bb<\/p>\n<p><strong>Dans la foul\u00e9e, il a parl\u00e9 de l\u2019ouvreur du Stade-Fran\u00e7ais Paris qui \u00e9tait pourtant annonc\u00e9 \u00e0 Toulon l\u2019\u00e9t\u00e9 dernier. Extrait:<\/strong><\/p>\n<p>\u00ab\u00a0Je suis tr\u00e8s content pour Louis Carbonel qu\u2019il retrouve son niveau. Mais bon, il n\u2019est pas du bon c\u00f4t\u00e9 (rire). On l\u2019appr\u00e9cie ici, je le connais depuis tout petit, mais \u00e7a s\u2019arr\u00eate-l\u00e0. Pendant 80 minutes, on ne se fera pas de cadeau. On ne va pas faire de langue de bois.\u00a0\u00bb<\/p>\n","protected":false},"excerpt":{"rendered":"Le manager du Rugby Club Toulonnais, Pierre Mignoni s\u2019est confi\u00e9 en conf\u00e9rence de presse sur le match \u00e0&hellip;\n","protected":false},"author":2,"featured_media":464908,"comment_status":"","ping_status":"","sticky":false,"template":"","format":"standard","meta":{"footnotes":""},"categories":[1416],"tags":[1011,27,479,1468,60],"class_list":{"0":"post-553867","1":"post","2":"type-post","3":"status-publish","4":"format-standard","5":"has-post-thumbnail","7":"category-rugby","8":"tag-fr","9":"tag-france","10":"tag-rugby","11":"tag-rugby-football","12":"tag-sports"},"share_on_mastodon":{"url":"https:\/\/pubeurope.com\/@fr\/115600423930783497","error":""},"_links":{"self":[{"href":"https:\/\/www.europesays.com\/fr\/wp-json\/wp\/v2\/posts\/553867","targetHints":{"allow":["GET"]}}],"collection":[{"href":"https:\/\/www.europesays.com\/fr\/wp-json\/wp\/v2\/posts"}],"about":[{"href":"https:\/\/www.europesays.com\/fr\/wp-json\/wp\/v2\/types\/post"}],"author":[{"embeddable":true,"href":"https:\/\/www.europesays.com\/fr\/wp-json\/wp\/v2\/users\/2"}],"replies":[{"embeddable":true,"href":"https:\/\/www.europesays.com\/fr\/wp-json\/wp\/v2\/comments?post=553867"}],"version-history":[{"count":0,"href":"https:\/\/www.europesays.com\/fr\/wp-json\/wp\/v2\/posts\/553867\/revisions"}],"wp:featuredmedia":[{"embeddable":true,"href":"https:\/\/www.europesays.com\/fr\/wp-json\/wp\/v2\/media\/464908"}],"wp:attachment":[{"href":"https:\/\/www.europesays.com\/fr\/wp-json\/wp\/v2\/media?parent=553867"}],"wp:term":[{"taxonomy":"category","embeddable":true,"href":"https:\/\/www.europesays.com\/fr\/wp-json\/wp\/v2\/categories?post=553867"},{"taxonomy":"post_tag","embeddable":true,"href":"https:\/\/www.europesays.com\/fr\/wp-json\/wp\/v2\/tags?post=553867"}],"curies":[{"name":"wp","href":"https:\/\/api.w.org\/{rel}","templated":true}]}}