{"id":553873,"date":"2025-11-23T18:33:16","date_gmt":"2025-11-23T18:33:16","guid":{"rendered":"https:\/\/www.europesays.com\/fr\/553873\/"},"modified":"2025-11-23T18:33:16","modified_gmt":"2025-11-23T18:33:16","slug":"sans-aucun-complexe-nagui-fam-parle-librement-de-la-fortune-quil-a-amassee-a-la-television","status":"publish","type":"post","link":"https:\/\/www.europesays.com\/fr\/553873\/","title":{"rendered":"sans aucun complexe, Nagui Fam parle librement de la fortune qu&rsquo;il a amass\u00e9e \u00e0 la t\u00e9l\u00e9vision"},"content":{"rendered":"<p class=\"app_entry_lead\">\n<p>                    <a title=\"\u00a0\u00a9\u00a0JM HAEDRICH\/SIPA (publi\u00e9e le 21\/11\/2025)\" href=\"https:\/\/www.europesays.com\/fr\/wp-content\/uploads\/2025\/11\/82940517.jpg\" class=\"fancy\"><\/p>\n<p>                            <img loading=\"lazy\" decoding=\"async\" src=\"https:\/\/www.europesays.com\/fr\/wp-content\/uploads\/2025\/11\/82940517.jpg\" alt=\"&quot;Je gagne tr\u00e8s bien ma vie&quot;\u00a0: sans aucun complexe, Nagui Fam parle librement de la fortune qu'il a amass\u00e9e \u00e0 la t\u00e9l\u00e9vision\" width=\"1500\" height=\"1000\"\/><\/p>\n<p>                    <\/a><\/p>\n<p>                Nagui, animateur vedette de France T\u00e9l\u00e9visions, est aussi un businessman qui a b\u00e2ti un empire. Il n&rsquo;a plus peur de parler de sa fortune colossale.<\/p>\n<p>Il a connu les succ\u00e8s de Taratata, N&rsquo;oubliez pas votre brosse \u00e0 dents ou de Que le meilleur gagne dans les ann\u00e9es 1990. Il a aussi connu\u00a0des ann\u00e9es de gal\u00e8re sur TF1 et Canal+\u00a0entre 1996 et 2005, une p\u00e9riode \u00ab\u00a0tr\u00e8s douloureuse\u00a0\u00bb comme le rapporte la presse, qui rappelle qu&rsquo;\u00e0 l&rsquo;\u00e9poque \u00ab\u00a0tout le monde le disait fini\u00a0\u00bb. Pourtant <a href=\"https:\/\/www.linternaute.fr\/television\/biographie\/1777148-nagui-il-arrete-tout-le-monde-veut-prendre-sa-place-les-raisons\/\" title=\"Nagui\" target=\"_blank\" rel=\"noopener\">Nagui<\/a> est aujourd&rsquo;hui l&rsquo;un des animateurs les plus en vogue de la t\u00e9l\u00e9vision. Un succ\u00e8s qui s&rsquo;accompagne d&rsquo;un v\u00e9ritable empire, b\u00e2ti par ce travailleur acharn\u00e9, dans un m\u00e9tier moins connu du grand public\u00a0: celui de producteur.<\/p>\n<p>Cr\u00e9ateur de la soci\u00e9t\u00e9 Air Production en 1993, qui a lanc\u00e9 des dizaines et des dizaines de programmes, Nagui a vu le vent tourner en sa faveur dans les ann\u00e9es 2000,\u00a0avec plusieurs \u00e9missions quotidiennes, hebdomadaires ou des \u00e9v\u00e9nements\u00a0vendus \u00e0\u00a0France T\u00e9l\u00e9visions, dont les incontournables Tout le monde veut prendre sa place (lanc\u00e9 en 2006) et N&rsquo;oubliez pas les paroles (en 2007). Si bien qu&rsquo;\u00e0 la fin de la d\u00e9cennie, il attire des\u00a0investisseurs.<\/p>\n<p>En 2009, Nagui va signer le deal de sa carri\u00e8re, en vendant sa soci\u00e9t\u00e9 \u00e0 St\u00e9phane Courbit, pr\u00e9sident de Banijay. Un g\u00e9ant de l&rsquo;audiovisuel, g\u00e9n\u00e9rant\u00a0pr\u00e8s de 1\u00a0milliard d&rsquo;euros de chiffre d&rsquo;affaires, et dont il d\u00e9tenait toujours 5,3% en 2018, via Holding Fam (le vrai nom de Nagui \u00e9tant Nagui Fam).\u00a0La participation s&rsquo;\u00e9l\u00e8verait \u00e0 20\u00a0millions d&rsquo;euros dans le groupe, leader europ\u00e9en de la production t\u00e9l\u00e9\u00a0avec notamment Fort Boyard, Koh-Lanta, ou Touche pas \u00e0 mon poste\u00a0! dans son catalogue.<\/p>\n<p><img decoding=\"async\" alt=\"\" src=\"https:\/\/www.europesays.com\/fr\/wp-content\/uploads\/2025\/11\/66296009.jpg\"\/><\/p>\n<p>La revente de ses parts devraient un jour lui rapporter un v\u00e9ritable tr\u00e9sor. Mais en attendant, Nagui toucherait une confortable r\u00e9mun\u00e9ration en tant que salari\u00e9 de Banijay, selon Capital, soit \u00ab\u00a0entre 750\u00a0000\u00a0euros et 1\u00a0million d&rsquo;euros par an\u00a0\u00bb. Bien plus que des Hanouna ou Drucker, qui tourneraient quant \u00e0 eux autour des 500\u00a0000\u00a0euros annuels.<\/p>\n<p>Il faut dire que Nagui, via Air Production\u00a0devenue Banijay Production M\u00e9dia, fait entrer de l&rsquo;argent dans la soci\u00e9t\u00e9. Selon une enqu\u00eate de T\u00e9l\u00e9rama fin 2023, France T\u00e9l\u00e9visions lui commanderait, directement ou indirectement, pas moins de 30\u00a0millions d&rsquo;euros d&rsquo;\u00e9missions chaque ann\u00e9e. N&rsquo;oubliez pas les paroles, diffus\u00e9e quotidiennement sur France\u00a02, serait la seule \u00e9mission de la cha\u00eene\u00a0\u00e0 \u00eatre rentable avec T\u00e9l\u00e9matin, selon l&rsquo;hebdomadaire. \u00ab\u00a0En 2022, il pesait 24% des recettes publicitaires annuelles de France\u00a02\u00a0\u00bb, \u00e9crivait aussi le magazine.\u00a0<\/p>\n<p>De quoi vouloir garder Nagui bien au chaud dans le service public, comme Delphine Ernotte, la pr\u00e9sidente de France TV, s&rsquo;y serait employ\u00e9e en 2015.\u00a0Alors que Nagui \u00e9tait courtis\u00e9 par M6, elle serait\u00a0mont\u00e9e au cr\u00e9neau en lui faisant une contre proposition g\u00e9n\u00e9reuse\u00a0: \u00ab\u00a0un jeu sur France\u00a03, deux autres sur la Deux, une douzaine de prime times, le retour de Taratata\u00a0\u00bb\u2026\u00a0Toujours pour le service public.\u00a0Un service public qui semble affectionner Nagui puisqu&rsquo;il percevrait \u00e9galement\u00a0entre 120\u00a0000\u00a0et 150\u00a0000\u00a0euros de salaire annuel chez France Inter, o\u00f9 il anime notamment La Bande originale.\u00a0<\/p>\n<p>Le r\u00e9sultat\u00a0? L&rsquo;animateur jouit d&rsquo;un joli patrimoine immobilier et d&rsquo;un train de vie plus que confortable avec une magnifique maison avec jardin \u00e0 Paris, une belle villa avec piscine \u00e0 Saint-Trop, une voiture avec chauffeur\u2026 \u00a0Mais sa fortune ne s&rsquo;arr\u00eate pas l\u00e0. Nagui serait aussi l&rsquo;heureux propri\u00e9taire d&rsquo;une Tesla Model X et d&rsquo;une Porsche de collection, une 356\u00a0C de 1965. Son petit jardin secret\u00a0:\u00a0 il collectionne les baskets de luxe et les Louboutin, dont il aurait une cinquantaine de paires.<\/p>\n<p>Dans un entretien accord\u00e9 \u00e0 La Tribune du dimanche en d\u00e9cembre dernier, Nagui n&rsquo;a pas cherch\u00e9 \u00e0 minimiser son train de vie\u00a0: \u00ab\u00a0Je gagne tr\u00e8s bien ma vie\u00a0\u00bb, a-t-il assum\u00e9. \u00ab\u00a0Pourquoi devrais-je \u00eatre complex\u00e9\u00a0? Gagner sa vie signifie qu&rsquo;on ne la vole pas.\u00a0\u00bb Et de poursuivre\u00a0: \u00ab\u00a0je sais, pour l&rsquo;avoir v\u00e9cu, que le jour o\u00f9 je ne gagne plus un centime, je ne serais pas malheureux parce que je n&rsquo;ai pas bas\u00e9 les plaisirs de la vie sur ce crit\u00e8re mat\u00e9riel\u00a0\u00bb.<\/p>\n","protected":false},"excerpt":{"rendered":"Nagui, animateur vedette de France T\u00e9l\u00e9visions, est aussi un businessman qui a b\u00e2ti un empire. Il n&rsquo;a plus&hellip;\n","protected":false},"author":2,"featured_media":553874,"comment_status":"","ping_status":"","sticky":false,"template":"","format":"standard","meta":{"footnotes":""},"categories":[1359],"tags":[67091,51761,58,59,51763,1011,27,51979,51767,973,3287],"class_list":{"0":"post-553873","1":"post","2":"type-post","3":"status-publish","4":"format-standard","5":"has-post-thumbnail","7":"category-people","8":"tag-cms-linternaute-6375147","9":"tag-controller-content","10":"tag-divertissement","11":"tag-entertainment","12":"tag-format-papier","13":"tag-fr","14":"tag-france","15":"tag-les-histoires-de-linternaute","16":"tag-parallaxeinfeed","17":"tag-people","18":"tag-stars"},"share_on_mastodon":{"url":"https:\/\/pubeurope.com\/@fr\/115600452424999651","error":""},"_links":{"self":[{"href":"https:\/\/www.europesays.com\/fr\/wp-json\/wp\/v2\/posts\/553873","targetHints":{"allow":["GET"]}}],"collection":[{"href":"https:\/\/www.europesays.com\/fr\/wp-json\/wp\/v2\/posts"}],"about":[{"href":"https:\/\/www.europesays.com\/fr\/wp-json\/wp\/v2\/types\/post"}],"author":[{"embeddable":true,"href":"https:\/\/www.europesays.com\/fr\/wp-json\/wp\/v2\/users\/2"}],"replies":[{"embeddable":true,"href":"https:\/\/www.europesays.com\/fr\/wp-json\/wp\/v2\/comments?post=553873"}],"version-history":[{"count":0,"href":"https:\/\/www.europesays.com\/fr\/wp-json\/wp\/v2\/posts\/553873\/revisions"}],"wp:featuredmedia":[{"embeddable":true,"href":"https:\/\/www.europesays.com\/fr\/wp-json\/wp\/v2\/media\/553874"}],"wp:attachment":[{"href":"https:\/\/www.europesays.com\/fr\/wp-json\/wp\/v2\/media?parent=553873"}],"wp:term":[{"taxonomy":"category","embeddable":true,"href":"https:\/\/www.europesays.com\/fr\/wp-json\/wp\/v2\/categories?post=553873"},{"taxonomy":"post_tag","embeddable":true,"href":"https:\/\/www.europesays.com\/fr\/wp-json\/wp\/v2\/tags?post=553873"}],"curies":[{"name":"wp","href":"https:\/\/api.w.org\/{rel}","templated":true}]}}