{"id":553877,"date":"2025-11-23T18:36:23","date_gmt":"2025-11-23T18:36:23","guid":{"rendered":"https:\/\/www.europesays.com\/fr\/553877\/"},"modified":"2025-11-23T18:36:23","modified_gmt":"2025-11-23T18:36:23","slug":"lily-star-academy-2025-seche-un-cours-marlene-schaff-lui-passe-un-savon-au-debrief","status":"publish","type":"post","link":"https:\/\/www.europesays.com\/fr\/553877\/","title":{"rendered":"Lily (Star Academy 2025) s\u00e8che un cours, Marl\u00e8ne Schaff lui passe un savon au d\u00e9brief"},"content":{"rendered":"<p>C&rsquo;est l&rsquo;une des nouveaut\u00e9s de la saison, \u00e0 <a href=\"https:\/\/www.programme-tv.net\/news\/tv\/388521-star-academy-2025-date-de-diffusion-professeurs-casting-toutes-les-infos-sur-la-nouvelle-saison\/\" data-api-deeplink=\"teleloisirs:\/\/news\/388521\" target=\"_blank\" rel=\"noopener\">la Star Academy<\/a> : les \u00e9l\u00e8ves de la promotion 2025\/2026 du c\u00e9l\u00e8bre t\u00e9l\u00e9-crochet de TF1 ont des cours d&rsquo;anglais, au ch\u00e2teau. Pour leur permettre de perfectionner leur ma\u00eetrise de la langue de Shakespeare, la production de l&rsquo;\u00e9mission n&rsquo;a pas choisi n&rsquo;importe quel professeur. C&rsquo;est en effet <a href=\"https:\/\/www.programme-tv.net\/news\/tv\/391300-je-n-avais-pas-ete-affecte-monsieur-prof-confie-ce-qui-l-a-pousse-a-accepter-de-participer-a-la-star-academy-pour-apprendre-l-anglais-aux-eleves\/\" data-api-deeplink=\"teleloisirs:\/\/news\/391300\" target=\"_blank\" rel=\"noopener\">Monsieur Prof<\/a>, qui cartonne depuis 2022 sur TikTok et Instagram avec ses m\u00e9thodes pour apprendre l&rsquo;anglais, qui a int\u00e9gr\u00e9 le corps professoral de la Star Academy il y a quelques semaines. Un job qui tombe plut\u00f4t bien pour ce Britannique arriv\u00e9 en France alors qu&rsquo;il \u00e9tait enfant. \u00ab\u00a0J\u2019ai \u00e9t\u00e9 contact\u00e9 par la Star Academy \u00e0 la rentr\u00e9e, alors que je n\u2019avais pas \u00e9t\u00e9 affect\u00e9 \u00e0 un poste en coll\u00e8ge ou lyc\u00e9e, a affirm\u00e9 Monsieur Prof au <a href=\"https:\/\/tvmag.lefigaro.fr\/programme-tv\/actu-tele\/ma-passion-avant-tout-c-est-d-enseigner-monsieur-prof-raconte-son-passage-de-l-education-nationale-a-la-star-academy-20251103\" rel=\"nofollow noopener\" target=\"_blank\">Figaro<\/a> d\u00e9but novembre. C\u2019est une opportunit\u00e9 qui n\u2019arrive pas tous les jours, je devais la saisir au risque de la regretter apr\u00e8s.\u00a0\u00bb Apr\u00e8s son premier cours, dont on avait pu voir un extrait dans la quotidienne le 30 octobre dernier, l&rsquo;enseignant avait assur\u00e9 que \u00ab\u00a0globalement\u00a0\u00bb, le niveau \u00e9tait \u00ab\u00a0bon\u00a0\u00bb. Le niveau est si bon que certains se permettent&#8230; de s\u00e9cher leur rendez-vous avec Monsieur Prof. Et \u00e7a, \u00e7a n&rsquo;a pas du tout plu \u00e0 <a href=\"https:\/\/www.programme-tv.net\/biographie\/2688081-schaff-marlene\/\" data-api-deeplink=\"teleloisirs:\/\/person\/2688081\" target=\"_blank\" rel=\"noopener\">Marl\u00e8ne Schaff<\/a>, en particulier en ce qui concerne <a href=\"https:\/\/www.programme-tv.net\/news\/tv\/390107-star-academy-2025-qui-est-lily-ancienne-capitaine-d-une-equipe-de-basket\/\" data-api-deeplink=\"teleloisirs:\/\/news\/390107\" target=\"_blank\" rel=\"noopener\">Lily<\/a>.<\/p>\n<p>Ce dimanche 23 novembre 2025, Marl\u00e8ne Schaff a brav\u00e9 la m\u00e9t\u00e9o hivernale pour se rendre au ch\u00e2teau de Dammarie-les-Lys afin de faire son habituel debrief du prime. Apr\u00e8s avoir longuement \u00e9cout\u00e9 Lily \u00e9voquer sa belle relation avec son petit ami, Arnaud, avec qui elle a chant\u00e9 sur le prime vendredi, <a href=\"https:\/\/www.programme-tv.net\/news\/tv\/312153-star-academy-2022-qui-est-marlene-schaff-la-nouvelle-repetitrice-deja-vue-dans-the-voice\/\" data-api-deeplink=\"teleloisirs:\/\/news\/312153\" target=\"_blank\" rel=\"noopener\">la professeure d&rsquo;expression sc\u00e9nique<\/a> n&rsquo;a pas h\u00e9sit\u00e9 \u00e0 critiquer son anglais approximatif. \u00ab\u00a0Qui est all\u00e9 au cours d&rsquo;anglais, hier ?\u00a0\u00bb, a-t-elle demand\u00e9. Si <a href=\"https:\/\/www.programme-tv.net\/news\/tv\/390103-star-academy-qui-est-anouk-candidate-qui-a-participe-a-the-voice-kids-en-belgique\/\" data-api-deeplink=\"teleloisirs:\/\/news\/390103\" target=\"_blank\" rel=\"noopener\">Anouk<\/a>, <a href=\"https:\/\/www.programme-tv.net\/news\/tv\/388650-star-academy-2025-sarah-l-une-des-candidates-devoilees-a-pres-de-800-000-abonnes-sur-tiktok\/\" data-api-deeplink=\"teleloisirs:\/\/news\/388650\" target=\"_blank\" rel=\"noopener\">Sarah<\/a>, <a href=\"https:\/\/www.programme-tv.net\/news\/tv\/390101-star-academy-2025-qui-est-theo-candidat-qui-reve-de-chanter-avec-florent-pagny-et-patrick-fiori\/\" data-api-deeplink=\"teleloisirs:\/\/news\/390101\" target=\"_blank\" rel=\"noopener\">Th\u00e9o L<\/a>, <a href=\"https:\/\/www.programme-tv.net\/news\/tv\/390112-star-academy-2025-qui-est-jeanne-candidate-qui-a-deja-sorti-un-single\/\" data-api-deeplink=\"teleloisirs:\/\/news\/390112\" target=\"_blank\" rel=\"noopener\">Jeanne<\/a>, <a href=\"https:\/\/www.programme-tv.net\/news\/tv\/390099-star-academy-qui-est-bastiaan-candidat-qui-a-joue-dans-la-serie-josephine-ange-gardien\/\" data-api-deeplink=\"teleloisirs:\/\/news\/390099\" target=\"_blank\" rel=\"noopener\">Bastiaan<\/a>, <a href=\"https:\/\/www.programme-tv.net\/biographie\/4494488-theo-p-star-academy-2025\/\" data-api-deeplink=\"teleloisirs:\/\/person\/4494488\" target=\"_blank\" rel=\"noopener\">Th\u00e9o P<\/a> et <a href=\"https:\/\/www.programme-tv.net\/news\/tv\/389240-star-academy-2025-leo-un-des-candidats-deja-connus-perce-deja-avec-une-de-ses-chansons-decouvrez-la\/\" data-api-deeplink=\"teleloisirs:\/\/news\/389240\" target=\"_blank\" rel=\"noopener\">L\u00e9o<\/a> ont lev\u00e9 la main, les autres n&rsquo;ont pas pris la peine de participer au cours, qui, certes, \u00e9tait facultatif&#8230; \u00ab\u00a0Donc, les bilingues, Bastiaan et Sarah, vont au cours d&rsquo;anglais et toi, tu ne vas pas au cours d&rsquo;anglais, Lily !\u00a0\u00bb, s&rsquo;est-elle exclam\u00e9e, reprochant \u00e0 l&rsquo;\u00e9l\u00e8ve sa prononciation du refrain du tube de U2 With or Without You, qui laissait franchement \u00e0 d\u00e9sirer sur le prime. \u00ab\u00a0Franchement, je te le dis, ce cours d&rsquo;anglais, il \u00e9tait pour toi\u00a0\u00bb, a poursuivi Marl\u00e8ne Schaff. Comme ont pu le voir les abonn\u00e9s de TF1+ qui \u00e9taient devant le live samedi en fin d&rsquo;apr\u00e8s-midi, Monsieur Prof a en effet d\u00e9marr\u00e9 son cours en \u00e9voquant longuement la prononciation de With of Without You, qui avait tant fait d\u00e9faut \u00e0 Lily&#8230;<\/p>\n<p>Au d\u00e9brief, Lily a tent\u00e9 de se d\u00e9fendre, en mettant en avant que le cours \u00e9tait facultatif. \u00ab\u00a0Parce qu&rsquo;il y avait marqu\u00e9 que ce n&rsquo;\u00e9tait pas&#8230; Non, je n&rsquo;ai pas d&rsquo;excuse !\u00a0\u00bb, a-t-elle bafouill\u00e9. \u00ab\u00a0Mais il y avait marqu\u00e9 que ce n&rsquo;\u00e9tait pas obligatoire, et moi, si on me dit que c&rsquo;est pas obligatoire, je dors !\u00a0\u00bb, a-t-elle poursuivi. Une justification qui n&rsquo;a pas vraiment plu \u00e0 Marl\u00e8ne Schaff, qui n&rsquo;a pas m\u00e2ch\u00e9 ses mots \u00e0 l&rsquo;encontre de <a href=\"https:\/\/www.programme-tv.net\/news\/tv\/392406-j-en-ai-marre-lily-star-academy-exasperee-en-decouvrant-sa-place-dans-le-classement-et-les-commentaires-des-professeurs\/\" data-api-deeplink=\"teleloisirs:\/\/news\/392406\" target=\"_blank\" rel=\"noopener\">la jeune artiste de 22 ans<\/a>. \u00ab\u00a0On a le droit de faire des erreurs dans la vie, on va dire que \u00e7a, c&rsquo;est quand m\u00eame une grave erreur\u00a0!, lui a expliqu\u00e9 l&rsquo;ancienne r\u00e9p\u00e9titrice du ch\u00e2teau. Il ne faut plus que tu fasses \u00e7a. Il te dirait quoi, Arnaud ? Il ne te tirerait pas la queue-de-cheval de ne pas avoir \u00e9t\u00e9 au cours d&rsquo;anglais ?\u00a0\u00bb<\/p>\n<p>                        \u00ab\u00a0Moi, hier, c&rsquo;\u00e9tait mon jour off, et&#8230;\u00a0\u00bb : Marl\u00e8ne Schaff sermonne Lily (Star Academy) en \u00e9voquant son investissement dans son m\u00e9tier<\/p>\n<p>Pour Marl\u00e8ne Schaff, il est inadmissible que Lily s\u00e8che le cours de Monsieur Prof, \u00ab\u00a0qui vient de Toulouse\u00a0\u00bb. \u00ab\u00a0Punaise, tu y vas !\u00a0\u00bb, l&rsquo;a sermonn\u00e9e la professeure. \u00ab\u00a0Moi, hier, c&rsquo;\u00e9tait mon jour off, et je suis all\u00e9 filer un coaching \u00e0 un chanteur (&#8230;) Il ne faut pas que vous passiez \u00e0 c\u00f4t\u00e9 d&rsquo;occasions comme \u00e7a.\u00a0\u00bb Apr\u00e8s un tel passage de savon, il est peu probable que Lily ne soit pas pr\u00e9sente au prochain cours d&rsquo;anglais&#8230;<\/p>\n<p>Article \u00e9crit en collaboration avec 6Medias<\/p>\n","protected":false},"excerpt":{"rendered":"C&rsquo;est l&rsquo;une des nouveaut\u00e9s de la saison, \u00e0 la Star Academy : les \u00e9l\u00e8ves de la promotion 2025\/2026&hellip;\n","protected":false},"author":2,"featured_media":553878,"comment_status":"","ping_status":"","sticky":false,"template":"","format":"standard","meta":{"footnotes":""},"categories":[1356],"tags":[244,58,59,1011,27,64696,64698,64694,64695,67092,18440,5095,64699,64697,252,199,2175,1364],"class_list":{"0":"post-553877","1":"post","2":"type-post","3":"status-publish","4":"format-standard","5":"has-post-thumbnail","7":"category-television","8":"tag-commentaire","9":"tag-divertissement","10":"tag-entertainment","11":"tag-fr","12":"tag-france","13":"tag-la-quotidienne-25112022-173000-tf1","14":"tag-la-quotidienne-su00e9rie-52118294","15":"tag-la-quotidienne-1100832954","16":"tag-la-quotidienne-1100860641","17":"tag-lily-star-academy-2025","18":"tag-marlu00e8ne-schaff","19":"tag-star-academy","20":"tag-star-academy-le-prime-9790195","21":"tag-star-academy-1100807804","22":"tag-television","23":"tag-tf1","24":"tag-tl-story","25":"tag-tv"},"share_on_mastodon":{"url":"https:\/\/pubeurope.com\/@fr\/115600463272925041","error":""},"_links":{"self":[{"href":"https:\/\/www.europesays.com\/fr\/wp-json\/wp\/v2\/posts\/553877","targetHints":{"allow":["GET"]}}],"collection":[{"href":"https:\/\/www.europesays.com\/fr\/wp-json\/wp\/v2\/posts"}],"about":[{"href":"https:\/\/www.europesays.com\/fr\/wp-json\/wp\/v2\/types\/post"}],"author":[{"embeddable":true,"href":"https:\/\/www.europesays.com\/fr\/wp-json\/wp\/v2\/users\/2"}],"replies":[{"embeddable":true,"href":"https:\/\/www.europesays.com\/fr\/wp-json\/wp\/v2\/comments?post=553877"}],"version-history":[{"count":0,"href":"https:\/\/www.europesays.com\/fr\/wp-json\/wp\/v2\/posts\/553877\/revisions"}],"wp:featuredmedia":[{"embeddable":true,"href":"https:\/\/www.europesays.com\/fr\/wp-json\/wp\/v2\/media\/553878"}],"wp:attachment":[{"href":"https:\/\/www.europesays.com\/fr\/wp-json\/wp\/v2\/media?parent=553877"}],"wp:term":[{"taxonomy":"category","embeddable":true,"href":"https:\/\/www.europesays.com\/fr\/wp-json\/wp\/v2\/categories?post=553877"},{"taxonomy":"post_tag","embeddable":true,"href":"https:\/\/www.europesays.com\/fr\/wp-json\/wp\/v2\/tags?post=553877"}],"curies":[{"name":"wp","href":"https:\/\/api.w.org\/{rel}","templated":true}]}}