{"id":553894,"date":"2025-11-23T18:45:16","date_gmt":"2025-11-23T18:45:16","guid":{"rendered":"https:\/\/www.europesays.com\/fr\/553894\/"},"modified":"2025-11-23T18:45:16","modified_gmt":"2025-11-23T18:45:16","slug":"a-taule-un-tracteur-fonce-deliberement-sur-un-radar-de-chantier-sous-les-yeux-des-gendarmes","status":"publish","type":"post","link":"https:\/\/www.europesays.com\/fr\/553894\/","title":{"rendered":"\u00c0 Taul\u00e9, un tracteur fonce d\u00e9lib\u00e9r\u00e9ment sur un radar de chantier sous les yeux des gendarmes"},"content":{"rendered":"<p><a href=\"https:\/\/www.letelegramme.fr\/finistere\/morlaix-29600\/on-est-en-train-de-crever-le-coup-de-pression-des-jeunes-agriculteurs-sur-letat-et-la-grande-distribution-en-images-6933552.php\" target=\"_blank\" rel=\"noopener\">Ils avaient promis de ne rien casser.<\/a> Samedi, les Jeunes agriculteurs en col\u00e8re du Pays de Morlaix se sont donc content\u00e9s de d\u00e9verser plusieurs remorques de d\u00e9tritus en tous genres devant quelques grandes surfaces et la sous-pr\u00e9fecture. Une op\u00e9ration qui s\u2019est d\u00e9roul\u00e9e dans le calme. Jusqu\u2019\u00e0 cet acte isol\u00e9 lors du retour dans le L\u00e9on.<\/p>\n<p>Contr\u00f4le d\u2019alcool\u00e9mie positif<\/p>\n<p>Vers 18\u00a0h\u00a015, un tracteur pourvu d\u2019une fourche t\u00e9lescopique et tirant une remorque a d\u00e9lib\u00e9r\u00e9ment fonc\u00e9 sur le radar de chantier install\u00e9 sur la D58 (quatre voies reliant Saint-Martin-des-Champs au pont de la Corde), \u00e0 la hauteur de Taul\u00e9. Ce dernier, d\u00e9sormais hors service (il a \u00e9t\u00e9 enfonc\u00e9 par la fourche) a bascul\u00e9 dans le foss\u00e9 au moment m\u00eame o\u00f9 une patrouille de gendarmerie doublait le convoi.<\/p>\n<p>Dans un premier temps, le conducteur a refus\u00e9 de s\u2019arr\u00eater. Il a finalement obtemp\u00e9r\u00e9 deux kilom\u00e8tres plus loin. Le contr\u00f4le d\u2019alcool\u00e9mie \u00e9tait positif.<\/p>\n<p>Une trentaine d\u2019amis en soutien devant la brigade<\/p>\n<p>Plac\u00e9 en d\u00e9grisement puis en garde \u00e0 vue, il a pass\u00e9 la nuit dans une cellule de la brigade de Saint-Pol-de-L\u00e9on (29), devant laquelle une trentaine de personnes se sont rassembl\u00e9es vers 11\u00a0h, en soutien. Elles ont discut\u00e9 avec les militaires pendant quelques dizaines de minutes et ont fini par quitter les lieux dans le calme en apprenant que leur ami allait ressortir libre.<\/p>\n<p>\u00c2g\u00e9 de 32 ans, il fera l\u2019objet d\u2019une composition p\u00e9nale, le 12 f\u00e9vrier, au tribunal de Morlaix. Il est poursuivi pour deux d\u00e9lits\u00a0: la conduite sous l\u2019empire de l\u2019alcool et la d\u00e9gradation d\u2019un bien destin\u00e9 \u00e0 l\u2019utilit\u00e9 publique (le D\u00e9partement a d\u00e9pos\u00e9 plainte). Il devra aussi payer une contravention pour avoir roul\u00e9 en ayant pr\u00e9alablement retir\u00e9 les plaques d\u2019immatriculation du tracteur et de la remorque.<\/p>\n","protected":false},"excerpt":{"rendered":"Ils avaient promis de ne rien casser. Samedi, les Jeunes agriculteurs en col\u00e8re du Pays de Morlaix se&hellip;\n","protected":false},"author":2,"featured_media":553895,"comment_status":"","ping_status":"","sticky":false,"template":"","format":"standard","meta":{"footnotes":""},"categories":[4],"tags":[11,829,765,118,3321,1011,27,2131,12,25,50572],"class_list":{"0":"post-553894","1":"post","2":"type-post","3":"status-publish","4":"format-standard","5":"has-post-thumbnail","7":"category-france","8":"tag-actualites","9":"tag-bretagne","10":"tag-en-continu","11":"tag-faits-divers","12":"tag-finistere","13":"tag-fr","14":"tag-france","15":"tag-morlaix","16":"tag-news","17":"tag-republique-francaise","18":"tag-taule"},"share_on_mastodon":{"url":"https:\/\/pubeurope.com\/@fr\/115600498800665113","error":""},"_links":{"self":[{"href":"https:\/\/www.europesays.com\/fr\/wp-json\/wp\/v2\/posts\/553894","targetHints":{"allow":["GET"]}}],"collection":[{"href":"https:\/\/www.europesays.com\/fr\/wp-json\/wp\/v2\/posts"}],"about":[{"href":"https:\/\/www.europesays.com\/fr\/wp-json\/wp\/v2\/types\/post"}],"author":[{"embeddable":true,"href":"https:\/\/www.europesays.com\/fr\/wp-json\/wp\/v2\/users\/2"}],"replies":[{"embeddable":true,"href":"https:\/\/www.europesays.com\/fr\/wp-json\/wp\/v2\/comments?post=553894"}],"version-history":[{"count":0,"href":"https:\/\/www.europesays.com\/fr\/wp-json\/wp\/v2\/posts\/553894\/revisions"}],"wp:featuredmedia":[{"embeddable":true,"href":"https:\/\/www.europesays.com\/fr\/wp-json\/wp\/v2\/media\/553895"}],"wp:attachment":[{"href":"https:\/\/www.europesays.com\/fr\/wp-json\/wp\/v2\/media?parent=553894"}],"wp:term":[{"taxonomy":"category","embeddable":true,"href":"https:\/\/www.europesays.com\/fr\/wp-json\/wp\/v2\/categories?post=553894"},{"taxonomy":"post_tag","embeddable":true,"href":"https:\/\/www.europesays.com\/fr\/wp-json\/wp\/v2\/tags?post=553894"}],"curies":[{"name":"wp","href":"https:\/\/api.w.org\/{rel}","templated":true}]}}