{"id":553896,"date":"2025-11-23T18:46:25","date_gmt":"2025-11-23T18:46:25","guid":{"rendered":"https:\/\/www.europesays.com\/fr\/553896\/"},"modified":"2025-11-23T18:46:25","modified_gmt":"2025-11-23T18:46:25","slug":"trois-manifestants-blesses-dont-deux-femmes-de-76-ans","status":"publish","type":"post","link":"https:\/\/www.europesays.com\/fr\/553896\/","title":{"rendered":"trois manifestants bless\u00e9s, dont deux femmes de 76 ans"},"content":{"rendered":"<p>                    Par<br \/>\n        <strong><br \/>\n            <a href=\"https:\/\/actu.fr\/auteur\/samuel-sauneuf\" title=\"Consulter tous les articles de Samuel Sauneuf\" target=\"_blank\" rel=\"noopener\">Samuel Sauneuf<\/a><br \/>\n                    <\/strong><\/p>\n<p>        Publi\u00e9 le<\/p>\n<p>            23 nov. 2025 \u00e0 17h34        <\/p>\n<p>La venue \u00e0 <a href=\"https:\/\/actu.fr\/bretagne\/saint-malo_35288\" target=\"_blank\" rel=\"noopener\">Saint-Malo<\/a> (Ille-et-Vilaine), ce dimanche 23 novembre 2025, de <a href=\"https:\/\/actu.fr\/tag\/jordan-bardella\" target=\"_blank\" rel=\"noopener\">Jordan Bardella<\/a>, a attir\u00e9 dans la cit\u00e9 corsaire plusieurs centaines de sympathisants du <a href=\"https:\/\/actu.fr\/tag\/rassemblement-national-rn\" target=\"_blank\" rel=\"noopener\">Rassemblement National<\/a>, venus faire d\u00e9dicacer Ce que veulent les Fran\u00e7ais, le dernier livre du leader du RN.<\/p>\n<p>Entre 1 500 et 2 000 sympathisants du RN attendus<\/p>\n<p class=\" wall-content\">Arriv\u00e9 \u00e0 14h, Jordan Bardella re\u00e7oit ses admirateurs jusqu\u2019\u00e0 19h, dans une salle de l\u2019h\u00f4tel Oceania, situ\u00e9 pr\u00e8s du Sillon. \u00ab\u00a0Les gens continuent d\u2019affluer, on pense accueillir entre 1 500 et 2 000 personnes\u00a0\u00bb, estimait vers 15h, Dylan Lemoine, le responsable local du RN.<\/p>\n<p>    <img   decoding=\"async\" loading=\"lazy\" class=\"size-large\" src=\"https:\/\/www.europesays.com\/fr\/wp-content\/uploads\/2025\/11\/9a35c744332969e35c74433297245cv-960x640.jpg\" alt=\"Jordan Bardella a d\u00e9j\u00e0 accueilli depuis 14h plusieurs centaines de ses admirateurs \u00e0 l'h\u00f4tel Oceania, \u00e0 Saint-Malo.\" width=\"960\" height=\"640\"\/><br \/>\n    Jordan Bardella a d\u00e9j\u00e0 accueilli depuis 14h plusieurs centaines de ses admirateurs \u00e0 l\u2019h\u00f4tel Oceania, \u00e0 Saint-Malo. \u00a9Le Pays Malouin \/ Sa. S<br \/>\n    <img   decoding=\"async\" loading=\"lazy\" class=\"size-large\" src=\"https:\/\/www.europesays.com\/fr\/wp-content\/uploads\/2025\/11\/5e8a284433296429a28443329069a2v-960x640.jpg\" alt=\"Une centaine de policiers et CRS, ici avec des sympathisants du leader du RN, sont mobilis\u00e9s \u00e0 Saint-Malo ce dimanche 23 novembre 2025.\" width=\"960\" height=\"640\"\/><br \/>\n    Une centaine de policiers et CRS, ici avec des sympathisants du leader du RN patientant dans la rue pour la d\u00e9dicace, sont mobilis\u00e9s \u00e0 Saint-Malo ce dimanche 23 novembre 2025. \u00a9Le Pays Malouin \/ Sa. S200 manifestants<\/p>\n<p class=\" wall-content\">En marge de la venue du leader d\u2019extr\u00eame-droite, un rassemblement a \u00e9t\u00e9 organis\u00e9 \u00e0 l\u2019appel de plusieurs partis et associations repr\u00e9sentant la gauche malouine. Environ 200 manifestants ont r\u00e9pondu \u00e0 l\u2019appel. Une centaine de policiers, dont des CRS, ont \u00e9galement \u00e9t\u00e9 d\u00e9ploy\u00e9s sur place. La <a href=\"https:\/\/actu.fr\/tag\/manifestations\" target=\"_blank\" rel=\"noopener\">manifestation<\/a>, plut\u00f4t calme, a soudainement pris une autre tournure vers 14h30, \u00e0 hauteur de la Chauss\u00e9e du Sillon.<\/p>\n<p>\u00ab\u00a0On a vu le projectile arriver sur nous\u00a0\u00bb<\/p>\n<p class=\" wall-content\">Ce qui semble \u00eatre une grenade de d\u00e9sencerclement a \u00e9t\u00e9 lanc\u00e9e au milieu des manifestants. Plusieurs petits morceaux de caoutchouc ont \u00e9t\u00e9 projet\u00e9s lors de son explosion. \u00ab\u00a0On a vu le projectile arriver sur nous et exploser en tombant par terre. \u00c7a a \u00e9t\u00e9 balanc\u00e9 depuis le cordon de policiers\u00a0\u00bb, ont expliqu\u00e9 au <a href=\"https:\/\/actu.fr\/le-pays-malouin\/\" target=\"_blank\" rel=\"noopener\">Pays Malouin<\/a> plusieurs t\u00e9moins de la sc\u00e8ne.<\/p>\n<p>Vid\u00e9os : en ce moment sur Actu<br \/>\n    <img   decoding=\"async\" loading=\"lazy\" class=\"size-large\" src=\"https:\/\/www.europesays.com\/fr\/wp-content\/uploads\/2025\/11\/93df08443329677df084433294bdf0v-960x640.jpg\" alt=\"Une manifestante \u00e2g\u00e9e de 76 ans, prise en charge par les secours, apr\u00e8s avoir \u00e9t\u00e9 bless\u00e9e \u00e0 la cheville par l'explosion d'une grenade\" width=\"960\" height=\"640\"\/><br \/>\n    Une manifestante, \u00e2g\u00e9e de 76 ans, prise en charge par les secours, apr\u00e8s avoir \u00e9t\u00e9 bless\u00e9e au pied et \u00e0 la cheville par l\u2019explosion de ce qui semble \u00eatre une grenade de d\u00e9sencerclement. \u00a9Le Pays Malouin \/ Sa. S<\/p>\n<p class=\" wall-content\">Trois personnes \u2013 un homme d\u2019une trentaine d\u2019ann\u00e9es et deux femmes \u00e2g\u00e9es de 76 ans \u2013 ont \u00e9t\u00e9 l\u00e9g\u00e8rement bless\u00e9es au niveau des chevilles et prises en charge par les pompiers.\u00a0<\/p>\n<p>Votre r\u00e9gion, votre actu !<\/p>\n<p>Recevez chaque jour les infos qui comptent pour vous.<\/p>\n<p>\t<a href=\"https:\/\/actu.fr\/newsletter\" class=\"ac-btn ac-btn--corner ac-btn--medium ac-btn--blue800\" target=\"_blank\" rel=\"noopener\">S&rsquo;incrire<\/a><\/p>\n<p class=\" wall-content\">Une autre grenade \u2013 lacrymog\u00e8ne cette fois-ci \u2013 a \u00e9t\u00e9 lanc\u00e9e sur la plage du Sillon o\u00f9 le gros du cort\u00e8ge continuait \u00e0 manifester.\u00a0<\/p>\n<p class=\" wall-content\">Personnalisez votre actualit\u00e9 en ajoutant vos villes et m\u00e9dias en favori avec <a href=\"https:\/\/moncompte.actu.fr\" title=\"D\u00e9couvez Mon Actu\" rel=\"nofollow noopener\" data-trk=\"{&quot;cta&quot;:{&quot;action&quot;:&quot;https:\\\/\\\/moncompte.actu.fr&quot;,&quot;category&quot;:&quot;mon compte&quot;,&quot;from&quot;:&quot;article footer&quot;,&quot;name&quot;:&quot;Mon actu&quot;,&quot;type&quot;:&quot;cta&quot;}}\" target=\"_blank\">Mon Actu<\/a>.<\/p>\n","protected":false},"excerpt":{"rendered":"Par Samuel Sauneuf Publi\u00e9 le 23 nov. 2025 \u00e0 17h34 La venue \u00e0 Saint-Malo (Ille-et-Vilaine), ce dimanche 23&hellip;\n","protected":false},"author":2,"featured_media":553897,"comment_status":"","ping_status":"","sticky":false,"template":"","format":"standard","meta":{"footnotes":""},"categories":[2],"tags":[11,1011,27,1077,1272,12,316],"class_list":{"0":"post-553896","1":"post","2":"type-post","3":"status-publish","4":"format-standard","5":"has-post-thumbnail","7":"category-actualites","8":"tag-actualites","9":"tag-fr","10":"tag-france","11":"tag-jordan-bardella","12":"tag-manifestations","13":"tag-news","14":"tag-politique"},"share_on_mastodon":{"url":"https:\/\/pubeurope.com\/@fr\/115600504682397595","error":""},"_links":{"self":[{"href":"https:\/\/www.europesays.com\/fr\/wp-json\/wp\/v2\/posts\/553896","targetHints":{"allow":["GET"]}}],"collection":[{"href":"https:\/\/www.europesays.com\/fr\/wp-json\/wp\/v2\/posts"}],"about":[{"href":"https:\/\/www.europesays.com\/fr\/wp-json\/wp\/v2\/types\/post"}],"author":[{"embeddable":true,"href":"https:\/\/www.europesays.com\/fr\/wp-json\/wp\/v2\/users\/2"}],"replies":[{"embeddable":true,"href":"https:\/\/www.europesays.com\/fr\/wp-json\/wp\/v2\/comments?post=553896"}],"version-history":[{"count":0,"href":"https:\/\/www.europesays.com\/fr\/wp-json\/wp\/v2\/posts\/553896\/revisions"}],"wp:featuredmedia":[{"embeddable":true,"href":"https:\/\/www.europesays.com\/fr\/wp-json\/wp\/v2\/media\/553897"}],"wp:attachment":[{"href":"https:\/\/www.europesays.com\/fr\/wp-json\/wp\/v2\/media?parent=553896"}],"wp:term":[{"taxonomy":"category","embeddable":true,"href":"https:\/\/www.europesays.com\/fr\/wp-json\/wp\/v2\/categories?post=553896"},{"taxonomy":"post_tag","embeddable":true,"href":"https:\/\/www.europesays.com\/fr\/wp-json\/wp\/v2\/tags?post=553896"}],"curies":[{"name":"wp","href":"https:\/\/api.w.org\/{rel}","templated":true}]}}