{"id":553898,"date":"2025-11-23T18:47:24","date_gmt":"2025-11-23T18:47:24","guid":{"rendered":"https:\/\/www.europesays.com\/fr\/553898\/"},"modified":"2025-11-23T18:47:24","modified_gmt":"2025-11-23T18:47:24","slug":"cette-association-accompagne-les-publics-fragiles","status":"publish","type":"post","link":"https:\/\/www.europesays.com\/fr\/553898\/","title":{"rendered":"cette association accompagne les publics fragiles"},"content":{"rendered":"<blockquote class=\"question\"><p>Pouvez-vous pr\u00e9senter Solidarit\u00e9s nouvelles face au ch\u00f4mage (SNC)\u00a0?<\/p><\/blockquote>\n<p>\u00ab\u00a0L\u2019association a \u00e9t\u00e9 cr\u00e9\u00e9e en 1985 par Jean-Baptiste de Foucauld, notamment auteur du concept et du livre Abondance frugale. SNC s\u2019appuie sur 12 salari\u00e9s au niveau national, mais surtout sur les b\u00e9n\u00e9voles, au nombre de 1800, pour rapprocher de l\u2019emploi les personnes qui en sont tr\u00e8s \u00e9loign\u00e9es. En 40 ans, 100\u00a0000 personnes ont \u00e9t\u00e9 accompagn\u00e9es, 4\u00a0000 chaque ann\u00e9e, pour un taux de&#8230;<\/p>\n","protected":false},"excerpt":{"rendered":"Pouvez-vous pr\u00e9senter Solidarit\u00e9s nouvelles face au ch\u00f4mage (SNC)\u00a0? \u00ab\u00a0L\u2019association a \u00e9t\u00e9 cr\u00e9\u00e9e en 1985 par Jean-Baptiste de Foucauld,&hellip;\n","protected":false},"author":2,"featured_media":553899,"comment_status":"","ping_status":"","sticky":false,"template":"","format":"standard","meta":{"footnotes":""},"categories":[9653],"tags":[1111,11,2430,7539,341,1777,674,1011,27,12,25,4001,7538,801],"class_list":{"0":"post-553898","1":"post","2":"type-post","3":"status-publish","4":"format-standard","5":"has-post-thumbnail","7":"category-saint-etienne","8":"tag-actu","9":"tag-actualites","10":"tag-auvergne-rhone-alpes","11":"tag-edition-loire-sud","12":"tag-emploi","13":"tag-eu","14":"tag-europe","15":"tag-fr","16":"tag-france","17":"tag-news","18":"tag-republique-francaise","19":"tag-saint-etienne","20":"tag-saint-etienne-ville","21":"tag-social"},"share_on_mastodon":{"url":"https:\/\/pubeurope.com\/@fr\/115600506532999895","error":""},"_links":{"self":[{"href":"https:\/\/www.europesays.com\/fr\/wp-json\/wp\/v2\/posts\/553898","targetHints":{"allow":["GET"]}}],"collection":[{"href":"https:\/\/www.europesays.com\/fr\/wp-json\/wp\/v2\/posts"}],"about":[{"href":"https:\/\/www.europesays.com\/fr\/wp-json\/wp\/v2\/types\/post"}],"author":[{"embeddable":true,"href":"https:\/\/www.europesays.com\/fr\/wp-json\/wp\/v2\/users\/2"}],"replies":[{"embeddable":true,"href":"https:\/\/www.europesays.com\/fr\/wp-json\/wp\/v2\/comments?post=553898"}],"version-history":[{"count":0,"href":"https:\/\/www.europesays.com\/fr\/wp-json\/wp\/v2\/posts\/553898\/revisions"}],"wp:featuredmedia":[{"embeddable":true,"href":"https:\/\/www.europesays.com\/fr\/wp-json\/wp\/v2\/media\/553899"}],"wp:attachment":[{"href":"https:\/\/www.europesays.com\/fr\/wp-json\/wp\/v2\/media?parent=553898"}],"wp:term":[{"taxonomy":"category","embeddable":true,"href":"https:\/\/www.europesays.com\/fr\/wp-json\/wp\/v2\/categories?post=553898"},{"taxonomy":"post_tag","embeddable":true,"href":"https:\/\/www.europesays.com\/fr\/wp-json\/wp\/v2\/tags?post=553898"}],"curies":[{"name":"wp","href":"https:\/\/api.w.org\/{rel}","templated":true}]}}