{"id":553908,"date":"2025-11-23T18:57:15","date_gmt":"2025-11-23T18:57:15","guid":{"rendered":"https:\/\/www.europesays.com\/fr\/553908\/"},"modified":"2025-11-23T18:57:15","modified_gmt":"2025-11-23T18:57:15","slug":"mycea-transfere-son-activite-mycorhizes-a-amoterra-et-reorganise-sa-gouvernance","status":"publish","type":"post","link":"https:\/\/www.europesays.com\/fr\/553908\/","title":{"rendered":"Mycea transf\u00e8re son activit\u00e9 mycorhizes \u00e0 Amoterra et r\u00e9organise sa gouvernance"},"content":{"rendered":"<p>Fond\u00e9e en 2018 \u00e0 Montpellier, au c\u0153ur de l\u2019\u00e9cosyst\u00e8me MedVall\u00e9e, Mycea est une soci\u00e9t\u00e9 de biotechnologie sp\u00e9cialis\u00e9e dans le d\u00e9veloppement de solutions de biocontr\u00f4le issues de champignons forestiers. Aujourd\u2019hui, pour permettre sa croissance, elle transf\u00e8re son activit\u00e9 \u00ab\u00a0mycorhizes\u00a0\u00bb au spin-off Amoterra, soci\u00e9t\u00e9 s\u0153ur ind\u00e9pendante nouvellement cr\u00e9\u00e9e pour cette nouvelle r\u00e9partition des comp\u00e9tences.<\/p>\n<p>Gr\u00e2ce \u00e0 son r\u00e9pertoire de plus de 750 esp\u00e8ces de champignons, Mycea g\u00e9n\u00e8re des extraits candidats avanc\u00e9s pour lutter contre les maladies fongiques des cultures. \u00ab\u00a0\u00c0 l\u2019avenir, Mycea va poursuivre le d\u00e9veloppement de cette plateforme d\u2019exploration de plus de 750 esp\u00e8ces qui a permis de g\u00e9n\u00e9rer plus de 2000 extraits avec diff\u00e9rentes applications en agriculture\u00a0[<a href=\"#nb1\" class=\"spip_note\" rel=\"appendix\" title=\"Biofongicides, bioinsecticides, bioherbicides\" id=\"nh1\">1<\/a>]\u00a0\u00bb, explique Aline Bsaibes.<\/p>\n<p>Amoterra, de son c\u00f4t\u00e9, d\u00e9veloppe des solutions de r\u00e9g\u00e9n\u00e9ration de la biodiversit\u00e9 des sols bas\u00e9es sur l\u2019amplification de champignons endomycorhiziens\u00a0[<a href=\"#nb2\" class=\"spip_note\" rel=\"appendix\" title=\"Micro-organismes symbiotiques qui colonisent les racines des plantes et\u00a0(\u2026)\" id=\"nh2\">2<\/a>]. La soci\u00e9t\u00e9 pr\u00e9pare actuellement une lev\u00e9e de fonds afin d\u2019acc\u00e9l\u00e9rer le d\u00e9ploiement commercial de son service Mycoterroir. \u00ab\u00a0Cette autonomie donne \u00e0 Amoterra l\u2019agilit\u00e9 d\u2019une start-up, tout en capitalisant sur l\u2019expertise technique acquise chez Mycea\u00a0\u00bb, reconna\u00eet Camilo Gianinazzi.<\/p>\n<p>R\u00e9organisation de l\u2019organigramme<\/p>\n<p>Cette \u00e9volution de la soci\u00e9t\u00e9 est \u00e9galement l\u2019occasion de nouvelles nominations aux t\u00eates des deux soci\u00e9t\u00e9s. Aline Bsaibes est nomm\u00e9e codirectrice g\u00e9n\u00e9rale de Mycea, en charge des business et partenariats, aux c\u00f4t\u00e9s de Dominique Barry-\u00c9tienne, fondatrice, en charge du volet science et production. Aline Bsaibes est notamment pass\u00e9e par l\u2019entreprise ITK, un \u00e9diteur d\u2019outils d\u2019aide \u00e0 la d\u00e9cision en agriculture, au poste de directrice g\u00e9n\u00e9rale. \u00ab\u00a0L\u2019entreprise a construit une plateforme scientifique diff\u00e9renciante, avec deux produits de biocontr\u00f4le en phase avanc\u00e9e de validation\u00a0\u00bb, explique-t-elle. \u00ab\u00a0Mes objectifs\u00a0: structurer les partenariats industriels et s\u00e9curiser les financements.\u00a0\u00bb Chez Amoterra, Camilo Gianinazzi devient directeur g\u00e9n\u00e9ral. L\u2019entreprise vise les march\u00e9s des espaces verts, l\u2019arboriculture, la viticulture, l\u2019horticulture et le mara\u00eechage.<\/p>\n<p>Apr\u00e8s cette r\u00e9organisation, Mycea emploie quinze personnes et Amoterra compte quatorze collaborateurs. En 2025, le service Mycoterroir d\u2019Amoterra a g\u00e9n\u00e9r\u00e9 un chiffre d\u2019affaires d\u2019environ 400.000 euros et vise 2 millions d\u2019euros pour 2027. Parmi les clients de la soci\u00e9t\u00e9\u00a0: Pom\u2019Evasion, mais aussi les collectivit\u00e9s de Montpellier, S\u00e8te et Al\u00e8s.<br class=\"autobr\"\/><br \/>\nJules Mestre<\/p>\n<p>Sur la photo\u00a0: Amoterra d\u00e9veloppe des solutions de r\u00e9g\u00e9n\u00e9ration de la biodiversit\u00e9 des sols bas\u00e9es sur l\u2019amplification de champignons endomycorhiziens. Cr\u00e9dit\u00a0: LinkedIn Amoterra.<\/p>\n<p>Notes<\/p>\n<p>[<a href=\"#nh1\" class=\"spip_note\" title=\"Notes 1\" rev=\"appendix\">1<\/a>]\u00a0Biofongicides, bioinsecticides, bioherbicides<\/p>\n<p>[<a href=\"#nh2\" class=\"spip_note\" title=\"Notes 2\" rev=\"appendix\">2<\/a>]\u00a0Micro-organismes symbiotiques qui colonisent les racines des plantes et am\u00e9liorent naturellement leur nutrition, leur r\u00e9sistance au stress et la sant\u00e9 des sols<\/p>\n","protected":false},"excerpt":{"rendered":"Fond\u00e9e en 2018 \u00e0 Montpellier, au c\u0153ur de l\u2019\u00e9cosyst\u00e8me MedVall\u00e9e, Mycea est une soci\u00e9t\u00e9 de biotechnologie sp\u00e9cialis\u00e9e dans&hellip;\n","protected":false},"author":2,"featured_media":553909,"comment_status":"","ping_status":"","sticky":false,"template":"","format":"standard","meta":{"footnotes":""},"categories":[9599],"tags":[1111,11,327,10161,5825,1777,674,1011,27,2208,12,2680,959,27331,25,71],"class_list":{"0":"post-553908","1":"post","2":"type-post","3":"status-publish","4":"format-standard","5":"has-post-thumbnail","7":"category-montpellier","8":"tag-actu","9":"tag-actualites","10":"tag-agriculture","11":"tag-agriculture-biologique","12":"tag-agroalimentaire","13":"tag-eu","14":"tag-europe","15":"tag-fr","16":"tag-france","17":"tag-montpellier","18":"tag-news","19":"tag-occitanie","20":"tag-recherche","21":"tag-recherche-developpement","22":"tag-republique-francaise","23":"tag-sante"},"share_on_mastodon":{"url":"https:\/\/pubeurope.com\/@fr\/115600545871301575","error":""},"_links":{"self":[{"href":"https:\/\/www.europesays.com\/fr\/wp-json\/wp\/v2\/posts\/553908","targetHints":{"allow":["GET"]}}],"collection":[{"href":"https:\/\/www.europesays.com\/fr\/wp-json\/wp\/v2\/posts"}],"about":[{"href":"https:\/\/www.europesays.com\/fr\/wp-json\/wp\/v2\/types\/post"}],"author":[{"embeddable":true,"href":"https:\/\/www.europesays.com\/fr\/wp-json\/wp\/v2\/users\/2"}],"replies":[{"embeddable":true,"href":"https:\/\/www.europesays.com\/fr\/wp-json\/wp\/v2\/comments?post=553908"}],"version-history":[{"count":0,"href":"https:\/\/www.europesays.com\/fr\/wp-json\/wp\/v2\/posts\/553908\/revisions"}],"wp:featuredmedia":[{"embeddable":true,"href":"https:\/\/www.europesays.com\/fr\/wp-json\/wp\/v2\/media\/553909"}],"wp:attachment":[{"href":"https:\/\/www.europesays.com\/fr\/wp-json\/wp\/v2\/media?parent=553908"}],"wp:term":[{"taxonomy":"category","embeddable":true,"href":"https:\/\/www.europesays.com\/fr\/wp-json\/wp\/v2\/categories?post=553908"},{"taxonomy":"post_tag","embeddable":true,"href":"https:\/\/www.europesays.com\/fr\/wp-json\/wp\/v2\/tags?post=553908"}],"curies":[{"name":"wp","href":"https:\/\/api.w.org\/{rel}","templated":true}]}}