{"id":553919,"date":"2025-11-23T19:06:22","date_gmt":"2025-11-23T19:06:22","guid":{"rendered":"https:\/\/www.europesays.com\/fr\/553919\/"},"modified":"2025-11-23T19:06:22","modified_gmt":"2025-11-23T19:06:22","slug":"ces-magasins-de-rennes-devant-la-justice-pour-avoir-vendu-de-lalcool-a-des-mineur","status":"publish","type":"post","link":"https:\/\/www.europesays.com\/fr\/553919\/","title":{"rendered":"ces magasins de Rennes devant la Justice pour avoir vendu de l&rsquo;alcool \u00e0 des mineur"},"content":{"rendered":"<p>                    Par<br \/>\n        <strong><br \/>\n            <a href=\"https:\/\/actu.fr\/auteur\/redaction-rennes\" title=\"Consulter tous les articles de R\u00e9daction Rennes\" rel=\"nofollow noopener\" target=\"_blank\">R\u00e9daction Rennes<\/a><br \/>\n                    <\/strong><\/p>\n<p>        Publi\u00e9 le<\/p>\n<p>            23 nov. 2025 \u00e0 20h00        <\/p>\n<p>Le tribunal correctionnel de Rennes s\u2019est pench\u00e9, lundi 17\u00a0novembre 2025, sur le cas de <strong>cinq commerces de Rennes<\/strong> \u00e9pingl\u00e9s par <strong>une association<\/strong> pour avoir vendu ill\u00e9galement de l\u2019alcool \u00e0 des mineurs. En effet, l\u2019Association nationale de pr\u00e9vention en alcoologie et addictologie (ANPAA) \u2013 aujourd\u2019hui Addictions France \u2013 a men\u00e9 <strong>une op\u00e9ration de \u00ab\u2009testing\u2009\u00bb<\/strong> dans sept commerces du centre-ville de Rennes le 3\u00a0novembre 2023\u2009: <strong>un mineur de 17\u00a0ans<\/strong> avait \u00e9t\u00e9 <strong>\u00ab\u2009recrut\u00e9\u2009\u00bb<\/strong> par l\u2019association pour <strong>aller \u00ab\u2009acheter de l\u2019alcool\u2009\u00bb<\/strong> dans ces enseignes sous l\u2019observation d\u2019un huissier de justice.<\/p>\n<p>\u00ab\u2009Un pi\u00e8ge qui nous est tendu\u2009\u00bb<\/p>\n<p class=\" wall-content\">\u00c0 chaque fois, il en \u00e9tait ressorti avec <strong>un \u00ab\u2009pack de bi\u00e8res\u2009\u00bb<\/strong> sans que le caissier ait \u00ab\u2009v\u00e9rifi\u00e9 sa majorit\u00e9\u2009\u00bb, avait constat\u00e9 l\u2019huissier. Le code de la sant\u00e9 publique indique pourtant que \u00ab\u2009la vente des boissons alcooliques \u00e0 des mineurs est interdite\u2009\u00bb et que \u00ab\u2009la personne qui d\u00e9livre la boisson exige du client qu\u2019il \u00e9tablisse la preuve de sa majorit\u00e9\u2009\u00bb.<\/p>\n<p class=\" wall-content\">Les exploitants de cinq de ces commerces ont donc \u00e9t\u00e9 renvoy\u00e9s devant le tribunal correctionnel de Rennes, lundi 17\u00a0novembre 2025. <strong>\u00ab\u2009C\u2019est un pi\u00e8ge qui nous est tendu\u2009\u00bb<\/strong>, a d\u00e9nonc\u00e9 Herv\u00e9 Merel, le g\u00e9rant de la SARL Jenitom, qui exploite le <strong>Carrefour City<\/strong> de l\u2019avenue Aristide-Briand.<\/p>\n<p class=\" wall-content\">\u00ab\u2009En tant que g\u00e9rant,<strong> on ne peut pas \u00eatre partout\u2009\u00bb,<\/strong> s\u2019est justifi\u00e9 celui qui assure d\u00e9livrer \u00ab\u2009huit heures de formation\u2009\u00bb aux salari\u00e9s nouvellement embauch\u00e9s.<\/p>\n<blockquote class=\"ac-article-quote wall-content\">\n<p>On peut \u00eatre confront\u00e9 \u00e0 des mineurs qui paraissent avoir 25 ans et des majeurs qui s&rsquo;offusquent qu&rsquo;on leur demande leur carte d&rsquo;identit\u00e9.<\/p>\n<p>    <strong>Herv\u00e9 Merel<\/strong><br \/>\n        G\u00e9rant de la SARL Jenitom    <\/p><\/blockquote>\n<p>5\u2009000\u00a0euros de dommages et int\u00e9r\u00eats demand\u00e9s<\/p>\n<p class=\" wall-content\">Mais pour l\u2019avocat de l\u2019ANPAA, <strong>\u00ab\u2009ces enseignes n\u2019ont pas fait le n\u00e9cessaire\u2009\u00bb<\/strong> alors qu\u2019elles avaient \u00ab\u2009l\u2019obligation de faire respecter les dispositions l\u00e9gales\u2009\u00bb dans les magasins concern\u00e9s.<\/p>\n<p class=\" wall-content\">Selon Me Fran\u00e7ois Lafforgue, \u00ab\u200920\u2009000\u2009\u00bb commerces ont \u00e9t\u00e9 \u00ab\u2009test\u00e9s\u2009\u00bb par l\u2019association en France depuis 2019, et \u00ab\u200992,7\u2009%\u2009\u00bb ne se conforment pas \u00e0 l\u2019interdiction de vendre de l\u2019alcool aux mineurs\u2026 \u00ab\u2009Il faut absolument marquer les choses\u2009\u00bb, a estim\u00e9 l\u2019avocat, qui a r\u00e9clam\u00e9 en cons\u00e9quence <strong>5\u2009000\u00a0euros de dommages et int\u00e9r\u00eats<\/strong> \u00e0 chacune des soci\u00e9t\u00e9s pr\u00e9venues.<\/p>\n<p>Votre r\u00e9gion, votre actu !<\/p>\n<p>Recevez chaque jour les infos qui comptent pour vous.<\/p>\n<p>\t<a href=\"https:\/\/actu.fr\/newsletter\" class=\"ac-btn ac-btn--corner ac-btn--medium ac-btn--blue800\" rel=\"nofollow noopener\" target=\"_blank\">S&rsquo;incrire<\/a><br \/>\nUn proc\u00e8s-verbal \u00ab\u2009lacunaire\u2009\u00bb<\/p>\n<p class=\" wall-content\">L\u2019avocate de la SARL Emadis, qui exploite le <strong>U Express du boulevard de la Libert\u00e9<\/strong>, a pour sa part estim\u00e9 que <strong>le \u00ab\u2009proc\u00e8s-verbal\u2009\u00bb<\/strong> dress\u00e9 par l\u2019huissier de justice \u00e9tait <strong>\u00ab\u2009lacunaire\u2009\u00bb<\/strong>\u2009: le mineur engag\u00e9 pour mener les tests n\u2019est \u00ab\u2009pas d\u00e9crit\u2009\u00bb, aucune mention de \u00ab\u2009l\u2019heure\u2009\u00bb ou de la \u00ab\u2009date\u2009\u00bb du contr\u00f4le n\u2019y figure et l\u2019huissier ne fait pas \u00e9tat de sa \u00ab\u2009visibilit\u00e9\u2009\u00bb sur les caisses depuis l\u2019ext\u00e9rieur.<\/p>\n<p class=\" wall-content\">Si la \u00ab\u2009lutte contre l\u2019alcoolisme\u2009\u00bb est une \u00ab\u2009cause tr\u00e8s noble\u2009\u00bb, il n\u2019y a <strong>\u00ab\u2009pas suffisamment d\u2019\u00e9l\u00e9ments probants<\/strong> pour entrer en voie de condamnation\u2009\u00bb, a conclu Me Coraline Chavonet.<\/p>\n<p class=\" wall-content\">La \u00ab\u2009m\u00e9thode\u2009\u00bb employ\u00e9e par l\u2019ANPAA est d\u2019ailleurs <strong>\u00ab\u2009d\u00e9loyale\u2009\u00bb<\/strong> et \u00ab\u2009montre aux mineurs qu\u2019ils peuvent acheter de l\u2019alcool\u2009\u00bb sans \u00eatre inqui\u00e9t\u00e9s, a-t-elle estim\u00e9.<\/p>\n<p>Les avocats plaident la relaxe<\/p>\n<p class=\" wall-content\"><strong>\u00ab\u2009On inverse la charge de la preuve\u2009\u00bb<\/strong>, a ajout\u00e9 l\u2019avocate de la soci\u00e9t\u00e9 Ifri City, qui exploitait le Carrefour Express de la rue d\u2019Antrain \u00e0 l\u2019\u00e9poque du contr\u00f4le, et qui g\u00e8re aujourd\u2019hui celui d\u2019Huelgoat (Finist\u00e8re).<\/p>\n<p class=\" wall-content\">C\u2019est en fait <strong>\u00ab\u2009au parquet\u2009\u00bb de Rennes de \u00ab\u2009prouver que l\u2019entreprise n\u2019a pas mis en place les mesures\u2009\u00bb<\/strong> impos\u00e9es par la loi, comme des \u00ab\u2009affichages\u2009\u00bb en magasin, des \u00ab\u2009indications\u2009\u00bb sur les contrats de travail et des \u00ab\u2009formations\u2009\u00bb pour les nouveaux salari\u00e9s, a fait valoir Me Pauline Kerloegan. Les deux avocates ont donc plaid\u00e9 la relaxe de leurs clients.<\/p>\n<p>Des \u00ab\u2009strat\u00e9gies de d\u00e9fense\u2009\u00bb<\/p>\n<p class=\" wall-content\">Les g\u00e9rants de ces soci\u00e9t\u00e9s mettent en place des \u00ab\u2009strat\u00e9gies de d\u00e9fense\u2009\u00bb qui <strong>\u00ab\u2009font peser la faute sur le caissier\u2009\u00bb,<\/strong> en a donc conclu le procureur de la R\u00e9publique. Il a notamment \u00e9voqu\u00e9 une \u00ab\u2009mention automatique\u2009\u00bb attestant de la \u00ab\u2009validation de l\u2019\u00e2ge du client\u2009\u00bb, qui est inscrite sur les \u00ab\u2009tickets de caisse\u2009\u00bb en appuyant sur un simple \u00ab\u2009bouton\u2009\u00bb.<\/p>\n<p class=\" wall-content\">Mais les exploitants \u00ab\u2009ne peuvent pas cr\u00e9er eux-m\u00eames les conditions de leur propre exon\u00e9ration de responsabilit\u00e9\u2009\u00bb, a tanc\u00e9 le magistrat. Il a donc requis \u00e0 l\u2019encontre de la\u00a0soci\u00e9t\u00e9 Ifri City une amende \u00ab\u2009d\u2019au moins 1\u2009500\u00a0euros\u2009\u00bb. Pour les autres, il n\u2019a pas fait \u00ab\u2009d\u2019observations\u2009\u00bb car le parquet n\u2019est \u00ab\u2009pas \u00e0 l\u2019origine des poursuites\u2009\u00bb.<\/p>\n<p>Trois soci\u00e9t\u00e9s sur quatre relax\u00e9es<\/p>\n<p class=\" wall-content\">Le tribunal correctionnel de Rennes a finalement <strong>relax\u00e9 trois des quatre soci\u00e9t\u00e9s<\/strong> poursuivies en raison de \u00ab\u2009l\u2019impr\u00e9cision des \u00e9l\u00e9ments contenus dans le proc\u00e8s-verbal\u2009\u00bb de l\u2019huissier.<\/p>\n<p class=\" wall-content\">La soci\u00e9t\u00e9 Ifri City a pour sa part \u00e9cop\u00e9 <strong>d\u2019une amende de 1\u2009500\u00a0euros<\/strong> et devra verser 1\u2009400\u00a0euros d\u2019indemnit\u00e9s \u00e0 l\u2019ANPAA, mais pour des faits post\u00e9rieurs au \u00ab\u2009testing\u2009\u00bb de novembre\u00a02023.<\/p>\n<p class=\" wall-content\"><strong>RB et GF (PressPepper)<\/strong><\/p>\n<p class=\" wall-content\">Personnalisez votre actualit\u00e9 en ajoutant vos villes et m\u00e9dias en favori avec <a href=\"https:\/\/moncompte.actu.fr\" title=\"D\u00e9couvez Mon Actu\" rel=\"nofollow noopener\" data-trk=\"{&quot;cta&quot;:{&quot;action&quot;:&quot;https:\\\/\\\/moncompte.actu.fr&quot;,&quot;category&quot;:&quot;mon compte&quot;,&quot;from&quot;:&quot;article footer&quot;,&quot;name&quot;:&quot;Mon actu&quot;,&quot;type&quot;:&quot;cta&quot;}}\" target=\"_blank\">Mon Actu<\/a>.<\/p>\n","protected":false},"excerpt":{"rendered":"Par R\u00e9daction Rennes Publi\u00e9 le 23 nov. 2025 \u00e0 20h00 Le tribunal correctionnel de Rennes s\u2019est pench\u00e9, lundi&hellip;\n","protected":false},"author":2,"featured_media":553920,"comment_status":"","ping_status":"","sticky":false,"template":"","format":"standard","meta":{"footnotes":""},"categories":[2821],"tags":[1111,11,5702,829,4304,1777,674,118,1011,27,303,12,584,25],"class_list":{"0":"post-553919","1":"post","2":"type-post","3":"status-publish","4":"format-standard","5":"has-post-thumbnail","7":"category-rennes","8":"tag-actu","9":"tag-actualites","10":"tag-alcool","11":"tag-bretagne","12":"tag-carrefour","13":"tag-eu","14":"tag-europe","15":"tag-faits-divers","16":"tag-fr","17":"tag-france","18":"tag-justice","19":"tag-news","20":"tag-rennes","21":"tag-republique-francaise"},"share_on_mastodon":{"url":"https:\/\/pubeurope.com\/@fr\/115600581136211745","error":""},"_links":{"self":[{"href":"https:\/\/www.europesays.com\/fr\/wp-json\/wp\/v2\/posts\/553919","targetHints":{"allow":["GET"]}}],"collection":[{"href":"https:\/\/www.europesays.com\/fr\/wp-json\/wp\/v2\/posts"}],"about":[{"href":"https:\/\/www.europesays.com\/fr\/wp-json\/wp\/v2\/types\/post"}],"author":[{"embeddable":true,"href":"https:\/\/www.europesays.com\/fr\/wp-json\/wp\/v2\/users\/2"}],"replies":[{"embeddable":true,"href":"https:\/\/www.europesays.com\/fr\/wp-json\/wp\/v2\/comments?post=553919"}],"version-history":[{"count":0,"href":"https:\/\/www.europesays.com\/fr\/wp-json\/wp\/v2\/posts\/553919\/revisions"}],"wp:featuredmedia":[{"embeddable":true,"href":"https:\/\/www.europesays.com\/fr\/wp-json\/wp\/v2\/media\/553920"}],"wp:attachment":[{"href":"https:\/\/www.europesays.com\/fr\/wp-json\/wp\/v2\/media?parent=553919"}],"wp:term":[{"taxonomy":"category","embeddable":true,"href":"https:\/\/www.europesays.com\/fr\/wp-json\/wp\/v2\/categories?post=553919"},{"taxonomy":"post_tag","embeddable":true,"href":"https:\/\/www.europesays.com\/fr\/wp-json\/wp\/v2\/tags?post=553919"}],"curies":[{"name":"wp","href":"https:\/\/api.w.org\/{rel}","templated":true}]}}