{"id":553921,"date":"2025-11-23T19:08:13","date_gmt":"2025-11-23T19:08:13","guid":{"rendered":"https:\/\/www.europesays.com\/fr\/553921\/"},"modified":"2025-11-23T19:08:13","modified_gmt":"2025-11-23T19:08:13","slug":"des-habitants-evacues-de-leur-immeuble-a-rennes-a-la-suite-dun-feu-de-scooter","status":"publish","type":"post","link":"https:\/\/www.europesays.com\/fr\/553921\/","title":{"rendered":"Des habitants \u00e9vacu\u00e9s de leur immeuble \u00e0 Rennes, \u00e0 la suite d\u2019un feu de scooter"},"content":{"rendered":"<p>Le feu s\u2019est d\u00e9clar\u00e9 vers 17 h, dans un scooter qui se trouvait dans la cave d\u2019un immeuble situ\u00e9 square de Car\u00e9lie \u00e0 proximit\u00e9 de la rue de Su\u00e8de. L\u2019incendie, qui n\u2019a fait aucune victime, a engendr\u00e9 un grand d\u00e9gagement de fum\u00e9e au pied du b\u00e2timent qui compte 16 \u00e9tages. Une vingtaine de pompiers ont \u00e9t\u00e9 mobilis\u00e9s lors de cette intervention. Une partie des habitants pr\u00e9sents ont d\u00fb \u00eatre \u00e9vacu\u00e9s le temps de l\u2019intervention des secours. Tous ont pu regagner leurs logements apr\u00e8s quelques minutes pr\u00e9cise la police qui \u00e9tait \u00e9galement pr\u00e9sente sur les lieux.<\/p>\n","protected":false},"excerpt":{"rendered":"Le feu s\u2019est d\u00e9clar\u00e9 vers 17 h, dans un scooter qui se trouvait dans la cave d\u2019un immeuble&hellip;\n","protected":false},"author":2,"featured_media":553922,"comment_status":"","ping_status":"","sticky":false,"template":"","format":"standard","meta":{"footnotes":""},"categories":[2821],"tags":[1111,11,829,765,1777,674,118,1011,27,848,12,584,25],"class_list":{"0":"post-553921","1":"post","2":"type-post","3":"status-publish","4":"format-standard","5":"has-post-thumbnail","7":"category-rennes","8":"tag-actu","9":"tag-actualites","10":"tag-bretagne","11":"tag-en-continu","12":"tag-eu","13":"tag-europe","14":"tag-faits-divers","15":"tag-fr","16":"tag-france","17":"tag-ille-et-vilaine","18":"tag-news","19":"tag-rennes","20":"tag-republique-francaise"},"share_on_mastodon":{"url":"https:\/\/pubeurope.com\/@fr\/115600589141953421","error":""},"_links":{"self":[{"href":"https:\/\/www.europesays.com\/fr\/wp-json\/wp\/v2\/posts\/553921","targetHints":{"allow":["GET"]}}],"collection":[{"href":"https:\/\/www.europesays.com\/fr\/wp-json\/wp\/v2\/posts"}],"about":[{"href":"https:\/\/www.europesays.com\/fr\/wp-json\/wp\/v2\/types\/post"}],"author":[{"embeddable":true,"href":"https:\/\/www.europesays.com\/fr\/wp-json\/wp\/v2\/users\/2"}],"replies":[{"embeddable":true,"href":"https:\/\/www.europesays.com\/fr\/wp-json\/wp\/v2\/comments?post=553921"}],"version-history":[{"count":0,"href":"https:\/\/www.europesays.com\/fr\/wp-json\/wp\/v2\/posts\/553921\/revisions"}],"wp:featuredmedia":[{"embeddable":true,"href":"https:\/\/www.europesays.com\/fr\/wp-json\/wp\/v2\/media\/553922"}],"wp:attachment":[{"href":"https:\/\/www.europesays.com\/fr\/wp-json\/wp\/v2\/media?parent=553921"}],"wp:term":[{"taxonomy":"category","embeddable":true,"href":"https:\/\/www.europesays.com\/fr\/wp-json\/wp\/v2\/categories?post=553921"},{"taxonomy":"post_tag","embeddable":true,"href":"https:\/\/www.europesays.com\/fr\/wp-json\/wp\/v2\/tags?post=553921"}],"curies":[{"name":"wp","href":"https:\/\/api.w.org\/{rel}","templated":true}]}}