{"id":553923,"date":"2025-11-23T19:09:13","date_gmt":"2025-11-23T19:09:13","guid":{"rendered":"https:\/\/www.europesays.com\/fr\/553923\/"},"modified":"2025-11-23T19:09:13","modified_gmt":"2025-11-23T19:09:13","slug":"la-transphobie-tue-et-se-renforce-partout","status":"publish","type":"post","link":"https:\/\/www.europesays.com\/fr\/553923\/","title":{"rendered":"\u00ab\u00a0La transphobie tue et se renforce partout\u00a0\u00bb"},"content":{"rendered":"<p>\u201cNos morts sont politiques.\u201d \u00c0 Strasbourg, le message inscrit sur la banderole noire ouvre le cort\u00e8ge de la manifestation qui comm\u00e9more les morts de la transphobie et de la transmisogynie. Pr\u00e8s de 210 personnes font front, \u00e0 l\u2019appel de plusieurs organisations locales.<\/p>\n<p>\u00ab\u00a0C\u2019est bien mignon de se souvenir, mais nous sommes les prochains sur la liste. Nous sommes des victimes potentielles\u00a0\u00bb, soutient Cornelia Schneider, femme trans, militante syndicale&#8230;<\/p>\n","protected":false},"excerpt":{"rendered":"\u201cNos morts sont politiques.\u201d \u00c0 Strasbourg, le message inscrit sur la banderole noire ouvre le cort\u00e8ge de la&hellip;\n","protected":false},"author":2,"featured_media":553924,"comment_status":"","ping_status":"","sticky":false,"template":"","format":"standard","meta":{"footnotes":""},"categories":[2820],"tags":[1111,11,2389,2649,6084,2880,1777,674,107,1011,27,775,12,25,104,640,2879,1631],"class_list":{"0":"post-553923","1":"post","2":"type-post","3":"status-publish","4":"format-standard","5":"has-post-thumbnail","7":"category-strasbourg","8":"tag-actu","9":"tag-actualites","10":"tag-alsace","11":"tag-bas-rhin","12":"tag-droit","13":"tag-edition-strasbourg","14":"tag-eu","15":"tag-europe","16":"tag-fil-info","17":"tag-fr","18":"tag-france","19":"tag-grand-est","20":"tag-news","21":"tag-republique-francaise","22":"tag-societe","23":"tag-strasbourg","24":"tag-strasbourg-ville","25":"tag-vie-associative"},"share_on_mastodon":{"url":"https:\/\/pubeurope.com\/@fr\/115600593163872218","error":""},"_links":{"self":[{"href":"https:\/\/www.europesays.com\/fr\/wp-json\/wp\/v2\/posts\/553923","targetHints":{"allow":["GET"]}}],"collection":[{"href":"https:\/\/www.europesays.com\/fr\/wp-json\/wp\/v2\/posts"}],"about":[{"href":"https:\/\/www.europesays.com\/fr\/wp-json\/wp\/v2\/types\/post"}],"author":[{"embeddable":true,"href":"https:\/\/www.europesays.com\/fr\/wp-json\/wp\/v2\/users\/2"}],"replies":[{"embeddable":true,"href":"https:\/\/www.europesays.com\/fr\/wp-json\/wp\/v2\/comments?post=553923"}],"version-history":[{"count":0,"href":"https:\/\/www.europesays.com\/fr\/wp-json\/wp\/v2\/posts\/553923\/revisions"}],"wp:featuredmedia":[{"embeddable":true,"href":"https:\/\/www.europesays.com\/fr\/wp-json\/wp\/v2\/media\/553924"}],"wp:attachment":[{"href":"https:\/\/www.europesays.com\/fr\/wp-json\/wp\/v2\/media?parent=553923"}],"wp:term":[{"taxonomy":"category","embeddable":true,"href":"https:\/\/www.europesays.com\/fr\/wp-json\/wp\/v2\/categories?post=553923"},{"taxonomy":"post_tag","embeddable":true,"href":"https:\/\/www.europesays.com\/fr\/wp-json\/wp\/v2\/tags?post=553923"}],"curies":[{"name":"wp","href":"https:\/\/api.w.org\/{rel}","templated":true}]}}