{"id":553925,"date":"2025-11-23T19:10:16","date_gmt":"2025-11-23T19:10:16","guid":{"rendered":"https:\/\/www.europesays.com\/fr\/553925\/"},"modified":"2025-11-23T19:10:16","modified_gmt":"2025-11-23T19:10:16","slug":"walid-acherchour-sattaque-a-strasbourg","status":"publish","type":"post","link":"https:\/\/www.europesays.com\/fr\/553925\/","title":{"rendered":"Walid Acherchour s&rsquo;attaque \u00e0 Strasbourg"},"content":{"rendered":"<p><b>Le Racing Club de Strasbourg est<br \/>\ntomb\u00e9 ce samedi \u00e0 Lens lors de la 13e journ\u00e9e de <a href=\"https:\/\/www.foot01.com\/ligue1\" title=\"Ligue 1\" target=\"_blank\" rel=\"noopener\">Ligue 1<\/a>. Les Alsaciens<br \/>\nn\u2019arrivent pas \u00e0 encha\u00eener deux victoires de suite. Les suiveurs de la<br \/>\nformation de Liam Rosenior se questionnent.  <\/b>Strasbourg n\u2019a plus encha\u00een\u00e9 deux<br \/>\nvictoires cons\u00e9cutives depuis les 14 et 21 septembre derniers. Les Alsaciens<br \/>\nsont une nouvelle fois tomb\u00e9s \u00e0 Lens ce samedi (1-0). Dans le jeu, la formation<br \/>\nde <a href=\"https:\/\/www.foot01.com\/strasbourg\" target=\"_self\" rel=\"noopener\">Liam Rosenior<\/a> peine \u00e0 convaincre depuis un mois. Une tendance qui se r\u00e9p\u00e8te<br \/>\npar rapport \u00e0 l\u2019an pass\u00e9 (aucune victoire lors du mois de novembre 2024). Mais<br \/>\nsurtout contre les concurrents directs, le club de l\u2019Est n\u2019y arrive pas. Les<br \/>\nAlsaciens n\u2019ont remport\u00e9 qu\u2019un seul match contre une \u00e9quipe du Top 10 de Ligue<br \/>\n1 cette saison (Lille). Des r\u00e9sultats qui n\u2019enchantent pas les observateurs \u00e0 l&rsquo;approche des f\u00eates de fin d&rsquo;ann\u00e9e.Strasbourg fort contre les<br \/>\nfaibles\u2026<\/p>\n<p>Sur le plateau de l\u2019After Foot<br \/>\nsur RMC, Walid Acherchour exprime les premi\u00e8res inqui\u00e9tudes quant \u00e0 l\u2019\u00e9quipe<br \/>\nde Liam Rosenior. \u00ab Au-del\u00e0 de \u00e7a, Strasbourg, c\u2019est on gagne face aux<br \/>\npetits et contre les gros, c\u2019est difficile. Mais moi, j&rsquo;attends quand m\u00eame pas<br \/>\nmal de Strasbourg. La seule victoire contre un gros, c&rsquo;est Lille et encore le<br \/>\nmatch n\u2019est pas dingue. Mais sinon globalement, tu regardes la mani\u00e8re dont ils<br \/>\nont perdu contre Lyon, contre Marseille. L\u00e0 encore ce samedi contre Lens. Plus<br \/>\n\u00e7a avance Strasbourg, moins je suis emball\u00e9,\u00a0\u00bb explique-t-il. Le RCSA a<br \/>\nchut\u00e9 au classement et peut se voir exclu du top 6 \u00e0 la fin du week-end. Les<br \/>\nAlsaciens devront se relancer rapidement avec des adversaires \u00e0 leur port\u00e9e en<br \/>\nLigue 1. Avant cela, Strasbourg fera face \u00e0 Crystal Palace en Conf\u00e9rence<br \/>\nLeague. Une occasion de relancer la machine pour ne pas conna\u00eetre une panne<br \/>\ntrop\u00a0longue et co\u00fbteuse pour la fin de la saison.\u00a0<\/p>\n","protected":false},"excerpt":{"rendered":"Le Racing Club de Strasbourg est tomb\u00e9 ce samedi \u00e0 Lens lors de la 13e journ\u00e9e de Ligue&hellip;\n","protected":false},"author":2,"featured_media":553926,"comment_status":"","ping_status":"","sticky":false,"template":"","format":"standard","meta":{"footnotes":""},"categories":[2820],"tags":[1111,11,1777,674,1011,27,775,66,12,24894,25,640],"class_list":{"0":"post-553925","1":"post","2":"type-post","3":"status-publish","4":"format-standard","5":"has-post-thumbnail","7":"category-strasbourg","8":"tag-actu","9":"tag-actualites","10":"tag-eu","11":"tag-europe","12":"tag-fr","13":"tag-france","14":"tag-grand-est","15":"tag-ligue-1","16":"tag-news","17":"tag-rcsa","18":"tag-republique-francaise","19":"tag-strasbourg"},"share_on_mastodon":{"url":"https:\/\/pubeurope.com\/@fr\/115600596849084951","error":""},"_links":{"self":[{"href":"https:\/\/www.europesays.com\/fr\/wp-json\/wp\/v2\/posts\/553925","targetHints":{"allow":["GET"]}}],"collection":[{"href":"https:\/\/www.europesays.com\/fr\/wp-json\/wp\/v2\/posts"}],"about":[{"href":"https:\/\/www.europesays.com\/fr\/wp-json\/wp\/v2\/types\/post"}],"author":[{"embeddable":true,"href":"https:\/\/www.europesays.com\/fr\/wp-json\/wp\/v2\/users\/2"}],"replies":[{"embeddable":true,"href":"https:\/\/www.europesays.com\/fr\/wp-json\/wp\/v2\/comments?post=553925"}],"version-history":[{"count":0,"href":"https:\/\/www.europesays.com\/fr\/wp-json\/wp\/v2\/posts\/553925\/revisions"}],"wp:featuredmedia":[{"embeddable":true,"href":"https:\/\/www.europesays.com\/fr\/wp-json\/wp\/v2\/media\/553926"}],"wp:attachment":[{"href":"https:\/\/www.europesays.com\/fr\/wp-json\/wp\/v2\/media?parent=553925"}],"wp:term":[{"taxonomy":"category","embeddable":true,"href":"https:\/\/www.europesays.com\/fr\/wp-json\/wp\/v2\/categories?post=553925"},{"taxonomy":"post_tag","embeddable":true,"href":"https:\/\/www.europesays.com\/fr\/wp-json\/wp\/v2\/tags?post=553925"}],"curies":[{"name":"wp","href":"https:\/\/api.w.org\/{rel}","templated":true}]}}