{"id":553927,"date":"2025-11-23T19:12:07","date_gmt":"2025-11-23T19:12:07","guid":{"rendered":"https:\/\/www.europesays.com\/fr\/553927\/"},"modified":"2025-11-23T19:12:07","modified_gmt":"2025-11-23T19:12:07","slug":"nice-la-structure-i-love-nice-bientot-de-retour-voici-quand","status":"publish","type":"post","link":"https:\/\/www.europesays.com\/fr\/553927\/","title":{"rendered":"Nice. La structure \u00ab\u00a0I Love Nice\u00a0\u00bb bient\u00f4t de retour : voici quand"},"content":{"rendered":"<p>                    Par<br \/>\n        <strong><br \/>\n            <a href=\"https:\/\/actu.fr\/auteur\/ugo-maillard\" title=\"Consulter tous les articles de Ugo Maillard\" target=\"_blank\" rel=\"noopener\">Ugo Maillard<\/a><br \/>\n                    <\/strong><\/p>\n<p>        Publi\u00e9 le<\/p>\n<p>            19 nov. 2025 \u00e0 12h57        <\/p>\n<p>Un monument s\u2019en va, un autre revient. Ce mardi 18\u00a0novembre 2025, l\u2019\u00e9norme <strong>lion noir<\/strong> de la place Garibaldi a d\u00e9finitivement quitt\u00e9 Nice (<a href=\"https:\/\/actu.fr\/provence-alpes-cote-d-azur\/alpes-maritimes_06\" target=\"_blank\" rel=\"noopener\">Alpes-Maritimes<\/a>),<a href=\"https:\/\/actu.fr\/provence-alpes-cote-d-azur\/nice_06088\/nice-cette-statue-monumentale-va-etre-retiree-voici-ce-que-l-on-sait_63365468.html\" target=\"_blank\" rel=\"noopener\"> comme annonc\u00e9 sur actu Nice<\/a> au mois d\u2019octobre.<\/p>\n<p class=\" wall-content\">Dans le m\u00eame temps, les services de la mairie ont indiqu\u00e9 que l\u2019iconique structure <strong>\u00ab\u2009I Love Nice\u2009\u00bb<\/strong> sera bel et bien de retour apr\u00e8s plusieurs mois d\u2019absence. Les Ni\u00e7ois et touristes vont \u00e0 nouveau pouvoir capturer leur clich\u00e9 de la promenade des Anglais depuis la <a href=\"https:\/\/actu.fr\/provence-alpes-cote-d-azur\/nice_06088\/nice-retour-du-double-sens-sur-rauba-capeu-a-quoi-cela-pourrait-ressembler_63449551.html\" target=\"_blank\" rel=\"noopener\">pointe de Rauba Capeu<\/a>.<\/p>\n<p>Pas de changement attendu<\/p>\n<p class=\" wall-content\">Selon une information de Nice Matin que notre r\u00e9daction est en mesure de confirmer, le symbole de Nice sera de retour au d\u00e9but du mois de d\u00e9cembre\u00a02025.<\/p>\n<p class=\" wall-content\">Pour rappel, il avait \u00e9t\u00e9 remplac\u00e9 par une structure enti\u00e8rement bleue et blanche, entour\u00e9e d\u2019animaux marins \u00e0 l\u2019occasion du Sommet des Oc\u00e9ans.<\/p>\n<p>    <img   decoding=\"async\" loading=\"lazy\" src=\"https:\/\/www.europesays.com\/fr\/wp-content\/uploads\/2025\/11\/i-love-nice-960x640.jpeg\" alt=\"Le structure \" width=\"960\" height=\"640\"\/><br \/>\n    La structure \u00ab\u2009I Love Nice\u2009\u00bb avait de changer sur Rauba Capeu. (\u00a9Ugo Maillard \/ actu Nice)<\/p>\n<p class=\" wall-content\">Selon les \u00e9l\u00e9ments communiqu\u00e9s, il n\u2019y aura <strong>pas de changement<\/strong> sur le \u00ab\u2009I Love Nice\u2009\u00bb.<\/p>\n<p class=\" wall-content\">Personnalisez votre actualit\u00e9 en ajoutant vos villes et m\u00e9dias en favori avec <a href=\"https:\/\/moncompte.actu.fr\" title=\"D\u00e9couvez Mon Actu\" rel=\"nofollow noopener\" data-trk=\"{&quot;cta&quot;:{&quot;action&quot;:&quot;https:\\\/\\\/moncompte.actu.fr&quot;,&quot;category&quot;:&quot;mon compte&quot;,&quot;from&quot;:&quot;article footer&quot;,&quot;name&quot;:&quot;Mon actu&quot;,&quot;type&quot;:&quot;cta&quot;}}\" target=\"_blank\">Mon Actu<\/a>.<\/p>\n","protected":false},"excerpt":{"rendered":"Par Ugo Maillard Publi\u00e9 le 19 nov. 2025 \u00e0 12h57 Un monument s\u2019en va, un autre revient. Ce&hellip;\n","protected":false},"author":2,"featured_media":553928,"comment_status":"","ping_status":"","sticky":false,"template":"","format":"standard","meta":{"footnotes":""},"categories":[2819],"tags":[1111,11,1777,674,1011,27,1652,12,2401,882,25,602],"class_list":{"0":"post-553927","1":"post","2":"type-post","3":"status-publish","4":"format-standard","5":"has-post-thumbnail","7":"category-nice","8":"tag-actu","9":"tag-actualites","10":"tag-eu","11":"tag-europe","12":"tag-fr","13":"tag-france","14":"tag-loisirs-culture","15":"tag-news","16":"tag-nice","17":"tag-provence-alpes-cote-dazur","18":"tag-republique-francaise","19":"tag-tourisme"},"share_on_mastodon":{"url":"https:\/\/pubeurope.com\/@fr\/115600605573615437","error":""},"_links":{"self":[{"href":"https:\/\/www.europesays.com\/fr\/wp-json\/wp\/v2\/posts\/553927","targetHints":{"allow":["GET"]}}],"collection":[{"href":"https:\/\/www.europesays.com\/fr\/wp-json\/wp\/v2\/posts"}],"about":[{"href":"https:\/\/www.europesays.com\/fr\/wp-json\/wp\/v2\/types\/post"}],"author":[{"embeddable":true,"href":"https:\/\/www.europesays.com\/fr\/wp-json\/wp\/v2\/users\/2"}],"replies":[{"embeddable":true,"href":"https:\/\/www.europesays.com\/fr\/wp-json\/wp\/v2\/comments?post=553927"}],"version-history":[{"count":0,"href":"https:\/\/www.europesays.com\/fr\/wp-json\/wp\/v2\/posts\/553927\/revisions"}],"wp:featuredmedia":[{"embeddable":true,"href":"https:\/\/www.europesays.com\/fr\/wp-json\/wp\/v2\/media\/553928"}],"wp:attachment":[{"href":"https:\/\/www.europesays.com\/fr\/wp-json\/wp\/v2\/media?parent=553927"}],"wp:term":[{"taxonomy":"category","embeddable":true,"href":"https:\/\/www.europesays.com\/fr\/wp-json\/wp\/v2\/categories?post=553927"},{"taxonomy":"post_tag","embeddable":true,"href":"https:\/\/www.europesays.com\/fr\/wp-json\/wp\/v2\/tags?post=553927"}],"curies":[{"name":"wp","href":"https:\/\/api.w.org\/{rel}","templated":true}]}}