{"id":553931,"date":"2025-11-23T19:14:15","date_gmt":"2025-11-23T19:14:15","guid":{"rendered":"https:\/\/www.europesays.com\/fr\/553931\/"},"modified":"2025-11-23T19:14:15","modified_gmt":"2025-11-23T19:14:15","slug":"etats-generaux-a-nantes-si-une-secu-de-la-culture-existait-je-travaillerais-plus-pour","status":"publish","type":"post","link":"https:\/\/www.europesays.com\/fr\/553931\/","title":{"rendered":"\u00c9tats g\u00e9n\u00e9raux \u00e0 Nantes: \u00ab\u00a0Si une S\u00e9cu de la culture existait, je travaillerais plus pour"},"content":{"rendered":"<p>La table est recouverte de bouquins pr\u00eat\u00e9s par la librairie nantaise Durance, dont un livret \u00e0 couverture bleue, Pour une s\u00e9curit\u00e9 sociale de la culture, du R\u00e9seau salariat. L\u2019objet semble un peu aust\u00e8re, un poil techno. Pourtant, en y regardant de pr\u00e8s, la proposition est plut\u00f4t excitante. D\u2019autant plus en ces temps d\u2019aust\u00e9rit\u00e9 qui rongent les services publics. Car il s\u2019agit ni plus ni moins, pour faire court, que de reprendre \u00e0 z\u00e9ro l\u2019\u00e9conomie de la culture. En lui posant des bases plus solides et plus fiables, au b\u00e9n\u00e9fice des artistes et donc du public.<\/p>\n<p><strong>Lire aussi\u00a0:<\/strong> <a href=\"https:\/\/nantes.maville.com\/actu\/actudet_-il-y-a-partout-une-grosse-inquietude-un-an-apres-les-coupes-budgetaires-la-culture-mene-ses-etats-generaux-a-nantes-_8-7073970_actu.Htm\" target=\"_blank\" rel=\"noopener\">\u00ab\u00a0Il y a partout une grosse inqui\u00e9tude\u00a0\u00bb\u00a0: un an apr\u00e8s les coupes budg\u00e9taires, la culture m\u00e8ne ses \u00c9tats g\u00e9n\u00e9raux \u00e0 Nantes<\/a><\/p>\n<p>L\u2019ouvrage en question est un peu la r\u00e9f\u00e9rence de l\u2019atelier en cours, \u00e0 l\u2019ancienne \u00e9cole des Beaux-arts de Nantes (Loire-Atlantique), en ce samedi 22\u00a0novembre automnal. Dans l\u2019\u00e9tablissement d\u00e9saffect\u00e9, le collectif Futures Cultures, n\u00e9 \u00e0 l\u2019occasion de la lutte contre les drastiques <a href=\"https:\/\/nantes.maville.com\/actu\/actudet_-il-y-a-partout-une-grosse-inquietude-un-an-apres-les-coupes-budgetaires-la-culture-mene-ses-etats-generaux-a-nantes-_8-7073970_actu.Htm\" target=\"_self\" rel=\"noopener\">coupes budg\u00e9taires de la R\u00e9gion<\/a>, en d\u00e9cembre\u00a02024, inaugure ici sa premi\u00e8re journ\u00e9e \u00e9v\u00e9nement.<\/p>\n<p>Lutter, mais pas que<\/p>\n<p>Premi\u00e8re \u00e9tape des \u00c9tats g\u00e9n\u00e9raux du service public de la culture en Pays de la Loire, lanc\u00e9s pour f\u00e9d\u00e9rer professionnels, usagers, citoyens autour de d\u00e9bats, de cercles de travail, de pistes de solutions pour l\u2019avenir du secteur. Pour sortir ses acteurs, comme ses productions, de la pr\u00e9carit\u00e9. En somme, comme le r\u00e9sument justement deux membres de ce collectif, Victor Tetaz et Zazen Lab\u00a0:<strong> \u00ab\u00a0Pour \u00eatre plus dans la proposition que sur des positions d\u00e9fensives, comme pendant la bataille contre la R\u00e9gion.\u00a0\u00bb<\/strong><\/p>\n<p>Durant la matin\u00e9e, les huit participants donnent de leur temps pour dessiner \u00e0 grand trait une s\u00e9curit\u00e9 sociale de la culture. L\u2019id\u00e9e \u00e9tant, si l\u2019on se r\u00e9f\u00e8re au R\u00e9seau salariat, de sortir ce secteur d\u2019activit\u00e9 <strong>\u00ab\u00a0de la sph\u00e8re d\u2019influence capitaliste pour le placer sous contr\u00f4le populaire. La S\u00e9cu n\u2019est pas une d\u00e9pense publique, mais un mode de production alternatif\u00a0\u00bb.<\/strong><\/p>\n<p>Sortir des temples<\/p>\n<p><strong>\u00ab\u00a0\u00c0 quel probl\u00e8me \u00eates-vous confront\u00e9s aujourd\u2019hui, qui serait r\u00e9solu par une S\u00e9cu de la culture\u00a0?\u00a0\u00bb<\/strong> questionne Nicolas Chenuet, trompettiste et animateur du <a href=\"https:\/\/nantes.maville.com\/actu\/actudet_-il-y-a-partout-une-grosse-inquietude-un-an-apres-les-coupes-budgetaires-la-culture-mene-ses-etats-generaux-a-nantes-_8-7073970_actu.Htm\" target=\"_self\" rel=\"noopener\">cercle de r\u00e9flexion<\/a>. Les r\u00e9ponses jaillissent comme des cris du c\u0153ur, de la bouche de chaque artiste pr\u00e9sent, majoritairement des Nantais.<\/p>\n<p>Une participante, dont l\u2019activit\u00e9 consiste \u00e0 organiser des \u00e9v\u00e9nements culturels, d\u00e9plore de ne pas pouvoir le faire suffisamment dans les quartiers populaires, faute de financement. Si un revenu lui \u00e9tait assur\u00e9, \u00e7a serait plus facile, dit-elle en substance. Idem pour un com\u00e9dien nantais, qui confie\u00a0:<strong> \u00ab\u00a0Je perds de l\u2019\u00e9nergie \u00e0 chercher des fonds, \u00e0 ne plus savoir comment je m\u2019appelle. Une s\u00e9cu, \u00e7a serait bien plus b\u00e9n\u00e9fique pour le public, notamment celui des quartiers justement, celui avec lequel j\u2019aspire \u00e0 travailler.\u00a0\u00bb<\/strong><\/p>\n<p>Qu\u2019est-ce que la culture finalement\u00a0? <strong>\u00ab\u00a0On bute toujours sur la d\u00e9finition,<\/strong> poursuit le com\u00e9dien. <strong>Art \u00e9litiste, culture pour tous\u00a0? Aujourd\u2019hui, les artistes sont largement sortis des temples. Moi je joue dans les \u00e9coles, les biblioth\u00e8ques, la rue, partout. Les temples, je les emmerde.\u00a0\u00bb<\/strong> La culture, affaire de tous, besoin pour tous, devrait donc \u00eatre un service public. Avec une s\u00e9cu, g\u00e9r\u00e9e par des caisses nationales et locales, comme la S\u00e9curit\u00e9 sociale. CQFD. C\u2019est leur conviction et c\u2019est le projet qu\u2019ils tentent, ensemble, de construire.<\/p>\n<p>\u00a0<\/p>\n","protected":false},"excerpt":{"rendered":"La table est recouverte de bouquins pr\u00eat\u00e9s par la librairie nantaise Durance, dont un livret \u00e0 couverture bleue,&hellip;\n","protected":false},"author":2,"featured_media":553932,"comment_status":"","ping_status":"","sticky":false,"template":"","format":"standard","meta":{"footnotes":""},"categories":[2818],"tags":[1111,11,251,14068,1777,674,67093,1011,27,38728,766,12,2636,67095,25,6689,15507,67094,9693],"class_list":{"0":"post-553931","1":"post","2":"type-post","3":"status-publish","4":"format-standard","5":"has-post-thumbnail","7":"category-nantes","8":"tag-actu","9":"tag-actualites","10":"tag-culture","11":"tag-etats","12":"tag-eu","13":"tag-europe","14":"tag-existait","15":"tag-fr","16":"tag-france","17":"tag-generaux","18":"tag-nantes","19":"tag-news","20":"tag-pays-de-la-loire","21":"tag-pognon","22":"tag-republique-francaise","23":"tag-roche","24":"tag-secu","25":"tag-travaillerais","26":"tag-yon"},"share_on_mastodon":{"url":"https:\/\/pubeurope.com\/@fr\/115600612651715806","error":""},"_links":{"self":[{"href":"https:\/\/www.europesays.com\/fr\/wp-json\/wp\/v2\/posts\/553931","targetHints":{"allow":["GET"]}}],"collection":[{"href":"https:\/\/www.europesays.com\/fr\/wp-json\/wp\/v2\/posts"}],"about":[{"href":"https:\/\/www.europesays.com\/fr\/wp-json\/wp\/v2\/types\/post"}],"author":[{"embeddable":true,"href":"https:\/\/www.europesays.com\/fr\/wp-json\/wp\/v2\/users\/2"}],"replies":[{"embeddable":true,"href":"https:\/\/www.europesays.com\/fr\/wp-json\/wp\/v2\/comments?post=553931"}],"version-history":[{"count":0,"href":"https:\/\/www.europesays.com\/fr\/wp-json\/wp\/v2\/posts\/553931\/revisions"}],"wp:featuredmedia":[{"embeddable":true,"href":"https:\/\/www.europesays.com\/fr\/wp-json\/wp\/v2\/media\/553932"}],"wp:attachment":[{"href":"https:\/\/www.europesays.com\/fr\/wp-json\/wp\/v2\/media?parent=553931"}],"wp:term":[{"taxonomy":"category","embeddable":true,"href":"https:\/\/www.europesays.com\/fr\/wp-json\/wp\/v2\/categories?post=553931"},{"taxonomy":"post_tag","embeddable":true,"href":"https:\/\/www.europesays.com\/fr\/wp-json\/wp\/v2\/tags?post=553931"}],"curies":[{"name":"wp","href":"https:\/\/api.w.org\/{rel}","templated":true}]}}