{"id":553937,"date":"2025-11-23T19:17:14","date_gmt":"2025-11-23T19:17:14","guid":{"rendered":"https:\/\/www.europesays.com\/fr\/553937\/"},"modified":"2025-11-23T19:17:14","modified_gmt":"2025-11-23T19:17:14","slug":"bordeaux-previsions-meteo-du-dimanche-23-novembre-2025","status":"publish","type":"post","link":"https:\/\/www.europesays.com\/fr\/553937\/","title":{"rendered":"Bordeaux : pr\u00e9visions m\u00e9t\u00e9o du dimanche 23 novembre 2025"},"content":{"rendered":"<p>\u00c0 Bordeaux, la journ\u00e9e de dimanche s&rsquo;annonce pluvieuse avec des averses faibles et un vent mod\u00e9r\u00e9 \u00e0 soutenu. Les temp\u00e9ratures restent fra\u00eeches entre 9 et 15\u00b0C, dans un ciel tr\u00e8s humide et instable.<\/p>\n<p>    Alerte en cours<\/p>\n<p>Depuis 00 h, le d\u00e9partement de la Gironde est plac\u00e9 en vigilance <b>Jaune pluie<\/b>. Les averses observ\u00e9es aujourd\u2019hui \u00e0 Bordeaux risquent d\u2019entra\u00eener des ruissellements temporaires et des ralentissements, en particulier dans les zones d\u00e9j\u00e0 satur\u00e9es en eau.<\/p>\n<p>Restez inform\u00e9s de l\u2019\u00e9volution de la situation sur <a href=\"https:\/\/www.meteocity.com\/france\/alertes\" rel=\"nofollow noopener\" target=\"_blank\">notre page d\u00e9di\u00e9e aux alertes m\u00e9t\u00e9orologiques<\/a> et suivez les consignes municipales en cas de routes inond\u00e9es.<\/p>\n<ul>\n<li>R\u00e9duisez votre vitesse en voiture et augmentez les distances de s\u00e9curit\u00e9.<\/li>\n<li>\u00c9vitez les passages souterrains sujets \u00e0 l\u2019accumulation d\u2019eau.<\/li>\n<li>Surveillez les points bas et d\u00e9gagez les bouches d\u2019\u00e9gout \u00e0 proximit\u00e9 des habitations.<\/li>\n<\/ul>\n<p>Matin : pluie persistante d\u00e8s le lever du soleil<\/p>\n<p>Le soleil s\u2019est lev\u00e9 \u00e0 08 h 10, mais demeure cach\u00e9 derri\u00e8re un \u00e9pais tapis nuageux. \u00c0 09 h, Bordeaux affiche <b>9 \u00b0C<\/b>, ressenti 7 \u00b0C, sous une pluie faible persistante.<\/p>\n<p>L\u2019humidit\u00e9 avoisine 99 %, tandis que la pression atteint 1 017 hPa, signe d\u2019une masse d\u2019air stable. Le vent de sud reste mod\u00e9r\u00e9, \u00e0 6 km\/h, apportant tr\u00e8s peu de ventilation.<\/p>\n<ul>\n<li><b>Pluviom\u00e9trie :<\/b> 3,2 mm attendus ce matin.<\/li>\n<li><b>Probabilit\u00e9 d\u2019averse :<\/b> 78 % \u2013 pensez aux v\u00eatements imperm\u00e9ables.<\/li>\n<\/ul>\n<p>Apr\u00e8s-midi : vent plus soutenu, averses g\u00e9n\u00e9ralis\u00e9es<\/p>\n<p>En milieu de journ\u00e9e, le thermom\u00e8tre grimpe \u00e0 <b>14 \u00b0C<\/b> (ressenti 13 \u00b0C). Les averses, faibles mais g\u00e9n\u00e9ralis\u00e9es, persistent, avec une certitude de 100 % et 1,3 mm suppl\u00e9mentaires attendus.<\/p>\n<p>Le flux s\u2019oriente \u00e0 l\u2019ouest-sud-ouest et se renforce \u00e0 22 km\/h. Les rafales, d\u00e9sormais notables, peuvent atteindre <b>46 km\/h<\/b>, susceptibles de g\u00eaner les deux-roues et de balayer les feuilles mortes sur la chauss\u00e9e.<\/p>\n<ul>\n<li><b>Humidit\u00e9 :<\/b> 89 % \u2013 atmosph\u00e8re moite.<\/li>\n<li><b>Pression<\/b> en baisse : 1 013 hPa.<\/li>\n<\/ul>\n<p>Soir : pluie active apr\u00e8s le coucher du soleil<\/p>\n<p>Apr\u00e8s le coucher du soleil \u00e0 17 h 27, la pluie regagne en intensit\u00e9. \u00c0 21 h, on rel\u00e8ve <b>13 \u00b0C<\/b>, ressenti 11 \u00b0C, sous une nouvelle s\u00e9quence de 4,7 mm.<\/p>\n<p>Le vent d\u2019ouest-sud-ouest demeure soutenu \u00e0 23 km\/h, avec des rafales pouvant atteindre <b>51 km\/h<\/b>. Prudence lors des sorties nocturnes : parapluie solidement tenu et vigilance \u00e0 proximit\u00e9 des chantiers.<\/p>\n<ul>\n<li>Humidit\u00e9 stable : 91 %.<\/li>\n<li>Pression 1 011 hPa, tendance toujours \u00e0 la baisse.<\/li>\n<\/ul>\n<p>Tendance g\u00e9n\u00e9rale pour le lendemain<\/p>\n<p>Demain lundi 24 novembre, Bordeaux devrait rester sous pluie faible quasi-continue. Les mod\u00e8les anticipent de nouveaux cumuls, environ 19,5 mm sur la journ\u00e9e, aliment\u00e9s par un flux d\u2019ouest toujours humide.<\/p>\n<p>La fourchette thermique s\u2019annonce \u00e9troite : de <b>9 \u00b0C<\/b> au lever \u00e0 <b>14 \u00b0C<\/b> l\u2019apr\u00e8s-midi. Le ressenti oscillera entre 7 \u00b0C et 12 \u00b0C, sous un vent moyen de 23 km\/h et des rafales \u00e0 49 km\/h.<\/p>\n<p>Si les averses se confirment, on pourrait d\u00e9passer 30 mm en 48 heures ; un \u00e9pisode fr\u00e9quent en automne, que le r\u00e9chauffement climatique tend \u00e0 rendre plus intense et plus rapproch\u00e9.<\/p>\n<p>Pour organiser vos sorties entre deux \u00e9claircies, consultez <a href=\"https:\/\/www.meteocity.com\/france\/bordeaux-v3031582\/tourisme\" rel=\"nofollow noopener\" target=\"_blank\">notre page tourisme<\/a>, mise \u00e0 jour en continu selon les derni\u00e8res observations.<\/p>\n","protected":false},"excerpt":{"rendered":"\u00c0 Bordeaux, la journ\u00e9e de dimanche s&rsquo;annonce pluvieuse avec des averses faibles et un vent mod\u00e9r\u00e9 \u00e0 soutenu.&hellip;\n","protected":false},"author":2,"featured_media":553938,"comment_status":"","ping_status":"","sticky":false,"template":"","format":"standard","meta":{"footnotes":""},"categories":[2817],"tags":[1111,11,1997,1777,674,1011,27,12,2219,25],"class_list":{"0":"post-553937","1":"post","2":"type-post","3":"status-publish","4":"format-standard","5":"has-post-thumbnail","7":"category-bordeaux","8":"tag-actu","9":"tag-actualites","10":"tag-bordeaux","11":"tag-eu","12":"tag-europe","13":"tag-fr","14":"tag-france","15":"tag-news","16":"tag-nouvelle-aquitaine","17":"tag-republique-francaise"},"share_on_mastodon":{"url":"https:\/\/pubeurope.com\/@fr\/115600624567515902","error":""},"_links":{"self":[{"href":"https:\/\/www.europesays.com\/fr\/wp-json\/wp\/v2\/posts\/553937","targetHints":{"allow":["GET"]}}],"collection":[{"href":"https:\/\/www.europesays.com\/fr\/wp-json\/wp\/v2\/posts"}],"about":[{"href":"https:\/\/www.europesays.com\/fr\/wp-json\/wp\/v2\/types\/post"}],"author":[{"embeddable":true,"href":"https:\/\/www.europesays.com\/fr\/wp-json\/wp\/v2\/users\/2"}],"replies":[{"embeddable":true,"href":"https:\/\/www.europesays.com\/fr\/wp-json\/wp\/v2\/comments?post=553937"}],"version-history":[{"count":0,"href":"https:\/\/www.europesays.com\/fr\/wp-json\/wp\/v2\/posts\/553937\/revisions"}],"wp:featuredmedia":[{"embeddable":true,"href":"https:\/\/www.europesays.com\/fr\/wp-json\/wp\/v2\/media\/553938"}],"wp:attachment":[{"href":"https:\/\/www.europesays.com\/fr\/wp-json\/wp\/v2\/media?parent=553937"}],"wp:term":[{"taxonomy":"category","embeddable":true,"href":"https:\/\/www.europesays.com\/fr\/wp-json\/wp\/v2\/categories?post=553937"},{"taxonomy":"post_tag","embeddable":true,"href":"https:\/\/www.europesays.com\/fr\/wp-json\/wp\/v2\/tags?post=553937"}],"curies":[{"name":"wp","href":"https:\/\/api.w.org\/{rel}","templated":true}]}}