{"id":553939,"date":"2025-11-23T19:18:15","date_gmt":"2025-11-23T19:18:15","guid":{"rendered":"https:\/\/www.europesays.com\/fr\/553939\/"},"modified":"2025-11-23T19:18:15","modified_gmt":"2025-11-23T19:18:15","slug":"deux-jours-de-defiles-au-programme","status":"publish","type":"post","link":"https:\/\/www.europesays.com\/fr\/553939\/","title":{"rendered":"deux jours de d\u00e9fil\u00e9s au programme"},"content":{"rendered":"<p>                    Par<br \/>\n        <strong><br \/>\n            <a href=\"https:\/\/actu.fr\/auteur\/lea-afonso\" title=\"Consulter tous les articles de L\u00e9a Afonso\" target=\"_blank\" rel=\"noopener\">L\u00e9a Afonso<\/a><br \/>\n                    <\/strong><\/p>\n<p>        Publi\u00e9 le<\/p>\n<p>            23 nov. 2025 \u00e0 20h04        <\/p>\n<p>Plus habitu\u00e9e aux concerts et aux soir\u00e9es \u00e9lectro, la toute nouvelle <strong>salle de spectacle<\/strong> <a href=\"https:\/\/actu.fr\/occitanie\/toulouse_31555\/toulouse-on-vous-dit-tout-sur-interference-la-nouvelle-salle-de-spectacle-au-son-immersif_62190535.html\" target=\"_blank\" rel=\"noopener\">Interf\u00e9rence<\/a>, install\u00e9e \u00e0 <a href=\"https:\/\/actu.fr\/occitanie\/balma_31044\" target=\"_blank\" rel=\"noopener\">Balma<\/a>, s\u2019appr\u00eate \u00e0 changer de tempo. Les vendredi 28 et samedi 29 novembre 2025, l\u2019\u00e9tablissement accueillera un \u00e9v\u00e9nement in\u00e9dit (pour lui) : la <strong><a href=\"https:\/\/actu.fr\/toulouse\/\" target=\"_blank\" rel=\"noopener\">Toulouse<\/a> Fashion Week<\/strong>. Deux jours consacr\u00e9s \u00e0 la cr\u00e9ation, au style et \u00e0 l\u2019audace.<\/p>\n<p>Deux jours de d\u00e9fil\u00e9s et de cr\u00e9ativit\u00e9<\/p>\n<p class=\" wall-content\">Durant deux soir\u00e9es, la salle de<strong> 2 500 m\u00b2<\/strong> deviendra le c\u0153ur battant de la mode en Occitanie. Sur le th\u00e8me de \u00ab <strong>l\u2019H\u00e9ritage<\/strong> \u00bb, mannequins, stylistes et artistes se succ\u00e9deront sur un<strong> catwalk en forme de U, long de 44 m\u00e8tres et sur\u00e9lev\u00e9 de 80 cm.<\/strong><\/p>\n<p>    <img   decoding=\"async\" loading=\"lazy\" src=\"https:\/\/www.europesays.com\/fr\/wp-content\/uploads\/2025\/11\/interference-13-960x640.jpg\" alt=\"C'est ici, au c\u0153ur m\u00eame de la salle de spectacle, que le catwalk sous forme de U sera install\u00e9. \" width=\"960\" height=\"640\"\/><br \/>\n    C\u2019est ici, au c\u0153ur m\u00eame de la salle de spectacle, que le catwalk sous forme de U sera install\u00e9. (\u00a9L\u00e9a Afonso \/ Actu Toulouse)<\/p>\n<p class=\" wall-content\">Sous la direction de <strong>Fabrice Sauriat<\/strong> et <strong>organis\u00e9e par l\u2019Institut des Arts &amp; de la Mode,<\/strong> la Toulouse Fashion Week entend bien s\u2019imposer comme un rendez-vous incontournable.<\/p>\n<p class=\" wall-content\">Cr\u00e9\u00e9e en 2019, la manifestation a pour mission \u00ab\u00a0de soutenir, promouvoir et financer les jeunes talents de la mode et des arts\u00a0\u00bb, indiquent les organisateurs. Cette \u00e9dition mettra \u00e0 l\u2019honneur<strong> 24 cr\u00e9ateurs \u00e0 travers autant de d\u00e9fil\u00e9s,<\/strong> chacun offrant une vision singuli\u00e8re du v\u00eatement et de la cr\u00e9ation contemporaine.<\/p>\n<p>Vid\u00e9os : en ce moment sur ActuUn voyage stylistique aux quatre coins du monde<\/p>\n<p class=\" wall-content\">Si la Fashion Week se d\u00e9roule \u00e0 deux pas de la Ville rose, elle promet un<strong> voyage \u00e0 travers le monde<\/strong>. Des stylistes internationaux y pr\u00e9senteront leurs collections, m\u00ealant influences culturelles et savoir-faire artisanaux.<\/p>\n<p class=\" wall-content\">Parmi les noms attendus :<strong> Jade Aure Cr\u00e9ations, Mostro, L\u2019\u00dctelier, V\u00e9ronique Magny, Jenia Gala<\/strong>, et bien d\u2019autres. Les \u00e9l\u00e8ves du<strong> BTS Mode du lyc\u00e9e Gabriel-P\u00e9ri<\/strong> auront \u00e9galement la chance de monter sur le podium pour d\u00e9voiler leur toute nouvelle collection, aux c\u00f4t\u00e9s des professionnels confirm\u00e9s.<\/p>\n<p>Votre r\u00e9gion, votre actu !<\/p>\n<p>Recevez chaque jour les infos qui comptent pour vous.<\/p>\n<p>\t<a href=\"https:\/\/actu.fr\/newsletter\" class=\"ac-btn ac-btn--corner ac-btn--medium ac-btn--blue800\" target=\"_blank\" rel=\"noopener\">S&rsquo;incrire<\/a><\/p>\n<p class=\" wall-content\">Les d\u00e9fil\u00e9s d\u00e9buteront chaque soir \u00e0 20 h, dans une ambiance rythm\u00e9e par la musique, la lumi\u00e8re et la mise en sc\u00e8ne.<\/p>\n<p>L\u2019h\u00e9ritage, un th\u00e8me fort et universel<\/p>\n<p class=\" wall-content\">Cette ann\u00e9e, le<strong> th\u00e8me choisi \u2013 l\u2019H\u00e9ritage \u2013<\/strong> s\u2019impose comme un fil rouge vecteur de sens.<br \/>\u00ab Chaque v\u00eatement est porteur d\u2019histoire. Il traduit les rapports de pouvoir, les m\u00e9tissages culturels, mais aussi les aspirations d\u2019une \u00e9poque \u00bb, rappellent les organisateurs.<\/p>\n<p class=\" wall-content\">\u00c0 travers cette th\u00e9matique, la Toulouse Fashion Week 2025 invite \u00e0 r\u00e9fl\u00e9chir \u00e0 la m\u00e9moire et \u00e0 l\u2019avenir du v\u00eatement : \u00ab L\u2019avenir de la mode ne peut s\u2019\u00e9crire sans m\u00e9moire. C\u2019est un h\u00e9ritage vivant, en constante mutation, qui nous invite \u00e0 habiter le monde autrement. \u00bb<\/p>\n<p><strong>Toulouse Fashion Week<br \/><\/strong>Les 28 et 29 novembre 2025 \u00e0 la salle Interf\u00e9rence<br \/>\nTarifs : \u00e0 partir de 10\u20ac. <a href=\"https:\/\/www.helloasso.com\/associations\/institut-des-arts-et-de-la-mode\/evenements\/toulouse-fashion-week-2025-heritage\" target=\"_blank\" rel=\"noopener\">Billetterie en ligne ici.<\/a><\/p>\n<p class=\" wall-content\">Personnalisez votre actualit\u00e9 en ajoutant vos villes et m\u00e9dias en favori avec <a href=\"https:\/\/moncompte.actu.fr\" title=\"D\u00e9couvez Mon Actu\" rel=\"nofollow noopener\" data-trk=\"{&quot;cta&quot;:{&quot;action&quot;:&quot;https:\\\/\\\/moncompte.actu.fr&quot;,&quot;category&quot;:&quot;mon compte&quot;,&quot;from&quot;:&quot;article footer&quot;,&quot;name&quot;:&quot;Mon actu&quot;,&quot;type&quot;:&quot;cta&quot;}}\" target=\"_blank\">Mon Actu<\/a>.<\/p>\n","protected":false},"excerpt":{"rendered":"Par L\u00e9a Afonso Publi\u00e9 le 23 nov. 2025 \u00e0 20h04 Plus habitu\u00e9e aux concerts et aux soir\u00e9es \u00e9lectro,&hellip;\n","protected":false},"author":2,"featured_media":553940,"comment_status":"","ping_status":"","sticky":false,"template":"","format":"standard","meta":{"footnotes":""},"categories":[2816],"tags":[1111,11,1777,674,1011,27,1305,12,2680,25,1341,2312],"class_list":{"0":"post-553939","1":"post","2":"type-post","3":"status-publish","4":"format-standard","5":"has-post-thumbnail","7":"category-toulouse","8":"tag-actu","9":"tag-actualites","10":"tag-eu","11":"tag-europe","12":"tag-fr","13":"tag-france","14":"tag-lifestyle","15":"tag-news","16":"tag-occitanie","17":"tag-republique-francaise","18":"tag-sortir-a-toulouse","19":"tag-toulouse"},"share_on_mastodon":{"url":"https:\/\/pubeurope.com\/@fr\/115600629624890260","error":""},"_links":{"self":[{"href":"https:\/\/www.europesays.com\/fr\/wp-json\/wp\/v2\/posts\/553939","targetHints":{"allow":["GET"]}}],"collection":[{"href":"https:\/\/www.europesays.com\/fr\/wp-json\/wp\/v2\/posts"}],"about":[{"href":"https:\/\/www.europesays.com\/fr\/wp-json\/wp\/v2\/types\/post"}],"author":[{"embeddable":true,"href":"https:\/\/www.europesays.com\/fr\/wp-json\/wp\/v2\/users\/2"}],"replies":[{"embeddable":true,"href":"https:\/\/www.europesays.com\/fr\/wp-json\/wp\/v2\/comments?post=553939"}],"version-history":[{"count":0,"href":"https:\/\/www.europesays.com\/fr\/wp-json\/wp\/v2\/posts\/553939\/revisions"}],"wp:featuredmedia":[{"embeddable":true,"href":"https:\/\/www.europesays.com\/fr\/wp-json\/wp\/v2\/media\/553940"}],"wp:attachment":[{"href":"https:\/\/www.europesays.com\/fr\/wp-json\/wp\/v2\/media?parent=553939"}],"wp:term":[{"taxonomy":"category","embeddable":true,"href":"https:\/\/www.europesays.com\/fr\/wp-json\/wp\/v2\/categories?post=553939"},{"taxonomy":"post_tag","embeddable":true,"href":"https:\/\/www.europesays.com\/fr\/wp-json\/wp\/v2\/tags?post=553939"}],"curies":[{"name":"wp","href":"https:\/\/api.w.org\/{rel}","templated":true}]}}