{"id":553945,"date":"2025-11-23T19:23:32","date_gmt":"2025-11-23T19:23:32","guid":{"rendered":"https:\/\/www.europesays.com\/fr\/553945\/"},"modified":"2025-11-23T19:23:32","modified_gmt":"2025-11-23T19:23:32","slug":"on-a-attendu-que-mehdi-meure-pour-que-letat-se-bouge-a-marseille-les-meres-en-premiere-ligne","status":"publish","type":"post","link":"https:\/\/www.europesays.com\/fr\/553945\/","title":{"rendered":"\u00ab\u00a0On a attendu que Mehdi meure pour que l&rsquo;\u00c9tat se bouge\u00a0\u00bb&#8230; \u00e0 Marseille, les m\u00e8res en premi\u00e8re ligne"},"content":{"rendered":"<p>\u00ab\u00a0Mon fils Mehdi est mort assassin\u00e9, tomb\u00e9 sous les balles criminelles qui l&rsquo;ont touch\u00e9 en plein thorax. Aucune m\u00e8re ne veut voir \u00e7a. Aucune m\u00e8re ne peut supporter de voir l&rsquo;enfant sorti de son ventre devenir un cadavre\u00a0\u00bb,\u00a0d\u00e9clare Ouassila Kessaci. Il est 15\u00a0h 40 ce samedi 22 novembre 2025 quand elle prend le micro devant les 6 \u00e0 7000 personnes rassembl\u00e9es sur ce rond-point Claudie-Darcy (4e). A l&rsquo;endroit m\u00eame o\u00f9 <a href=\"https:\/\/www.laprovence.com\/article\/region\/1307248803484414\/a-marseille-mehdi-kessaci-un-beau-garcon-elance-et-souriant-qui-s-est-toujours-tenu-en-dehors-des-histoires\" target=\"_blank\" rel=\"noopener\">son fils de 20 ans<\/a>, \u00e9tudiant en BTS de banque, a perdu la vie <a href=\"https:\/\/www.laprovence.com\/article\/faits-divers-justice\/3140635464894214\/assassinat-de-mehdi-kessaci-a-marseille-le-haut-du-spectre-de-la-criminalite-organisee-suspecte\" target=\"_blank\" rel=\"noopener\">ce jeudi 13 novembre<\/a>. Le chagrin lui impose son rythme. Mais elle lutte pour poser ses mots. Sa voix ne tremble pas quand elle rappelle combien son fils \u00e9tait \u00ab\u00a0doux\u00a0\u00bb. \u00ab\u00a0Il me t\u00e9moignait d&rsquo;un amour infini, \u00e0 tel point qu&rsquo;il priait Dieu de partir avant moi. Mais jamais je n&rsquo;aurais pens\u00e9 que les choses se passeraient ainsi. C&rsquo;est le deuxi\u00e8me fils qu&rsquo;ils me prennent\u00a0\u00bb, insiste <a href=\"https:\/\/www.laprovence.com\/article\/societe\/4529004931453814\/vos-meres-sont-elles-fieres-de-vous-la-mere-de-mehdi-kessaci-sadresse-aux-assassins-de-son-fils\" target=\"_blank\" rel=\"noopener\">Ouassila<\/a> dans un silence recueilli.<\/p>\n<p>Apr\u00e8s la mort de Brahim, 21 ans, retrouv\u00e9 dans le coffre d&rsquo;une voiture calcin\u00e9e en 2020, cette m\u00e8re courage avait trouv\u00e9 la force de se battre pour les autres, d&rsquo;aider les familles de victimes des narcotrafiquants. Au sein de l&rsquo;association Conscience, fond\u00e9e par Amine, elle accompagnait d&rsquo;autres mamans, \u00ab\u00a0notre ma&#8230;<\/p>\n","protected":false},"excerpt":{"rendered":"\u00ab\u00a0Mon fils Mehdi est mort assassin\u00e9, tomb\u00e9 sous les balles criminelles qui l&rsquo;ont touch\u00e9 en plein thorax. Aucune&hellip;\n","protected":false},"author":2,"featured_media":553946,"comment_status":"","ping_status":"","sticky":false,"template":"","format":"standard","meta":{"footnotes":""},"categories":[2814],"tags":[17,1111,11,10653,1777,674,274,1011,27,884,33735,67096,12,5241,471,882,746,25],"class_list":{"0":"post-553945","1":"post","2":"type-post","3":"status-publish","4":"format-standard","5":"has-post-thumbnail","7":"category-marseille","8":"tag-17","9":"tag-actu","10":"tag-actualites","11":"tag-attendu","12":"tag-eu","13":"tag-europe","14":"tag-faits-divers-justice","15":"tag-fr","16":"tag-france","17":"tag-marseille","18":"tag-mehdi","19":"tag-meure","20":"tag-news","21":"tag-on","22":"tag-pour","23":"tag-provence-alpes-cote-dazur","24":"tag-que","25":"tag-republique-francaise"},"share_on_mastodon":{"url":"https:\/\/pubeurope.com\/@fr\/115600648052159265","error":""},"_links":{"self":[{"href":"https:\/\/www.europesays.com\/fr\/wp-json\/wp\/v2\/posts\/553945","targetHints":{"allow":["GET"]}}],"collection":[{"href":"https:\/\/www.europesays.com\/fr\/wp-json\/wp\/v2\/posts"}],"about":[{"href":"https:\/\/www.europesays.com\/fr\/wp-json\/wp\/v2\/types\/post"}],"author":[{"embeddable":true,"href":"https:\/\/www.europesays.com\/fr\/wp-json\/wp\/v2\/users\/2"}],"replies":[{"embeddable":true,"href":"https:\/\/www.europesays.com\/fr\/wp-json\/wp\/v2\/comments?post=553945"}],"version-history":[{"count":0,"href":"https:\/\/www.europesays.com\/fr\/wp-json\/wp\/v2\/posts\/553945\/revisions"}],"wp:featuredmedia":[{"embeddable":true,"href":"https:\/\/www.europesays.com\/fr\/wp-json\/wp\/v2\/media\/553946"}],"wp:attachment":[{"href":"https:\/\/www.europesays.com\/fr\/wp-json\/wp\/v2\/media?parent=553945"}],"wp:term":[{"taxonomy":"category","embeddable":true,"href":"https:\/\/www.europesays.com\/fr\/wp-json\/wp\/v2\/categories?post=553945"},{"taxonomy":"post_tag","embeddable":true,"href":"https:\/\/www.europesays.com\/fr\/wp-json\/wp\/v2\/tags?post=553945"}],"curies":[{"name":"wp","href":"https:\/\/api.w.org\/{rel}","templated":true}]}}