{"id":553947,"date":"2025-11-23T19:24:21","date_gmt":"2025-11-23T19:24:21","guid":{"rendered":"https:\/\/www.europesays.com\/fr\/553947\/"},"modified":"2025-11-23T19:24:21","modified_gmt":"2025-11-23T19:24:21","slug":"marseille-previsions-meteo-du-dimanche-23-novembre-2025","status":"publish","type":"post","link":"https:\/\/www.europesays.com\/fr\/553947\/","title":{"rendered":"Marseille : pr\u00e9visions m\u00e9t\u00e9o du dimanche 23 novembre 2025"},"content":{"rendered":"<p>Marseille conna\u00eet une journ\u00e9e fra\u00eeche et humide avec des pluies faibles en matin\u00e9e et en apr\u00e8s-midi, puis un ciel tr\u00e8s nuageux en soir\u00e9e. Les temp\u00e9ratures restent basses, autour de 5 \u00e0 8 \u00b0C, avec un vent mod\u00e9r\u00e9.<\/p>\n<p>    Matin : faibles pluies au r\u00e9veil \u2013 lever du soleil 07 h 41<\/p>\n<p>La journ\u00e9e d\u00e9bute sous une <b>pluie fine<\/b>, avec un thermom\u00e8tre bloqu\u00e9 \u00e0 <b>5 \u00b0C<\/b>. Le ressenti descend \u00e0 2 \u00b0C, en raison d\u2019un vent de nord-ouest soufflant autour de 16 km\/h.<\/p>\n<p>Le risque d\u2019averse atteint 85 %, mais les quantit\u00e9s restent insignifiantes. L\u2019humidit\u00e9 est mod\u00e9r\u00e9e \u00e0 58 % et la pression confortable de 1 020 hPa : l\u2019atmosph\u00e8re n\u2019est pas lourde, simplement bien humide.<\/p>\n<ul>\n<li><b>Circulation<\/b> : routes luisantes, distances de s\u00e9curit\u00e9 \u00e0 rallonger.<\/li>\n<li><b>Sant\u00e9<\/b> : \u00e9charpe conseill\u00e9e, la sensation de froid surprend.<\/li>\n<li><b>Ext\u00e9rieur<\/b> : parapluie ou veste imperm\u00e9able suffisent, pas besoin de bottes.<\/li>\n<\/ul>\n<p>Apr\u00e8s-midi : persistance des gouttes et fra\u00eecheur tenace<\/p>\n<p>Vers 15 h, la temp\u00e9rature ne gagne que trois petits degr\u00e9s, plafonnant \u00e0 <b>8 \u00b0C<\/b> pour un ressenti de 5 \u00b0C. Le ciel demeure gris et la <b>probabilit\u00e9 de pluie monte \u00e0 100 %<\/b>.<\/p>\n<p>L\u2019humidit\u00e9 grimpe \u00e0 71 %, la pression baisse l\u00e9g\u00e8rement (1 017 hPa), tandis que le vent ouest-nord-ouest reste discret \u00e0 14 km\/h. On garde donc le coupe-vent. Malgr\u00e9 la faible intensit\u00e9 des pr\u00e9cipitations, les sols restent glissants, notamment sur les trottoirs en pente du Panier.<\/p>\n<p>Climat : des apr\u00e8s-midi sous 10 \u00b0C fin novembre deviennent moins rares. Le refroidissement local refl\u00e8te la variabilit\u00e9 accrue projet\u00e9e par le GIEC, m\u00eame si Marseille conserve globalement un climat doux.<\/p>\n<p>Soir : ciel tr\u00e8s nuageux, accalmie avant la nuit \u2013 coucher du soleil 17 h 07<\/p>\n<p>\u00c0 21 h, le thermom\u00e8tre affiche encore <b>8 \u00b0C<\/b>, ressenti 7 \u00b0C. Le rideau de pluie s\u2019estompe : 0 % de risque d\u2019averse, mais la couverture nuageuse reste \u00e9paisse.<\/p>\n<p>Le vent bascule plein nord et faiblit \u00e0 7 km\/h, tandis que l\u2019humidit\u00e9 grimpe \u00e0 81 %. L\u2019air devient l\u00e9g\u00e8rement plus doux, mais l\u2019humidit\u00e9 accentue l\u2019impression de froid. Bonne nouvelle pour les supporters se rendant au V\u00e9lodrome : aucune pr\u00e9cipitation n\u2019est attendue en d\u00e9but de match.<\/p>\n<ul>\n<li><b>Mobilit\u00e9 douce<\/b> : pistes cyclables praticables, pr\u00e9voir lumi\u00e8re et v\u00eatement r\u00e9flecteur.<\/li>\n<li><b>\u00c9nergie<\/b> : la demande \u00e9lectrique montera d\u00e8s 18 h ; geste utile : repousser d\u2019une heure lave-linge ou s\u00e8che-linge.<\/li>\n<\/ul>\n<p>Tendance pour demain : reprise d\u2019une pluie mod\u00e9r\u00e9e et vent en mer<\/p>\n<p>La nuit suivante d\u00e9bute sous une nouvelle faiblesse barom\u00e9trique : 1 003 hPa \u00e0 minuit, rafales de <b>41 km\/h<\/b> en bordure de rade. On atteint d\u00e9j\u00e0 <b>11 \u00b0C<\/b>, mais le ressenti chute \u00e0 7 \u00b0C.<\/p>\n<p>Pour lundi 24 novembre, les mod\u00e8les convergent vers une <b>pluie mod\u00e9r\u00e9e<\/b> totalisant 8,7 mm. Les temp\u00e9ratures oscilleront entre 11 et <b>14 \u00b0C<\/b>. Le vent d\u2019ouest s\u2019\u00e9tablira \u00e0 28 km\/h en moyenne ; prudence pour les travers\u00e9es en ferry vers les \u00eeles.<\/p>\n<p>On surveillera le cumul horaire pour d\u2019\u00e9ventuels ruissellements rapides sur les quartiers sud. Pour plus de d\u00e9tails, consultez <a href=\"https:\/\/www.meteocity.com\/france\/marseille-v2995469\" target=\"_blank\" rel=\"noopener\">nos pr\u00e9visions compl\u00e8tes<\/a>.<\/p>\n<p>\u00c0 retenir<\/p>\n<tr>P\u00e9riodeCielTemp\u00e9ratureVentPluie<\/tr>\n<tr>\n<td>Matin<\/td>\n<td>Pluie faible<\/td>\n<td><b>5 \u00b0C<\/b><\/td>\n<td>16 km\/h NW<\/td>\n<td>Risque 85 %<\/td>\n<\/tr>\n<tr>\n<td>Apr\u00e8s-midi<\/td>\n<td>Pluie faible<\/td>\n<td><b>8 \u00b0C<\/b><\/td>\n<td>14 km\/h WNW<\/td>\n<td>Risque 100 %<\/td>\n<\/tr>\n<tr>\n<td>Soir<\/td>\n<td>Tr\u00e8s nuageux<\/td>\n<td><b>8 \u00b0C<\/b><\/td>\n<td>7 km\/h N<\/td>\n<td>Sec<\/td>\n<\/tr>\n<tr>\n<td>Demain<\/td>\n<td>Pluie mod\u00e9r\u00e9e<\/td>\n<td>11-14 \u00b0C<\/td>\n<td>28 km\/h O<\/td>\n<td>8,7 mm<\/td>\n<\/tr>\n<p>On garde donc l\u2019imperm\u00e9able \u00e0 port\u00e9e de main et on reste attentif aux bulletins. Bon dimanche \u00e0 toutes et tous !<\/p>\n","protected":false},"excerpt":{"rendered":"Marseille conna\u00eet une journ\u00e9e fra\u00eeche et humide avec des pluies faibles en matin\u00e9e et en apr\u00e8s-midi, puis un&hellip;\n","protected":false},"author":2,"featured_media":553948,"comment_status":"","ping_status":"","sticky":false,"template":"","format":"standard","meta":{"footnotes":""},"categories":[2814],"tags":[1111,11,1777,674,1011,27,884,12,882,25],"class_list":{"0":"post-553947","1":"post","2":"type-post","3":"status-publish","4":"format-standard","5":"has-post-thumbnail","7":"category-marseille","8":"tag-actu","9":"tag-actualites","10":"tag-eu","11":"tag-europe","12":"tag-fr","13":"tag-france","14":"tag-marseille","15":"tag-news","16":"tag-provence-alpes-cote-dazur","17":"tag-republique-francaise"},"share_on_mastodon":{"url":"https:\/\/pubeurope.com\/@fr\/115600652093829974","error":""},"_links":{"self":[{"href":"https:\/\/www.europesays.com\/fr\/wp-json\/wp\/v2\/posts\/553947","targetHints":{"allow":["GET"]}}],"collection":[{"href":"https:\/\/www.europesays.com\/fr\/wp-json\/wp\/v2\/posts"}],"about":[{"href":"https:\/\/www.europesays.com\/fr\/wp-json\/wp\/v2\/types\/post"}],"author":[{"embeddable":true,"href":"https:\/\/www.europesays.com\/fr\/wp-json\/wp\/v2\/users\/2"}],"replies":[{"embeddable":true,"href":"https:\/\/www.europesays.com\/fr\/wp-json\/wp\/v2\/comments?post=553947"}],"version-history":[{"count":0,"href":"https:\/\/www.europesays.com\/fr\/wp-json\/wp\/v2\/posts\/553947\/revisions"}],"wp:featuredmedia":[{"embeddable":true,"href":"https:\/\/www.europesays.com\/fr\/wp-json\/wp\/v2\/media\/553948"}],"wp:attachment":[{"href":"https:\/\/www.europesays.com\/fr\/wp-json\/wp\/v2\/media?parent=553947"}],"wp:term":[{"taxonomy":"category","embeddable":true,"href":"https:\/\/www.europesays.com\/fr\/wp-json\/wp\/v2\/categories?post=553947"},{"taxonomy":"post_tag","embeddable":true,"href":"https:\/\/www.europesays.com\/fr\/wp-json\/wp\/v2\/tags?post=553947"}],"curies":[{"name":"wp","href":"https:\/\/api.w.org\/{rel}","templated":true}]}}