{"id":553949,"date":"2025-11-23T19:25:24","date_gmt":"2025-11-23T19:25:24","guid":{"rendered":"https:\/\/www.europesays.com\/fr\/553949\/"},"modified":"2025-11-23T19:25:24","modified_gmt":"2025-11-23T19:25:24","slug":"4eme-edition-du-gala-de-la-fondation-recherche-alzheimer-au-theatre-des-celestins-a-lyon","status":"publish","type":"post","link":"https:\/\/www.europesays.com\/fr\/553949\/","title":{"rendered":"4\u00e8me \u00e9dition du Gala de la Fondation Recherche Alzheimer au th\u00e9\u00e2tre des C\u00e9lestins \u00e0 Lyon"},"content":{"rendered":"<p>Rendez-vous lundi 1er d\u00e9cembre 2025 \u00e0 20h, au th\u00e9\u00e2tre des C\u00e9lestins \u00e0 Lyon.<\/p>\n<p>La Fondation Recherche Alzheimer organise le lundi 1er d\u00e9cembre aux C\u00e9lestins, Th\u00e9\u00e2tre de Lyon, un<br \/>spectacle in\u00e9dit afin de lever des fonds pour soutenir des \u00e9quipes de recherche. <\/p>\n<p>Gr\u00e2ce \u00e0 l&rsquo;impulsion de deux femmes engag\u00e9es, la lyonnaise Christelle Bardet, dont la maman \u00e9tait atteinte de la maladie d&rsquo;Alzheimer, et la com\u00e9dienne Agathe Natanson-Marielle, dont l&rsquo;\u00e9poux Jean-Pierre Marielle est d\u00e9c\u00e9d\u00e9 de la maladie d&rsquo;Alzheimer, la Fondation Recherche Alzheimer organise, pour la quatri\u00e8me ann\u00e9e cons\u00e9cutive, un gala pour mobiliser les lyonnais, entreprises et particuliers, autour de la maladie d&rsquo;Alzheimer. Fortes de ce succ\u00e8s et afin de poursuivre leur engagement, Agathe et Christelle, avec la complicit\u00e9 du talentueux metteur en sc\u00e8ne J\u00e9r\u00e9mie Lippmann mobilisent une nouvelle fois leurs amis com\u00e9diens, chanteurs, humoristes et musiciens, qui, unis dans ce combat, offriront un spectacle unique sur le th\u00e8me de la famille, de la m\u00e9moire transmise, des liens interg\u00e9n\u00e9rationnels.<\/p>\n<p>Rendez-vous lundi 1er d\u00e9cembre 2025 \u00e0 20h, au th\u00e9\u00e2tre des C\u00e9lestins \u00e0 Lyon<\/p>\n<p>Infos pratiques : <br \/>&#8211; Adresse : 4 Rue Charles Dullin, 69002 Lyon<br \/>&#8211; Tarifs : 3 cat\u00e9gories allant de 30 \u00e0 70\u20ac <br \/>Si vous souhaitez faire un don pour soutenir la fondation, vous pouvez \u00e9galement via le lien suivant : <a class=\"url\" href=\"https:\/\/soutenir.alzheimer-recherche.org\/Gala\/~mon-don\" target=\"_blank\" rel=\"nofollow noopener\">soutenir.alzheimer-recherche.org<\/a><\/p>\n<p>Plus d&rsquo;infos et billetterie sur le site : <a class=\"url\" href=\"https:\/\/billetterie-gala-alzheimer-recherche.mapado.com\/event\/594658-gala-de-la-fondation-recherche-alzheimer\" target=\"_blank\" rel=\"nofollow noopener\">billetterie-gala-alzheimer-recherche.mapado.com<\/a><\/p>\n<p>Radio SCOOP est partenaire de cet \u00e9v\u00e9nement<\/p>\n<p><\/p>\n<tr>\n<td class=\"defaut\"><a href=\"https:\/\/www.radioscoop.com\/agenda\/javascript:void(0)\" onclick=\"parent.RS.diaporama.addMedia(714250) ;\" rel=\"nofollow noopener\" target=\"_blank\"><img loading=\"lazy\" decoding=\"async\" src=\"https:\/\/www.europesays.com\/fr\/wp-content\/uploads\/2025\/11\/1763925924_485_img\" width=\"512\" height=\"640\" border=\"0\" title=\"Gala de la Fondation Recherche Alzheimer\"\/><\/a><\/td>\n<\/tr>\n<p><\/p>\n","protected":false},"excerpt":{"rendered":"Rendez-vous lundi 1er d\u00e9cembre 2025 \u00e0 20h, au th\u00e9\u00e2tre des C\u00e9lestins \u00e0 Lyon. La Fondation Recherche Alzheimer organise&hellip;\n","protected":false},"author":2,"featured_media":553950,"comment_status":"","ping_status":"","sticky":false,"template":"","format":"standard","meta":{"footnotes":""},"categories":[1889],"tags":[1111,11,2430,67097,1777,674,13042,1011,27,6145,67098,2428,12,67099,25],"class_list":{"0":"post-553949","1":"post","2":"type-post","3":"status-publish","4":"format-standard","5":"has-post-thumbnail","7":"category-lyon","8":"tag-actu","9":"tag-actualites","10":"tag-auvergne-rhone-alpes","11":"tag-celestins","12":"tag-eu","13":"tag-europe","14":"tag-fondation","15":"tag-fr","16":"tag-france","17":"tag-gala","18":"tag-gala-de-charit","19":"tag-lyon","20":"tag-news","21":"tag-recherche-alzheimer","22":"tag-republique-francaise"},"share_on_mastodon":{"url":"https:\/\/pubeurope.com\/@fr\/115600657011975561","error":""},"_links":{"self":[{"href":"https:\/\/www.europesays.com\/fr\/wp-json\/wp\/v2\/posts\/553949","targetHints":{"allow":["GET"]}}],"collection":[{"href":"https:\/\/www.europesays.com\/fr\/wp-json\/wp\/v2\/posts"}],"about":[{"href":"https:\/\/www.europesays.com\/fr\/wp-json\/wp\/v2\/types\/post"}],"author":[{"embeddable":true,"href":"https:\/\/www.europesays.com\/fr\/wp-json\/wp\/v2\/users\/2"}],"replies":[{"embeddable":true,"href":"https:\/\/www.europesays.com\/fr\/wp-json\/wp\/v2\/comments?post=553949"}],"version-history":[{"count":0,"href":"https:\/\/www.europesays.com\/fr\/wp-json\/wp\/v2\/posts\/553949\/revisions"}],"wp:featuredmedia":[{"embeddable":true,"href":"https:\/\/www.europesays.com\/fr\/wp-json\/wp\/v2\/media\/553950"}],"wp:attachment":[{"href":"https:\/\/www.europesays.com\/fr\/wp-json\/wp\/v2\/media?parent=553949"}],"wp:term":[{"taxonomy":"category","embeddable":true,"href":"https:\/\/www.europesays.com\/fr\/wp-json\/wp\/v2\/categories?post=553949"},{"taxonomy":"post_tag","embeddable":true,"href":"https:\/\/www.europesays.com\/fr\/wp-json\/wp\/v2\/tags?post=553949"}],"curies":[{"name":"wp","href":"https:\/\/api.w.org\/{rel}","templated":true}]}}