{"id":55395,"date":"2025-04-26T22:10:19","date_gmt":"2025-04-26T22:10:19","guid":{"rendered":"https:\/\/www.europesays.com\/fr\/55395\/"},"modified":"2025-04-26T22:10:19","modified_gmt":"2025-04-26T22:10:19","slug":"ils-sont-partis-de-la-place-stanislas-pour-100-km","status":"publish","type":"post","link":"https:\/\/www.europesays.com\/fr\/55395\/","title":{"rendered":"ils sont partis de la place Stanislas pour&#8230; 100 km"},"content":{"rendered":"<p>Sac bien rempli sur le dos, chaussures tout terrain aux pieds, gourde d&rsquo;eau \u00e0 proximit\u00e9,\u00a0bonne humeur, tout est pr\u00eat pour les randonneurs des 100 km qui, exceptionnellement cette ann\u00e9e, pour les 150 ans du Club Alpin, se sont r\u00e9unis place Stanislas pour le d\u00e9part des 100 km ce samedi 26 avril. De 23 ans pour le plus jeune \u00e0\u00a079 ans pour la doyenne, suivez \u00e0 petit pas la pr\u00e9paration et le d\u00e9part de ces sportifs passionn\u00e9s, dans le cadre du Festival de la Rando de Maron.\u00a0\u00a0<\/p>\n","protected":false},"excerpt":{"rendered":"Sac bien rempli sur le dos, chaussures tout terrain aux pieds, gourde d&rsquo;eau \u00e0 proximit\u00e9,\u00a0bonne humeur, tout est&hellip;\n","protected":false},"author":2,"featured_media":55396,"comment_status":"","ping_status":"","sticky":false,"template":"","format":"standard","meta":{"footnotes":""},"categories":[9635],"tags":[1111,11,7782,1704,1777,674,1011,27,775,1702,12,25],"class_list":{"0":"post-55395","1":"post","2":"type-post","3":"status-publish","4":"format-standard","5":"has-post-thumbnail","7":"category-nancy","8":"tag-actu","9":"tag-actualites","10":"tag-balades-et-randonnees","11":"tag-edition-nancy-et-agglomeration","12":"tag-eu","13":"tag-europe","14":"tag-fr","15":"tag-france","16":"tag-grand-est","17":"tag-nancy","18":"tag-news","19":"tag-republique-francaise"},"share_on_mastodon":{"url":"https:\/\/pubeurope.com\/@fr\/114406557232472549","error":""},"_links":{"self":[{"href":"https:\/\/www.europesays.com\/fr\/wp-json\/wp\/v2\/posts\/55395","targetHints":{"allow":["GET"]}}],"collection":[{"href":"https:\/\/www.europesays.com\/fr\/wp-json\/wp\/v2\/posts"}],"about":[{"href":"https:\/\/www.europesays.com\/fr\/wp-json\/wp\/v2\/types\/post"}],"author":[{"embeddable":true,"href":"https:\/\/www.europesays.com\/fr\/wp-json\/wp\/v2\/users\/2"}],"replies":[{"embeddable":true,"href":"https:\/\/www.europesays.com\/fr\/wp-json\/wp\/v2\/comments?post=55395"}],"version-history":[{"count":0,"href":"https:\/\/www.europesays.com\/fr\/wp-json\/wp\/v2\/posts\/55395\/revisions"}],"wp:featuredmedia":[{"embeddable":true,"href":"https:\/\/www.europesays.com\/fr\/wp-json\/wp\/v2\/media\/55396"}],"wp:attachment":[{"href":"https:\/\/www.europesays.com\/fr\/wp-json\/wp\/v2\/media?parent=55395"}],"wp:term":[{"taxonomy":"category","embeddable":true,"href":"https:\/\/www.europesays.com\/fr\/wp-json\/wp\/v2\/categories?post=55395"},{"taxonomy":"post_tag","embeddable":true,"href":"https:\/\/www.europesays.com\/fr\/wp-json\/wp\/v2\/tags?post=55395"}],"curies":[{"name":"wp","href":"https:\/\/api.w.org\/{rel}","templated":true}]}}