{"id":553951,"date":"2025-11-23T19:26:20","date_gmt":"2025-11-23T19:26:20","guid":{"rendered":"https:\/\/www.europesays.com\/fr\/553951\/"},"modified":"2025-11-23T19:26:20","modified_gmt":"2025-11-23T19:26:20","slug":"rhone-une-maison-completement-embrasee-au-nord-ouest-de-lyon-une-trentaine-de-pompiers-deployes","status":"publish","type":"post","link":"https:\/\/www.europesays.com\/fr\/553951\/","title":{"rendered":"Rh\u00f4ne. Une maison compl\u00e8tement embras\u00e9e au nord-ouest de Lyon, une trentaine de pompiers d\u00e9ploy\u00e9s"},"content":{"rendered":"<p>Trente sapeurs pompiers \u00e9quip\u00e9s d\u2019une quinzaine d\u2019engins, dont des porteurs d\u2019eau, sont \u00e0 pied d\u2019\u0153uvre pour lutter contre un incendie qui s\u2019est d\u00e9clar\u00e9, ce dimanche, vers 18 heures, dans une maison d\u2019habitation situ\u00e9e\u00a0Chemin du Nicolas, \u00e0 Saint-Forgeux, \u00e0 40\u00a0km au nord-ouest de Lyon.<\/p>\n<p>\u00c0 leur arriv\u00e9e, les soldats du feu se sont retrouv\u00e9s face \u00e0 une maison d\u00e9j\u00e0 bien embras\u00e9e et \u00e0 un risque de propagation \u00e0 un b\u00e2timent annexe. Selon nos informations, les occupants de la maison ont eu le temps de sortir, il n\u2019y aurait pas de bless\u00e9 \u00e0 d\u00e9plorer.<\/p>\n<p>Ce contenu est bloqu\u00e9 car vous n&rsquo;avez pas accept\u00e9 les cookies et autres traceurs.<\/p>\n<p>En cliquant sur \u00ab J\u2019accepte \u00bb, les cookies et autres traceurs seront d\u00e9pos\u00e9s et vous pourrez visualiser les contenus  (<a href=\"\" class=\"consentModule_policy\" target=\"_blank\" title=\"Consulter la politique de protection des donn\u00e9es du fournisseur\">plus d&rsquo;informations<\/a>).<\/p>\n<p>En cliquant sur \u00ab J\u2019accepte tous les cookies \u00bb, vous autorisez des d\u00e9p\u00f4ts de cookies et autres traceurs pour le stockage de vos donn\u00e9es sur nos sites et applications \u00e0 des fins de personnalisation et de ciblage publicitaire.<\/p>\n<p class=\"consentModule_secondaryText\">Vous gardez la possibilit\u00e9 de retirer votre consentement \u00e0 tout moment en consultant notre <a href=\"https:\/\/www.leprogres.fr\/protection-des-donnees\" target=\"_blank\" title=\"Consulter notre politique de protection des donn\u00e9es\" rel=\"noopener\">politique de protection des donn\u00e9es<\/a>. <br \/>&#13;<br \/>\n            <a href=\"https:\/\/www.leprogres.fr\/faits-divers-justice\/2025\/11\/23\/javascript:Didomi.notice.show()\" class=\"consentModule_cmp\" target=\"_blank\" rel=\"noopener\">G\u00e9rer mes choix<\/a>&#13;\n        <\/p>\n<p>&#13;<br \/>\n                        J&rsquo;accepte&#13;<br \/>\n            J&rsquo;accepte tous les cookies&#13;\n        <\/p>\n<p>Les soldats du feu sont \u00e0 pied d\u2019\u0153uvre pour circonscrire l\u2019incendie et emp\u00eacher que le feu s\u2019\u00e9tende au b\u00e2timent annexe. Le manque d\u2019eau sur place ne facilite pas leur travail.<\/p>\n","protected":false},"excerpt":{"rendered":"Trente sapeurs pompiers \u00e9quip\u00e9s d\u2019une quinzaine d\u2019engins, dont des porteurs d\u2019eau, sont \u00e0 pied d\u2019\u0153uvre pour lutter contre&hellip;\n","protected":false},"author":2,"featured_media":553952,"comment_status":"","ping_status":"","sticky":false,"template":"","format":"standard","meta":{"footnotes":""},"categories":[1889],"tags":[1111,11,2430,3155,1777,674,274,107,1011,27,1310,2428,12,25,2429,67100,67101],"class_list":{"0":"post-553951","1":"post","2":"type-post","3":"status-publish","4":"format-standard","5":"has-post-thumbnail","7":"category-lyon","8":"tag-actu","9":"tag-actualites","10":"tag-auvergne-rhone-alpes","11":"tag-edition-tarare","12":"tag-eu","13":"tag-europe","14":"tag-faits-divers-justice","15":"tag-fil-info","16":"tag-fr","17":"tag-france","18":"tag-incendie","19":"tag-lyon","20":"tag-news","21":"tag-republique-francaise","22":"tag-rhone","23":"tag-saint-forgeux","24":"tag-tarare-bassin"},"share_on_mastodon":{"url":"https:\/\/pubeurope.com\/@fr\/115600659813406700","error":""},"_links":{"self":[{"href":"https:\/\/www.europesays.com\/fr\/wp-json\/wp\/v2\/posts\/553951","targetHints":{"allow":["GET"]}}],"collection":[{"href":"https:\/\/www.europesays.com\/fr\/wp-json\/wp\/v2\/posts"}],"about":[{"href":"https:\/\/www.europesays.com\/fr\/wp-json\/wp\/v2\/types\/post"}],"author":[{"embeddable":true,"href":"https:\/\/www.europesays.com\/fr\/wp-json\/wp\/v2\/users\/2"}],"replies":[{"embeddable":true,"href":"https:\/\/www.europesays.com\/fr\/wp-json\/wp\/v2\/comments?post=553951"}],"version-history":[{"count":0,"href":"https:\/\/www.europesays.com\/fr\/wp-json\/wp\/v2\/posts\/553951\/revisions"}],"wp:featuredmedia":[{"embeddable":true,"href":"https:\/\/www.europesays.com\/fr\/wp-json\/wp\/v2\/media\/553952"}],"wp:attachment":[{"href":"https:\/\/www.europesays.com\/fr\/wp-json\/wp\/v2\/media?parent=553951"}],"wp:term":[{"taxonomy":"category","embeddable":true,"href":"https:\/\/www.europesays.com\/fr\/wp-json\/wp\/v2\/categories?post=553951"},{"taxonomy":"post_tag","embeddable":true,"href":"https:\/\/www.europesays.com\/fr\/wp-json\/wp\/v2\/tags?post=553951"}],"curies":[{"name":"wp","href":"https:\/\/api.w.org\/{rel}","templated":true}]}}