{"id":553963,"date":"2025-11-23T19:34:16","date_gmt":"2025-11-23T19:34:16","guid":{"rendered":"https:\/\/www.europesays.com\/fr\/553963\/"},"modified":"2025-11-23T19:34:16","modified_gmt":"2025-11-23T19:34:16","slug":"marco-rubio-salue-les-discussions-les-plus-productives-a-ce-jour-dans-les-efforts-de-paix","status":"publish","type":"post","link":"https:\/\/www.europesays.com\/fr\/553963\/","title":{"rendered":"Marco Rubio salue les discussions \u00ab les plus productives \u00bb \u00e0 ce jour dans les efforts de paix"},"content":{"rendered":"<p>AA \/ Gen\u00e8ve \/ Beyza Binnur Donmez<\/p>\n<p>\u200b\u200b\u200b\u200b\u200b\u200b\u200b<\/p>\n<p>Les \u00c9tats-Unis et l\u2019Ukraine ont rapport\u00e9 dimanche des avanc\u00e9es significatives apr\u00e8s ce que les deux parties ont d\u00e9crit comme les discussions les plus productives depuis le d\u00e9but des n\u00e9gociations pour un accord de paix entre la Russie et l\u2019Ukraine, le secr\u00e9taire d\u2019\u00c9tat am\u00e9ricain Marco Rubio saluant la teneur des \u00e9changes.<\/p>\n<p>S\u2019exprimant lors d\u2019un point presse \u00e0 la Mission am\u00e9ricaine \u00e0 Gen\u00e8ve, Rubio a expliqu\u00e9 que la premi\u00e8re session de la rencontre avait \u00e9t\u00e9 \u00ab probablement la plus productive et la plus significative de tout ce processus \u00bb, soulignant que les discussions s\u2019appuyaient sur de vastes contributions de toutes les parties.<\/p>\n<p>\u00ab Nous avons pu passer en revue certains points, un par un. Et je pense que nous avons fait de bons progr\u00e8s \u00bb, a-t-il d\u00e9clar\u00e9.<\/p>\n<p>Rubio a ajout\u00e9 que les d\u00e9l\u00e9gations s\u2019\u00e9taient s\u00e9par\u00e9es afin d\u2019affiner les propositions en vue de r\u00e9duire les divergences restantes. \u00ab Nous travaillons \u00e0 apporter des modifications, des ajustements, dans l\u2019espoir de r\u00e9duire encore les \u00e9carts et de parvenir \u00e0 quelque chose avec lequel l\u2019Ukraine et, \u00e9videmment, les \u00c9tats-Unis seront pleinement \u00e0 l\u2019aise \u00bb, a-t-il indiqu\u00e9.<\/p>\n<p>Il a pr\u00e9cis\u00e9 que l\u2019accord final devra \u00eatre valid\u00e9 par les pr\u00e9sidents des deux pays, tout en se disant \u00ab tr\u00e8s confiant \u00bb quant \u00e0 cette \u00e9tape, affirmant par ailleurs que Washington dispose \u00ab d\u2019aper\u00e7us importants \u00bb sur les priorit\u00e9s de la Russie.<\/p>\n<p>Le chef de cabinet de la pr\u00e9sidence ukrainienne, Andriy Yermak, a lui aussi confirm\u00e9 le \u00ab momentum positif \u00bb.<\/p>\n<p>\u00ab Je veux confirmer que nous avons eu une premi\u00e8re session tr\u00e8s productive avec la d\u00e9l\u00e9gation am\u00e9ricaine. Nous avons fait de tr\u00e8s bons progr\u00e8s et avan\u00e7ons vers une paix juste et durable que le peuple ukrainien m\u00e9rite, un peuple qui souhaite la paix plus que quiconque sur cette plan\u00e8te \u00bb, a-t-il d\u00e9clar\u00e9.<\/p>\n<p>Yermak a remerci\u00e9 les \u00c9tats-Unis pour leur engagement, ajoutant que les travaux se poursuivraient dans les prochains jours ainsi qu\u2019avec les partenaires europ\u00e9ens.<\/p>\n<p>Rubio a conclu en annon\u00e7ant un retour des d\u00e9l\u00e9gations plus tard dans la soir\u00e9e avec de nouvelles informations. \u00ab Laissez-nous travailler sur d\u2019autres r\u00e9ponses\u2026 Nous reviendrons plus tard dans la nuit \u00bb, a-t-il dit.<\/p>\n<p>&#8211; Le plan am\u00e9ricain en 28 points suscite des inqui\u00e9tudes<\/p>\n<p>Le plan am\u00e9ricain en 28 points visant \u00e0 mettre fin au conflit, qui dure depuis plus de trois ans et demi, est actuellement au centre des discussions \u00e0 Gen\u00e8ve, o\u00f9 se sont r\u00e9unis des repr\u00e9sentants de Washington, Kiev et plusieurs capitales europ\u00e9ennes.<\/p>\n<p>Le pr\u00e9sident am\u00e9ricain Donald Trump a d\u00e9clar\u00e9 samedi que ce plan \u00e9labor\u00e9 par les \u00c9tats-Unis ne constitue pas son \u00ab offre finale \u00bb, alors que la proposition suscite des r\u00e9serves \u00e0 Kiev et parmi ses alli\u00e9s.<\/p>\n<p>Le document pr\u00e9voit notamment que l\u2019Ukraine c\u00e8de des territoires suppl\u00e9mentaires \u00e0 la Russie, limite la taille de son arm\u00e9e et abandonne officiellement sa candidature \u00e0 l\u2019OTAN. Trump a donn\u00e9 jusqu\u2019\u00e0 jeudi au pr\u00e9sident ukrainien pour r\u00e9pondre.<\/p>\n<p>Zelensky a admis faire face \u00e0 un choix difficile, entre \u00ab la perte de notre dignit\u00e9 \u00bb et \u00ab le risque de perdre un partenaire cl\u00e9 \u00bb.<\/p>\n<p>Samedi, les dirigeants de neuf pays europ\u00e9ens, rejoints par le Japon, le Canada et de hauts responsables de l\u2019UE, ont exprim\u00e9 leurs inqui\u00e9tudes quant aux limitations propos\u00e9es pour les forces arm\u00e9es ukrainiennes, avertissant qu\u2019elles \u00ab laisseraient l\u2019Ukraine vuln\u00e9rable \u00e0 de futures attaques \u00bb.<\/p>\n<p>* Traduit de l&rsquo;anglais par Adama Bamba<\/p>\n<p>                            &#13;<br \/>\n                                <a href=\"https:\/\/www.aa.com.tr\/fr\/p\/abonnement\/1001\" target=\"_blank\" style=\"font-size:12px; color:#444; text-decoration:none;\" rel=\"nofollow noopener\">&#13;<br \/>\n                                    Seulement une partie des d\u00e9p\u00eaches, que l&rsquo;Agence Anadolu diffuse \u00e0 ses abonn\u00e9s via le Syst\u00e8me de Diffusion interne (HAS), est diffus\u00e9e sur le site de l&rsquo;AA, de mani\u00e8re r\u00e9sum\u00e9e. <b style=\"color:#1897F7\">Contactez-nous s&rsquo;il vous pla\u00eet pour vous abonner.<\/b>&#13;<br \/>\n                                <\/a>&#13;<\/p>\n","protected":false},"excerpt":{"rendered":"AA \/ Gen\u00e8ve \/ Beyza Binnur Donmez \u200b\u200b\u200b\u200b\u200b\u200b\u200b Les \u00c9tats-Unis et l\u2019Ukraine ont rapport\u00e9 dimanche des avanc\u00e9es significatives&hellip;\n","protected":false},"author":2,"featured_media":553964,"comment_status":"","ping_status":"","sticky":false,"template":"","format":"standard","meta":{"footnotes":""},"categories":[1591],"tags":[11,1785,1887,3482,1907,12,67102,1885,1886,132],"class_list":{"0":"post-553963","1":"post","2":"type-post","3":"status-publish","4":"format-standard","5":"has-post-thumbnail","7":"category-russie","8":"tag-actualites","9":"tag-anadolu-ajansi","10":"tag-federation-de-russie","11":"tag-guerre-russie-ukraine","12":"tag-marco-rubio","13":"tag-news","14":"tag-pourpalers-de-paix","15":"tag-russia","16":"tag-russian-federation","17":"tag-russie"},"share_on_mastodon":{"url":"https:\/\/pubeurope.com\/@fr\/115600691426690425","error":""},"_links":{"self":[{"href":"https:\/\/www.europesays.com\/fr\/wp-json\/wp\/v2\/posts\/553963","targetHints":{"allow":["GET"]}}],"collection":[{"href":"https:\/\/www.europesays.com\/fr\/wp-json\/wp\/v2\/posts"}],"about":[{"href":"https:\/\/www.europesays.com\/fr\/wp-json\/wp\/v2\/types\/post"}],"author":[{"embeddable":true,"href":"https:\/\/www.europesays.com\/fr\/wp-json\/wp\/v2\/users\/2"}],"replies":[{"embeddable":true,"href":"https:\/\/www.europesays.com\/fr\/wp-json\/wp\/v2\/comments?post=553963"}],"version-history":[{"count":0,"href":"https:\/\/www.europesays.com\/fr\/wp-json\/wp\/v2\/posts\/553963\/revisions"}],"wp:featuredmedia":[{"embeddable":true,"href":"https:\/\/www.europesays.com\/fr\/wp-json\/wp\/v2\/media\/553964"}],"wp:attachment":[{"href":"https:\/\/www.europesays.com\/fr\/wp-json\/wp\/v2\/media?parent=553963"}],"wp:term":[{"taxonomy":"category","embeddable":true,"href":"https:\/\/www.europesays.com\/fr\/wp-json\/wp\/v2\/categories?post=553963"},{"taxonomy":"post_tag","embeddable":true,"href":"https:\/\/www.europesays.com\/fr\/wp-json\/wp\/v2\/tags?post=553963"}],"curies":[{"name":"wp","href":"https:\/\/api.w.org\/{rel}","templated":true}]}}