{"id":553965,"date":"2025-11-23T19:35:16","date_gmt":"2025-11-23T19:35:16","guid":{"rendered":"https:\/\/www.europesays.com\/fr\/553965\/"},"modified":"2025-11-23T19:35:16","modified_gmt":"2025-11-23T19:35:16","slug":"trump-recule-les-negociateurs-avancent-poutine-observe-liberation","status":"publish","type":"post","link":"https:\/\/www.europesays.com\/fr\/553965\/","title":{"rendered":"Trump recule, les n\u00e9gociateurs avancent, Poutine observe \u2013 Lib\u00e9ration"},"content":{"rendered":"<p class=\"sc-cPiKLX AiZTS text-element\">Il y met tant de c\u0153ur et d\u2019\u00e9nergie. Mais qui s\u2019en rend compte ? Qui lui en sait gr\u00e9 ? Pas les Ukrainiens, et m\u00eame pas les Europ\u00e9ens. Ce dimanche 23 novembre \u00e0 son r\u00e9veil, et avant d\u2019aller jouer au golf \u00e0 Mar-a-Lago en Floride, le pr\u00e9sident am\u00e9ricain, Donald Trump, a fustig\u00e9, pas pour la premi\u00e8re fois, l\u2019ingratitude des Ukrainiens, incapables selon lui de reconna\u00eetre \u00e0 leur juste valeur <a href=\"https:\/\/www.liberation.fr\/international\/europe\/ultimatum-de-trump-a-lukraine-un-plan-de-paix-qui-ressemble-a-une-reddition-20251121_K2QJEQ4BFJAI5O4QA2S2BVCIOI\/\" target=\"_blank\" rel=\"noreferrer nofollow noopener\" title=\"https:\/\/www.liberation.fr\/international\/europe\/ultimatum-de-trump-a-lukraine-un-plan-de-paix-qui-ressemble-a-une-reddition-20251121_K2QJEQ4BFJAI5O4QA2S2BVCIOI\/\">les immenses efforts qu\u2019il fournit en faveur de la paix<\/a>. Et puis aussi celle des Europ\u00e9ens, qui osent \u00abencore acheter du p\u00e9trole russe\u00bb.<\/p>\n<p class=\"sc-cPiKLX AiZTS text-element\">Pour ne rien arranger \u00e0 son humeur, le pr\u00e9sident am\u00e9ricain avait en plus \u00e9t\u00e9 r\u00e9veill\u00e9 par <a href=\"https:\/\/www.liberation.fr\/international\/europe\/en-direct-plan-de-paix-sur-lukraine-a-geneve-negociations-durgence-ce-dimanche-entre-ukrainiens-et-americains-en-presence-des-europeens-20251123_7XUC6SEYDRBZNKX3ENRDCPLC4Y\/\" target=\"_blank\" rel=\"noreferrer nofollow noopener\" title=\"https:\/\/www.liberation.fr\/international\/europe\/en-direct-plan-de-paix-sur-lukraine-a-geneve-negociations-durgence-ce-dimanche-entre-ukrainiens-et-americains-en-presence-des-europeens-20251123_7XUC6SEYDRBZNKX3ENRDCPLC4Y\/\">un coup de <\/a><\/p>\n","protected":false},"excerpt":{"rendered":"Il y met tant de c\u0153ur et d\u2019\u00e9nergie. Mais qui s\u2019en rend compte ? Qui lui en sait&hellip;\n","protected":false},"author":2,"featured_media":553966,"comment_status":"","ping_status":"","sticky":false,"template":"","format":"standard","meta":{"footnotes":""},"categories":[1590],"tags":[11,75,73,1777,674,12,132,220,297,364,135,134],"class_list":{"0":"post-553965","1":"post","2":"type-post","3":"status-publish","4":"format-standard","5":"has-post-thumbnail","7":"category-ukraine","8":"tag-actualites","9":"tag-donald-trump","10":"tag-etats-unis","11":"tag-eu","12":"tag-europe","13":"tag-news","14":"tag-russie","15":"tag-ukraine","16":"tag-ukraine-la-crise","17":"tag-union-europeenne","18":"tag-vladimir-poutine","19":"tag-volodymyr-zelensky"},"share_on_mastodon":{"url":"https:\/\/pubeurope.com\/@fr\/115600695222417111","error":""},"_links":{"self":[{"href":"https:\/\/www.europesays.com\/fr\/wp-json\/wp\/v2\/posts\/553965","targetHints":{"allow":["GET"]}}],"collection":[{"href":"https:\/\/www.europesays.com\/fr\/wp-json\/wp\/v2\/posts"}],"about":[{"href":"https:\/\/www.europesays.com\/fr\/wp-json\/wp\/v2\/types\/post"}],"author":[{"embeddable":true,"href":"https:\/\/www.europesays.com\/fr\/wp-json\/wp\/v2\/users\/2"}],"replies":[{"embeddable":true,"href":"https:\/\/www.europesays.com\/fr\/wp-json\/wp\/v2\/comments?post=553965"}],"version-history":[{"count":0,"href":"https:\/\/www.europesays.com\/fr\/wp-json\/wp\/v2\/posts\/553965\/revisions"}],"wp:featuredmedia":[{"embeddable":true,"href":"https:\/\/www.europesays.com\/fr\/wp-json\/wp\/v2\/media\/553966"}],"wp:attachment":[{"href":"https:\/\/www.europesays.com\/fr\/wp-json\/wp\/v2\/media?parent=553965"}],"wp:term":[{"taxonomy":"category","embeddable":true,"href":"https:\/\/www.europesays.com\/fr\/wp-json\/wp\/v2\/categories?post=553965"},{"taxonomy":"post_tag","embeddable":true,"href":"https:\/\/www.europesays.com\/fr\/wp-json\/wp\/v2\/tags?post=553965"}],"curies":[{"name":"wp","href":"https:\/\/api.w.org\/{rel}","templated":true}]}}