{"id":553967,"date":"2025-11-23T19:36:21","date_gmt":"2025-11-23T19:36:21","guid":{"rendered":"https:\/\/www.europesays.com\/fr\/553967\/"},"modified":"2025-11-23T19:36:21","modified_gmt":"2025-11-23T19:36:21","slug":"tres-productives-les-discussions-a-ukraine-usa-geneve-se-poursuivent","status":"publish","type":"post","link":"https:\/\/www.europesays.com\/fr\/553967\/","title":{"rendered":"\u00abTr\u00e8s productives\u00bb, les discussions \u00e0 Ukraine-USA Gen\u00e8ve se poursuivent"},"content":{"rendered":"<p><img decoding=\"async\" class=\"watson-snippet__image bg-grey-10 block h-auto w-full \" src=\"https:\/\/www.europesays.com\/fr\/wp-content\/uploads\/2025\/11\/2178281525164739.webp\" fetchpriority=\"high\" width=\"8057\" height=\"5372\" alt=\"Ukrainian head of presidential administration Andriy Yermak, second right, and US Secretary of state Marco Rubio, right, talk to the press as their consultations continue at the US Permanent Mission i ...\" data-image-id=\"2178281525164739\"\/><\/p>\n<p>Le secr\u00e9taire d&rsquo;Etat am\u00e9ricain Marco Rubio a bri\u00e8vement pris la parole dimanche apr\u00e8s-midi.Keystone<\/p>\n<p>L&rsquo;Ukraine et les Etats-Unis ont entam\u00e9 des pourparlers au sujet du plan de paix propos\u00e9 par Donald Trump.<\/p>\n<p>23.11.2025, 20:1723.11.2025, 20:18<\/p>\n<p class=\"watson-snippet__text my-6 text-[16px] lg:text-[18px] leading-normal md:w-3\/5\">Les Etats-Unis et l&rsquo;Ukraine font \u00e9tat de discussions \u00abproductives\u00bb \u00e0 Gen\u00e8ve sur le plan de paix de Donald Trump. Dimanche soir, le secr\u00e9taire d&rsquo;Etat am\u00e9ricain Marco Rubio et le chef de l&rsquo;administration pr\u00e9sidentielle ukrainienne Andre\u00ef Yermak ont r\u00e9p\u00e9t\u00e9 que \u00able dernier mot\u00bb reviendrait \u00e0 leurs dirigeant respectif.<\/p>\n<p>Suivez notre direct sur la situation en Ukraine \ud83d\udc47\ud83c\udffc<\/p>\n<p class=\"watson-snippet__text my-6 text-[16px] lg:text-[18px] leading-normal md:w-3\/5\">Dans une courte d\u00e9claration \u00e0 la presse, l&rsquo;Am\u00e9ricain a affirm\u00e9:<\/p>\n<p>\u00abC&rsquo;est probablement la rencontre la plus productive et la plus significative depuis le d\u00e9but de ce processus\u00bb<\/p>\n<p class=\"watson-snippet__text my-6 text-[16px] lg:text-[18px] leading-normal md:w-3\/5\">Le plan Trump de 28 points est diss\u00e9qu\u00e9 point par point. A la suite de ces courtes d\u00e9clarations, les participants ont continu\u00e9s les discussions. <\/p>\n<p class=\"watson-snippet__text my-6 text-[16px] lg:text-[18px] leading-normal md:w-3\/5\">Le secr\u00e9taire d&rsquo;Etat a admis qu&rsquo;il restait \u00abencore du travail\u00bb. De son c\u00f4t\u00e9, Andre\u00ef Yermak, qui avait affirm\u00e9 \u00eatre venu dans \u00abun \u00e9tat d&rsquo;esprit constructif\u00bb, consid\u00e8re \u00e9galement que le dialogue a \u00e9t\u00e9 \u00abproductif\u00bb. <\/p>\n<p class=\"watson-snippet__text my-6 text-[16px] lg:text-[18px] leading-normal md:w-3\/5\">Les deux responsables ont donc promis de revenir plus tard dans la soir\u00e9e devant la presse, mais l&rsquo;Ukrainien a laiss\u00e9 entendre qu&rsquo;il faudrait poursuivre les contacts ces prochains jours.<\/p>\n<p class=\"watson-snippet__text my-6 text-[16px] lg:text-[18px] leading-normal md:w-3\/5\">Les deux d\u00e9l\u00e9gations s&rsquo;\u00e9taient d\u00e9j\u00e0 vues de mani\u00e8re moins formelle, a affirm\u00e9 \u00e0 Keystone-ATS un responsable am\u00e9ricain. Il parle d&rsquo;un dialogue \u00abconcluant dans certains domaines\u00bb.<\/p>\n<p>Le texte pourraint convenir en partie<\/p>\n<p class=\"watson-snippet__text my-6 text-[16px] lg:text-[18px] leading-normal md:w-3\/5\">Auparavant, le pr\u00e9sident ukrainien Volodymyr Zelensky avait \u00e9crit sur les r\u00e9seaux sociaux, apr\u00e8s les premi\u00e8res discussions du jour:<\/p>\n<p>\u00abIl est entendu que les propositions am\u00e9ricaines pourraient inclure un certain nombre d&rsquo;\u00e9l\u00e9ments \u00e9tablis sur les perspectives ukrainiennes\u00bb<\/p>\n<p>Volodymyr Zelensky<\/p>\n<p class=\"watson-snippet__text my-6 text-[16px] lg:text-[18px] leading-normal md:w-3\/5\">Mais cet optimisme a sembl\u00e9 ensuite \u00eatre douch\u00e9 par une d\u00e9claration de Donald Trump qui a reproch\u00e9 \u00e0 nouveau \u00e0 Kiev son manque de \u00abgratitude\u00bb.<\/p>\n<p class=\"watson-snippet__text my-6 text-[16px] lg:text-[18px] leading-normal md:w-3\/5\">Le pr\u00e9sident ukrainien a r\u00e9agi sur X dans la journ\u00e9e: <\/p>\n<p>\u00abL&rsquo;Ukraine est reconnaissante envers les Etats-Unis, envers chaque coeur am\u00e9ricain et personnellement envers le pr\u00e9sident Trump pour l&rsquo;aide qui, \u00e0 commencer par les Javelin, a sauv\u00e9 des vies ukrainiennes.\u00bb<\/p>\n<p class=\"watson-snippet__text my-6 text-[16px] lg:text-[18px] leading-normal md:w-3\/5\">Les Javelin sont des missiles antichar de fabrication am\u00e9ricaine que l&rsquo;Ukraine a utilis\u00e9s dans le conflit qui l&rsquo;oppose \u00e0 la Russie, depuis l&rsquo;invasion de son territoire par les forces russes en f\u00e9vrier 2022.<\/p>\n<p>28 points pour une sortie du conflit<\/p>\n<p class=\"watson-snippet__text my-6 text-[16px] lg:text-[18px] leading-normal md:w-3\/5\">Donald Trump a d\u00e9voil\u00e9 cette semaine un plan de paix consid\u00e9r\u00e9 comme reprenant largement les revendications de Moscou. Celui-ci pr\u00e9voit notamment l&rsquo;abandon par Kiev des territoires de l&rsquo;Est du pays conquis par les soldats russes et de la Crim\u00e9e, sous la coupe russe depuis plus de dix ans. L&rsquo;Ukraine devrait \u00e9galement diminuer de moiti\u00e9 la taille de son arm\u00e9e, s&rsquo;engager \u00e0 ne pas rejoindre l&rsquo;OTAN et organiser rapidement des \u00e9lections.<\/p>\n<p class=\"watson-snippet__text my-6 text-[16px] lg:text-[18px] leading-normal md:w-3\/5\">Volodymyr Zelensky avait rejet\u00e9 ce plan. Il avait affirm\u00e9 qu&rsquo;il ne \u00abtrahira jamais\u00bb son \u00abserment de fid\u00e9lit\u00e9 \u00e0 l&rsquo;Ukraine\u00bb. Et il avait promis de proposer des amendements et qu&rsquo;il tenterait de convaincre les Etats-Unis.<\/p>\n<p class=\"watson-snippet__text my-6 text-[16px] lg:text-[18px] leading-normal md:w-3\/5\">Dimanche, les Ukrainiens ont aussi rencontr\u00e9 \u00e0 Gen\u00e8ve les conseillers \u00e0 la s\u00e9curit\u00e9 nationale britannique, fran\u00e7ais et allemand. Les Europ\u00e9ens rejettent toute cession de territoire par l&rsquo;Ukraine.<\/p>\n<p>L&rsquo;UE veut participer<\/p>\n<p class=\"watson-snippet__text my-6 text-[16px] lg:text-[18px] leading-normal md:w-3\/5\">Le \u00abr\u00f4le central\u00bb de l&rsquo;UE doit \u00eatre \u00abenti\u00e8rement reconnu\u00bb, a affirm\u00e9 dimanche la pr\u00e9sidente de la Commission europ\u00e9enne Ursula von der Leyen. Le chancelier allemand Friedrich Merz s&rsquo;est lui montr\u00e9 circonspect sur la possibilit\u00e9 d&rsquo;un accord sur un plan d&rsquo;ici jeudi comme le souhaite le pr\u00e9sident am\u00e9ricain. Une r\u00e9union en ligne des pays soutenant l&rsquo;Ukraine est attendue pour mardi apr\u00e8s-midi.<\/p>\n<p class=\"watson-snippet__text my-6 text-[16px] lg:text-[18px] leading-normal md:w-3\/5\">Volodymyr Zelensky est sous pression pour accepter de mettre un terme \u00e0 la guerre, alors que les Europ\u00e9ens refusent que Kiev capitule face \u00e0 Moscou. De m\u00eame, des affaires de corruption fragilisent sur le plan int\u00e9rieur sa stature aupr\u00e8s des Ukrainiens.<\/p>\n<p class=\"watson-snippet__text my-6 text-[16px] lg:text-[18px] leading-normal md:w-3\/5\">A Moscou, le pr\u00e9sident russe Vladimir Poutine a lui jug\u00e9 que le plan am\u00e9ricain pouvait contribuer \u00e0 \u00abun r\u00e8glement pacifique d\u00e9finitif\u00bb du conflit lanc\u00e9 en 2022. Il s&rsquo;est dit pr\u00eat \u00e0 une \u00abdiscussion approfondie de tous les d\u00e9tails\u00bb du texte \u00e9tabli par Washington. La Russie cherche \u00e0 revenir au G8 et \u00e0 obtenir une lev\u00e9e des sanctions contre elle.<\/p>\n<p class=\"watson-snippet__text my-6 text-[16px] lg:text-[18px] leading-normal md:w-3\/5\">Apr\u00e8s plus de trois ans de guerre, elle a r\u00e9cemment conquis de nouvelles villes et a men\u00e9 des attaques dans plusieurs r\u00e9gions de l&rsquo;ouest du pays, jusqu&rsquo;\u00e0 pr\u00e9sent peu affect\u00e9es. Le pays s&rsquo;en prend \u00e9galement aux infrastructures \u00e9nerg\u00e9tiques, de quoi faire redouter \u00e0 l&rsquo;ONU et aux organisations humanitaires un hiver plus ardu encore que l&rsquo;ann\u00e9e derni\u00e8re pour la population. (joe\/afp\/ats)<\/p>\n<p>Toute l&rsquo;actu&rsquo; br\u00fblante sur l&rsquo;Ukraine&#8230;<\/p>\n","protected":false},"excerpt":{"rendered":"Le secr\u00e9taire d&rsquo;Etat am\u00e9ricain Marco Rubio a bri\u00e8vement pris la parole dimanche apr\u00e8s-midi.Keystone L&rsquo;Ukraine et les Etats-Unis ont&hellip;\n","protected":false},"author":2,"featured_media":553968,"comment_status":"","ping_status":"","sticky":false,"template":"","format":"standard","meta":{"footnotes":""},"categories":[1589],"tags":[11,73,1866,12,1864,1865,1863,308],"class_list":{"0":"post-553967","1":"post","2":"type-post","3":"status-publish","4":"format-standard","5":"has-post-thumbnail","7":"category-etats-unis","8":"tag-actualites","9":"tag-etats-unis","10":"tag-etats-unis-damerique","11":"tag-news","12":"tag-united-states","13":"tag-united-states-of-america","14":"tag-us","15":"tag-usa"},"share_on_mastodon":{"url":"https:\/\/pubeurope.com\/@fr\/115600699897013614","error":""},"_links":{"self":[{"href":"https:\/\/www.europesays.com\/fr\/wp-json\/wp\/v2\/posts\/553967","targetHints":{"allow":["GET"]}}],"collection":[{"href":"https:\/\/www.europesays.com\/fr\/wp-json\/wp\/v2\/posts"}],"about":[{"href":"https:\/\/www.europesays.com\/fr\/wp-json\/wp\/v2\/types\/post"}],"author":[{"embeddable":true,"href":"https:\/\/www.europesays.com\/fr\/wp-json\/wp\/v2\/users\/2"}],"replies":[{"embeddable":true,"href":"https:\/\/www.europesays.com\/fr\/wp-json\/wp\/v2\/comments?post=553967"}],"version-history":[{"count":0,"href":"https:\/\/www.europesays.com\/fr\/wp-json\/wp\/v2\/posts\/553967\/revisions"}],"wp:featuredmedia":[{"embeddable":true,"href":"https:\/\/www.europesays.com\/fr\/wp-json\/wp\/v2\/media\/553968"}],"wp:attachment":[{"href":"https:\/\/www.europesays.com\/fr\/wp-json\/wp\/v2\/media?parent=553967"}],"wp:term":[{"taxonomy":"category","embeddable":true,"href":"https:\/\/www.europesays.com\/fr\/wp-json\/wp\/v2\/categories?post=553967"},{"taxonomy":"post_tag","embeddable":true,"href":"https:\/\/www.europesays.com\/fr\/wp-json\/wp\/v2\/tags?post=553967"}],"curies":[{"name":"wp","href":"https:\/\/api.w.org\/{rel}","templated":true}]}}