{"id":553971,"date":"2025-11-23T19:38:15","date_gmt":"2025-11-23T19:38:15","guid":{"rendered":"https:\/\/www.europesays.com\/fr\/553971\/"},"modified":"2025-11-23T19:38:15","modified_gmt":"2025-11-23T19:38:15","slug":"allemagne-lenseigne-decathlon-simplante-a-fribourg-en-brisgau","status":"publish","type":"post","link":"https:\/\/www.europesays.com\/fr\/553971\/","title":{"rendered":"Allemagne. L\u2019enseigne Decathlon s\u2019implante \u00e0 Fribourg-en-Brisgau"},"content":{"rendered":"<p>L\u2019implantation de Decathlon \u00e0 Fribourg-en-Brisgau fait l\u2019objet d\u2019un vaste plan de d\u00e9veloppement de la firme en Allemagne. Decathlon esp\u00e8re atteindre le nombre de 150 magasins outre-Rhin d\u2019ici 2027 contre un peu plus de 80 actuellement. Dans le Bade-Wurtemberg, outre Fribourg, des ouvertures sont pr\u00e9vues \u00e0 Stuttgart, Constance et Ludwigsbourg. Pr\u00e8s de la fronti\u00e8re alsacienne, des magasins existent d\u00e9j\u00e0 \u00e0 Offenbourg et L\u00f6rrach.<\/p>\n<p>\u00c0 Fribourg-en-Brisgau, Decathlon investit 3\u00a0000 m2\u00a0 sur les 10\u00a0000 m2 au total du grand magasin de la cha\u00eene allemande Galeria. Les deux entreprises ont en&#8230;<\/p>\n","protected":false},"excerpt":{"rendered":"L\u2019implantation de Decathlon \u00e0 Fribourg-en-Brisgau fait l\u2019objet d\u2019un vaste plan de d\u00e9veloppement de la firme en Allemagne. Decathlon&hellip;\n","protected":false},"author":2,"featured_media":553972,"comment_status":"","ping_status":"","sticky":false,"template":"","format":"standard","meta":{"footnotes":""},"categories":[1587],"tags":[11,672,2389,1804,4406,1805,1803,33,1777,674,107,329,1801,12,1802,1806],"class_list":{"0":"post-553971","1":"post","2":"type-post","3":"status-publish","4":"format-standard","5":"has-post-thumbnail","7":"category-allemagne","8":"tag-actualites","9":"tag-allemagne","10":"tag-alsace","11":"tag-bundesrepublik-deutschland","12":"tag-commerce-et-services","13":"tag-de","14":"tag-deutschland","15":"tag-economie","16":"tag-eu","17":"tag-europe","18":"tag-fil-info","19":"tag-france-monde","20":"tag-germany","21":"tag-news","22":"tag-republique-federale-dallemagne","23":"tag-rheinblick"},"share_on_mastodon":{"url":"https:\/\/pubeurope.com\/@fr\/115600707226945565","error":""},"_links":{"self":[{"href":"https:\/\/www.europesays.com\/fr\/wp-json\/wp\/v2\/posts\/553971","targetHints":{"allow":["GET"]}}],"collection":[{"href":"https:\/\/www.europesays.com\/fr\/wp-json\/wp\/v2\/posts"}],"about":[{"href":"https:\/\/www.europesays.com\/fr\/wp-json\/wp\/v2\/types\/post"}],"author":[{"embeddable":true,"href":"https:\/\/www.europesays.com\/fr\/wp-json\/wp\/v2\/users\/2"}],"replies":[{"embeddable":true,"href":"https:\/\/www.europesays.com\/fr\/wp-json\/wp\/v2\/comments?post=553971"}],"version-history":[{"count":0,"href":"https:\/\/www.europesays.com\/fr\/wp-json\/wp\/v2\/posts\/553971\/revisions"}],"wp:featuredmedia":[{"embeddable":true,"href":"https:\/\/www.europesays.com\/fr\/wp-json\/wp\/v2\/media\/553972"}],"wp:attachment":[{"href":"https:\/\/www.europesays.com\/fr\/wp-json\/wp\/v2\/media?parent=553971"}],"wp:term":[{"taxonomy":"category","embeddable":true,"href":"https:\/\/www.europesays.com\/fr\/wp-json\/wp\/v2\/categories?post=553971"},{"taxonomy":"post_tag","embeddable":true,"href":"https:\/\/www.europesays.com\/fr\/wp-json\/wp\/v2\/tags?post=553971"}],"curies":[{"name":"wp","href":"https:\/\/api.w.org\/{rel}","templated":true}]}}