{"id":553973,"date":"2025-11-23T19:39:19","date_gmt":"2025-11-23T19:39:19","guid":{"rendered":"https:\/\/www.europesays.com\/fr\/553973\/"},"modified":"2025-11-23T19:39:19","modified_gmt":"2025-11-23T19:39:19","slug":"de-lhostilite-a-la-rehabilitation-avenir-enjeux-defis","status":"publish","type":"post","link":"https:\/\/www.europesays.com\/fr\/553973\/","title":{"rendered":"de l\u2019hostilit\u00e9 \u00e0 la r\u00e9habilitation-avenir, enjeux, d\u00e9fis"},"content":{"rendered":"<p style=\"line-height:1.38;text-align:justify;background-color:#ffffff\" class=\"p-empty\">\u00a0<\/p>\n<p>Place du nucl\u00e9aire dans le monde\u00a0\u00a0<\/p>\n<p>Quelques donn\u00e9es macro\u00e9conomiques pour mieux comprendre l\u2019ampleur du th\u00e8me dans le monde. En 2024 la production d\u2019\u00e9lectricit\u00e9 d\u2019origine nucl\u00e9aire s\u2019est \u00e9lev\u00e9e \u00e0 2840 TWh (t\u00e9rawattheure) soit 10% de la production totale. Cette part a \u00e9t\u00e9 en croissance jusqu\u2019en 1996 (17,5%) du fait de programmes visant \u00e0 diversifier les sources d\u2019\u00e9nergie et r\u00e9duire la d\u00e9pendance aux \u00e9nergies fossiles. Elle a ensuite significativement baiss\u00e9 jusqu\u2019en 2023 (9,11%), refl\u00e9tant des pr\u00e9occupations croissantes en mati\u00e8re de s\u00e9curit\u00e9 suite \u00e0 Fukushima et \u00e9galement d\u00fb \u00e0 l\u2019essor des \u00e9nergies renouvelables.\u00a0<\/p>\n<p class=\"p-empty\">\u00a0<\/p>\n<p class=\"p-empty\">\u00a0<\/p>\n<p class=\"encadre\"><strong>\ud83d\udca1\u00a0 Quid du nombre de r\u00e9acteurs en construction et en fonctionnement<\/strong><\/p>\n<p>\u2022\u00a0En 2024, 60 r\u00e9acteurs, dont 26 en Chine, \u00e9taient en cours de construction pour une capacit\u00e9 additionnelle de 67 GW. Au-del\u00e0, 343 r\u00e9acteurs sont planifi\u00e9s, dont 41 en Chine et 6 en Pologne.\u00a0<br \/>\u2022\u00a0Au 20 janvier 2025, 417 r\u00e9acteurs repr\u00e9sentant 377 GW sont en fonctionnement, r\u00e9partis dans 31 pays, dont trois \u2013 les USA, la France et la Chine, repr\u00e9sentent 57% de la puissance install\u00e9e.\u00a0<br \/>\u2022\u00a0Selon l\u2019AIEA (Agence Internationale de l\u2019\u00c9nergie Atomique), la capacit\u00e9 install\u00e9e pourrait doubler d\u2019ici 2050.\u00a0<br \/>\u2022\u00a0L\u2019Union europ\u00e9enne pr\u00e9voit de son c\u00f4t\u00e9 que la capacit\u00e9 nucl\u00e9aire install\u00e9e en Europe devrait passer de 98 GW actuellement \u00e0 109 GW pour un investissement d\u2019environ 200 milliards d\u2019euros d\u2019ici 2050.\u00a0\u00a0<\/p>\n<p class=\"p-empty\">\u00a0<\/p>\n<p class=\"p-empty\">\u00a0<\/p>\n<p class=\"p-empty\">\u00a0<\/p>\n<p>Notons que malgr\u00e9 cette forte croissance, la part du nucl\u00e9aire dans l\u2019\u00e9lectricit\u00e9 mondiale n\u2019augmenterait que peu, car les pr\u00e9visions int\u00e8grent une forte croissance de la demande, r\u00e9sultant de l\u2019\u00e9lectrification massive des usages (industries, mobilit\u00e9, chauffage). Il restera de la place pour l\u2019hydraulique, les <a href=\"https:\/\/lepetitjournal.com\/varsovie\/actualites\/volta-polska-aeroport-lodz-construit-ferme-photovoltaique-12-mwp-397878\" target=\"_blank\" rel=\"nofollow noopener\">renouvelables<\/a>, et aussi le gaz en tant qu\u2019<a href=\"https:\/\/lepetitjournal.com\/varsovie\/olivier-becht-varsovie-et-cracovie-partenariats-economiques-energie-352608\" target=\"_blank\" rel=\"nofollow noopener\">\u00e9nergie de transition<\/a>.\u00a0<\/p>\n<p class=\"p-empty\">\u00a0<\/p>\n<p>Pourquoi, apr\u00e8s avoir \u00e9t\u00e9 quasiment diabolis\u00e9, le nucl\u00e9aire revient-il au c\u0153ur des pr\u00e9occupations ?\u00a0<\/p>\n<p>Apr\u00e8s plusieurs ann\u00e9es de m\u00e9fiance, voire d\u2019hostilit\u00e9 envers le nucl\u00e9aire civil, notamment suite \u00e0 la catastrophe de Fukushima, qui, rappelons-le, n\u2019est pas un <a href=\"https:\/\/lepetitjournal.com\/vivre-a-varsovie\/comprimes-diode-stable-durgence-radiologique-point-situation-347097\" target=\"_blank\" rel=\"nofollow noopener\">accident nucl\u00e9aire<\/a>, mais la cons\u00e9quence d\u2019un s\u00e9isme sous-marin (un tsunami) le 11 mars 2011, de nombreux acteurs des sph\u00e8res scientifiques, \u00e9conomiques, et m\u00eame politiques sont arriv\u00e9s \u00e0 la conclusion suivante : le monde ne pourra pas r\u00e9soudre les d\u00e9fis climatiques et environnementaux sans l\u2019\u00e9nergie nucl\u00e9aire.\u00a0\u00a0<\/p>\n<p class=\"p-empty\">\u00a0<\/p>\n<p>M\u00eame l\u2019Union europ\u00e9enne, longtemps vent debout contre cette \u00e9nergie, l\u2019a officiellement incluse dans les solutions permettant de d\u00e9carboner les syst\u00e8mes \u00e9nerg\u00e9tiques.\u00a0<\/p>\n<p class=\"p-empty\">\u00a0<\/p>\n<p>Quelles sont les raisons qui ont conduit \u00e0 cette \u00e9volution ?<\/p>\n<p>Elles sont au nombre de trois.\u00a0\u00a0<\/p>\n<p>1 &#8211; D\u2019abord, cette \u00e9nergie est plus d\u00e9carbon\u00e9e que toutes les autres sources de production, y compris les renouvelables (12g CO2\/kWh contre 48g CO2\/MWh pour le solaire).\u00a0\u00a0<\/p>\n<p>De plus, elle est pilotable, donc apte dans une certaine mesure \u00e0 compenser l\u2019intermittence du renouvelable.\u00a0\u00a0<\/p>\n<p>Elle est particuli\u00e8rement adapt\u00e9e pour des pays comme la Pologne o\u00f9 l\u2019\u00e9lectricit\u00e9 est encore majoritairement bas\u00e9e sur le charbon. En Pologne, l&rsquo;<a href=\"https:\/\/lepetitjournal.com\/varsovie\/mix-electrique-quoi-de-neuf-sur-le-marche-de-lenergie-en-pologne-391849\" target=\"_blank\" rel=\"nofollow noopener\">essor significatif du renouvelable<\/a>, solaire et \u00e9olien a r\u00e9duit l\u2019appel aux centrales charbon de 78% du mix \u00e9lectrique en 2018 \u00e0 57% en 2024. Mais le <a href=\"https:\/\/lepetitjournal.com\/varsovie\/transformation-energetique-charbon-lignite-pologne-351951\" target=\"_blank\" rel=\"nofollow noopener\">charbon<\/a> restera indispensable \u00e0 la s\u00e9curit\u00e9 \u00e9nerg\u00e9tique du pays jusqu\u2019\u00e0 la mise en service de la premi\u00e8re centrale nucl\u00e9aire.\u00a0<\/p>\n<p class=\"p-empty\">\u00a0<\/p>\n<p>2 &#8211; Ensuite, elle est un facteur de comp\u00e9titivit\u00e9 des entreprises. En effet, son <a href=\"https:\/\/lepetitjournal.com\/vivre-a-varsovie\/prix-de-lelectricite-en-pologne-vers-la-fin-du-bouclier-tarifaire-391844\" target=\"_blank\" rel=\"nofollow noopener\">co\u00fbt<\/a> est stable dans la dur\u00e9e et ne d\u00e9pend que peu du prix du combustible.\u00a0\u00a0<\/p>\n<p class=\"p-empty\">\u00a0<\/p>\n<p>3 &#8211; Enfin, elle permet \u00e0 l\u2019Europe qui dispose de toutes les comp\u00e9tences de regagner en ind\u00e9pendance et souverainet\u00e9 \u00e9nerg\u00e9tique.\u00a0<\/p>\n<p class=\"p-empty\">\u00a0<\/p>\n<p class=\"p-empty\">\u00a0<\/p>\n<p><a href=\"https:\/\/lepetitjournal.com\/varsovie\/entretien-guillaume-pitron-guerre-metaux-rares-pas-si-rares-que-ca-362453\" class=\"read-more\" target=\"_blank\" rel=\"nofollow noopener\">Entretien : Guillaume Pitron, \u00ab\u2009La Guerre des m\u00e9taux rares\u2009\u00bb pas si rares que \u00e7a<\/a><\/p>\n<p class=\"p-empty\">\u00a0<\/p>\n<p class=\"p-empty\">\u00a0<\/p>\n<p>Quel r\u00f4le pour la France et la Pologne afin de faire \u00e9merger ce nouveau paradigme ?\u00a0\u00a0<\/p>\n<p>La France a lanc\u00e9 en f\u00e9vrier 2023 une <a href=\"https:\/\/www.elysee.fr\/emmanuel-macron\/2024\/03\/21\/declaration-de-lalliance-europeenne-du-nucleaire\" target=\"_blank\" rel=\"nofollow noopener\">Alliance europ\u00e9enne du nucl\u00e9aire<\/a> qui a permis de regrouper une quinzaine de pays, dont la Pologne et tous les pays de l\u2019Europe centrale et orientale. L\u2019objectif de cette Alliance est de coop\u00e9rer afin de cr\u00e9er un cadre europ\u00e9en favorable au d\u00e9ploiement de l\u2019\u00e9nergie nucl\u00e9aire, notamment en termes de financement.\u00a0\u00a0\u00a0<\/p>\n<p class=\"p-empty\">\u00a0<\/p>\n<p>Ces combats ont permis au nucl\u00e9aire de retrouver sa place au sein de l\u2019Union europ\u00e9enne, parmi les r\u00e9sultats les plus significatifs, on peut citer\u202f:\u00a0<\/p>\n<p>1 &#8211; Le Nucl\u00e9aire est maintenant inclus dans la taxonomie des investissements verts ce qui lui conf\u00e8re le label d\u2019\u00e9nergie durable et respectueuse de l\u2019environnement\u00a0<\/p>\n<p>2 &#8211; L\u2019hydrog\u00e8ne issu du nucl\u00e9aire a \u00e9t\u00e9, apr\u00e8s une longue bataille, inclus par la Commission dans le bouquet des \u00e9nergies renouvelables\u00a0<\/p>\n<p>3 &#8211; Des dispositions permettant de prot\u00e9ger le march\u00e9 europ\u00e9en des entreprises non europ\u00e9ennes b\u00e9n\u00e9ficiant d\u2019aides de l\u2019\u00e9tat dont elles sont originaires\u00a0<\/p>\n<p class=\"p-empty\">\u00a0<\/p>\n<p class=\"p-empty\">\u00a0<\/p>\n<p><a href=\"https:\/\/lepetitjournal.com\/varsovie\/decarbonisation-securite-energetique-leurope-pologne-379686\" class=\"read-more\" target=\"_blank\" rel=\"nofollow noopener\">D\u00e9carbonisation, s\u00e9curit\u00e9 \u00e9nerg\u00e9tique de l\u2019Europe et de la Pologne en particulier <\/a><\/p>\n<p class=\"p-empty\">\u00a0<\/p>\n<p class=\"p-empty\">\u00a0<\/p>\n<p>Et pourtant, les r\u00e9ticences ou oppositions au nucl\u00e9aire n\u2019ont pas disparu&#8230;\u00a0\u00a0<\/p>\n<p>En Europe, quelques pays traditionnellement oppos\u00e9s au nucl\u00e9aire (Allemagne, Autriche et Luxembourg), des partis \u00e9cologistes (en France, notamment) et certaines ONG contestent la neutralit\u00e9 maintenant affich\u00e9e entre nucl\u00e9aire et renouvelables.\u00a0<\/p>\n<p>Cependant, cette neutralit\u00e9 d\u00e9nonc\u00e9e n\u2019est pas inscrite dans les faits, comme le montrent les constats suivants\u202f:\u00a0<\/p>\n<p class=\"p-empty\">\u00a0<\/p>\n<ul>\n<li>On peut noter des restrictions ou des oppositions aux financements europ\u00e9ens.\u00a0\u00a0<\/li>\n<li aria-level=\"1\">La n\u00e9gociation pour obtenir les Aides d\u2019\u00c9tat pour le nucl\u00e9aire est plus longue que pour les projets renouvelables.\u00a0\u00a0<\/li>\n<\/ul>\n<p class=\"p-empty\">\u00a0<\/p>\n<p class=\"p-empty\">\u00a0<\/p>\n<p>Quels sont les arguments avanc\u00e9s contre le nucl\u00e9aire\u202f? \u00a0<\/p>\n<p>Ces arguments portent sur des accidents survenus dans des contextes sp\u00e9cifiques (Tchernobyl et Fukushima) ou des th\u00e9matiques certes importantes, mais trait\u00e9es de fa\u00e7on parfois anxiog\u00e8ne (les d\u00e9chets).\u00a0\u00a0<\/p>\n<p class=\"p-empty\">\u00a0<\/p>\n<p>Tchernobyl est la plus grande catastrophe du nucl\u00e9aire civil qui a conduit \u00e0 une fusion totale du c\u0153ur du r\u00e9acteur. Il faut tout d\u2019abord rappeler que le mod\u00e8le de r\u00e9acteur de Tchernobyl n\u2019\u00e9tait utilis\u00e9 que dans l\u2019ex-URSS et certains des pays du pacte de Varsovie et ne respectait pas les standards de s\u00fbret\u00e9 en vigueur \u00e0 l\u2019\u00e9poque en Europe occidentale ou aux USA, notamment en termes de r\u00e9tention et confinement. Un tel accident y serait possible, mais avec une probabilit\u00e9 tr\u00e8s faible et des cons\u00e9quences tr\u00e8s limit\u00e9es sur les populations et l\u2019environnement. Dans une logique d\u2019am\u00e9lioration continue, des le\u00e7ons en ont cependant \u00e9t\u00e9 tir\u00e9es qui ont conduit \u00e0 faire \u00e9voluer la philosophie de la s\u00fbret\u00e9 nucl\u00e9aire d\u2019o\u00f9 sont n\u00e9s les r\u00e9acteurs de \u00ab 3e g\u00e9n\u00e9ration \u00bb\u00a0(type EPR). Source : Pourquoi le Nucl\u00e9aire (Bertrand Barr\u00e9 \u00c9ditions De Boeck)\u00a0<\/p>\n<p class=\"p-empty\">\u00a0<\/p>\n<p>Et les d\u00e9chets ? \u00a0<\/p>\n<p>Depuis 1970, des normes internationales \u00e9tablissent, sous le contr\u00f4le de l\u2019AIEA, des principes de classification et de gestion des d\u00e9chets. Ces derniers sont class\u00e9s en fonction de deux crit\u00e8res : leur \u00ab activit\u00e9 \u00bb (c\u2019est-\u00e0-dire leur radiotoxicit\u00e9) et leur dur\u00e9e de vie (vie \u00ab longue \u00bb\u00a0ou \u00ab courte \u00bb la radiotoxicit\u00e9 \u00e9tant d\u00e9croissante dans le temps).\u00a0<\/p>\n<p class=\"p-empty\">\u00a0<\/p>\n<p>Chaque pays d\u00e9cline ces principes pour d\u00e9finir sa gestion qui peut diff\u00e9rer d\u2019un pays \u00e0 l\u2019autre. En France, par exemple, on distingue cinq types de d\u00e9chets :\u00a0\u00a0<\/p>\n<ul>\n<li aria-level=\"1\">haute activit\u00e9 \u00e0 vie longue,\u00a0\u00a0<\/li>\n<\/ul>\n<ul>\n<li aria-level=\"1\">moyenne activit\u00e9 \u00e0 vie longue,\u00a0\u00a0<\/li>\n<\/ul>\n<ul>\n<li aria-level=\"1\">moyenne et faible activit\u00e9 \u00e0 vie courte\u00a0\u00a0<\/li>\n<\/ul>\n<ul>\n<li aria-level=\"1\">et tr\u00e8s faible activit\u00e9 \u00e0 vie courte.\u00a0<\/li>\n<\/ul>\n<p>Les d\u00e9chets HA \u00e0 vie longue qui r\u00e9sultent de la fission des atomes d\u2019uranium sont les plus critiques. En France ils concentrent 97% de l\u2019activit\u00e9 totale des d\u00e9chets et donc de la radiotoxicit\u00e9. Leur dur\u00e9e de vie se compte en milliers d\u2019ann\u00e9es.\u00a0<\/p>\n<p class=\"p-empty\">\u00a0<\/p>\n<p>Un r\u00e9acteur nucl\u00e9aire consomme peu d\u2019<a href=\"https:\/\/lepetitjournal.com\/varsovie\/entretien-guillaume-pitron-transition-energetique-relance-histoire-23-362660\" target=\"_blank\" rel=\"nofollow noopener\">uranium<\/a>. 7g d\u2019uranium permettent de produire autant d&rsquo;\u00e9nergie qu\u2019une tonne de charbon. Les volumes de d\u00e9chets relevant de la cat\u00e9gorie HA-VL sont donc faibles.\u00a0<\/p>\n<p>\u00c0 titre d\u2019exemple, le stock de ces d\u00e9chets \u00e9tait en France (pays qui exploite 58 tranches nucl\u00e9aires et d\u00e9ploie une activit\u00e9 militaire nucl\u00e9aire) \u00e0 fin 2023 de 4550 m3, soit un peu plus d\u2019une piscine olympique.\u00a0<\/p>\n<p class=\"p-empty\">\u00a0<\/p>\n<p>Chaque cat\u00e9gorie fait l\u2019objet d\u2019une gestion et d\u2019un traitement rigoureux garantissant la protection de l\u2019environnement, des populations et des salari\u00e9s, sous le contr\u00f4le des pouvoirs publics et de l\u2019Autorit\u00e9 de S\u00fbret\u00e9 nucl\u00e9aire.\u00a0<\/p>\n<p class=\"p-empty\">\u00a0<\/p>\n<p>Pour les d\u00e9chets HA, la solution de long terme est un stockage g\u00e9ologique profond situ\u00e9 \u00e0 Bures (Meuse) \u00e0 500 m\u00e8tres sous terre dans une couche d\u2019argile \u00e9tanche et g\u00e9ologiquement stable, dans une zone non sismique. Il devrait \u00eatre mis en service en 2050. Sources : Agence nationale des d\u00e9chets radioactifs\/ Le nucl\u00e9aire en 100 Questions (Maxence Cordiez- St\u00e9phane Sarrade Editions Taillandier).\u00a0<\/p>\n<p class=\"p-empty\">\u00a0<\/p>\n<p>Une autre critique majeure porte sur la dur\u00e9e et le co\u00fbt des projets depuis leur mise en d\u00e9veloppement jusqu\u2019\u00e0 la mise en service.\u00a0 Les d\u00e9lais d\u2019obtention des autorisations et les d\u00e9lais initiaux de construction sont en r\u00e8gle g\u00e9n\u00e9rale longs. Ils sont de plus soumis \u00e0 des risques de d\u00e9passement de d\u00e9lai et de co\u00fbt qui rendent les d\u00e9cisions d\u2019investissement difficiles et risqu\u00e9s politiquement.\u00a0\u00a0<\/p>\n<p class=\"p-empty\">\u00a0<\/p>\n<p class=\"p-empty\">\u00a0<\/p>\n<p><a href=\"https:\/\/lepetitjournal.com\/varsovie\/comprendre-pologne\/entretien-guillaume-pitron-il-faut-aligner-toute-la-transition-energetique-sur-nos-valeurs-33\" class=\"read-more\" target=\"_blank\" rel=\"nofollow noopener\">Entretien\u00a0: Guillaume\u00a0Pitron, \u00ab\u2009Il faut aligner toute la transition \u00e9nerg\u00e9tique sur nos valeurs\u2009\u00bb\u00a0\u2014 3\/3\u00a0<\/a><\/p>\n<p class=\"p-empty\">\u00a0<\/p>\n<p class=\"p-empty\">\u00a0<\/p>\n<p>Quelles solutions permettent de limiter ces risques et de faciliter les prises de d\u00e9cision\u202f?\u00a0 \u00a0 \u00a0<\/p>\n<p>Cette question a \u00e9t\u00e9 abord\u00e9e au cours du panel de <a href=\"https:\/\/lepetitjournal.com\/varsovie\/comprendre-pologne\/europe-pologne-france-moteurs-croissance-422366\" target=\"_blank\" rel=\"nofollow noopener\">Karpacz 2025<\/a> auquel j\u2019ai particip\u00e9, sur le th\u00e8me \u00ab\u202fl\u2019Europe doit-elle revenir au nucl\u00e9aire\u202f? \u00bb.\u00a0<\/p>\n<p class=\"p-empty\">\u00a0<\/p>\n<p>Interrog\u00e9 par le mod\u00e9rateur, j\u2019ai pu \u00e9voquer les trois raisons qui ont permis le succ\u00e8s du programme nucl\u00e9aire <a href=\"https:\/\/lepetitjournal.com\/varsovie\/rdv-business-ccifp-traite-nancy-europe-securite-defense-energie-418837\" target=\"_blank\" rel=\"nofollow noopener\">fran\u00e7ais<\/a> des ann\u00e9es 70 et 80, o\u00f9 58 tranches ont \u00e9t\u00e9 construites en moins de 30 ans.\u00a0<\/p>\n<p class=\"p-empty\">\u00a0<\/p>\n<ul>\n<li aria-level=\"1\">D\u2019abord, un pilotage par un \u00c9tat strat\u00e8ge.\u00a0<\/li>\n<\/ul>\n<ul>\n<li aria-level=\"1\">Ensuite, un op\u00e9rateur et fournisseur unique.\u00a0<\/li>\n<\/ul>\n<ul>\n<li aria-level=\"1\">Enfin, une politique industrielle dirigiste permettant de b\u00e9n\u00e9ficier de l\u2019effet de r\u00e9p\u00e9tition en cr\u00e9ant une dynamique d\u2019am\u00e9lioration et ainsi de <a href=\"https:\/\/lepetitjournal.com\/varsovie\/pologne-securite-energetique-mer-baltique-multiplicite-menaces-374236\" target=\"_blank\" rel=\"nofollow noopener\">s\u00e9curiser<\/a> les r\u00e9alisations en termes de co\u00fbt et de d\u00e9lai.\u00a0<\/li>\n<\/ul>\n<p class=\"p-empty\">\u00a0<\/p>\n<p>Ces conditions ne sont pas reproductibles dans un cadre devenu europ\u00e9en, voire mondial, mais peuvent \u00eatre inspirantes et conduire l\u2019Europe \u00e0 mettre des conditions plus favorables\u202f:\u00a0<\/p>\n<p class=\"p-empty\">\u00a0<\/p>\n<ul>\n<li aria-level=\"1\">Se doter d\u2019une volont\u00e9 politique claire et assum\u00e9e\u00a0<\/li>\n<\/ul>\n<ul>\n<li aria-level=\"1\">Mettre en place une stricte neutralit\u00e9 entre ENR et nucl\u00e9aire, notamment pour l\u2019acc\u00e8s aux financements et aux aides d\u2019\u00e9tat\u00a0<\/li>\n<\/ul>\n<ul>\n<li aria-level=\"1\">Simplifier les proc\u00e9dures d\u2019autorisation\u00a0<\/li>\n<\/ul>\n<ul>\n<li aria-level=\"1\">Et enfin, cr\u00e9er un \u00e9cosyst\u00e8me europ\u00e9en permettant de favoriser l\u2019implication des entreprises europ\u00e9ennes\u00a0<\/li>\n<\/ul>\n<p class=\"p-empty\">\u00a0<\/p>\n<p>Ce dernier point constitue un enjeu cl\u00e9 d\u2019Ind\u00e9pendance et de Souverainet\u00e9 europ\u00e9enne, car toutes les comp\u00e9tences et technologies n\u00e9cessaires existent en Europe.\u00a0<\/p>\n<p class=\"p-empty\">\u00a0<\/p>\n<p>La Pologne et la Tch\u00e9quie ont pris des d\u00e9cisions d\u2019engagement d\u2019investissement dans le nucl\u00e9aire. Leur choix n\u2019a pas \u00e9t\u00e9 europ\u00e9en, la Pologne ayant choisi les \u00c9tats-Unis et la Tch\u00e9quie l\u2019offre cor\u00e9enne. Pour autant l\u2019implication des entreprises europ\u00e9ennes dans ces projets reste possible et doit \u00eatre encourag\u00e9e.<\/p>\n<p>\u00a0<\/p>\n<p>Pour nous soutenir :\u00a0<\/p>\n<p><a href=\"https:\/\/lepetitjournal.com\/newsletter\" class=\"read-more\" target=\"_blank\" rel=\"nofollow noopener\">Notre newsletter gratuite<\/a><\/p>\n<p class=\"p-empty\">\u00a0<\/p>\n<p><a href=\"https:\/\/lepetitjournal.com\/je-soutiens\" class=\"read-more\" target=\"_blank\" rel=\"nofollow noopener\">Soutenez votre \u00e9dition | lepetitjournal.com Varsovie<\/a><\/p>\n<p class=\"p-empty\">\u00a0<\/p>\n<p><img alt=\"Soutenez-nous en vous abonnant \u00e0 notre newsletter ou en nous aidant financi\u00e8rement !\" loading=\"lazy\" decoding=\"async\" data-nimg=\"fill\" class=\"drupal__img align-center\" style=\"position:absolute;height:100%;width:100%;left:0;top:0;right:0;bottom:0;object-fit:cover;color:transparent\"   src=\"https:\/\/www.europesays.com\/fr\/wp-content\/uploads\/2025\/11\/1763926759_374_image\"\/><\/p>\n","protected":false},"excerpt":{"rendered":"\u00a0 Place du nucl\u00e9aire dans le monde\u00a0\u00a0 Quelques donn\u00e9es macro\u00e9conomiques pour mieux comprendre l\u2019ampleur du th\u00e8me dans le&hellip;\n","protected":false},"author":2,"featured_media":553974,"comment_status":"","ping_status":"","sticky":false,"template":"","format":"standard","meta":{"footnotes":""},"categories":[1586],"tags":[11,1777,674,1011,27,12,25],"class_list":{"0":"post-553973","1":"post","2":"type-post","3":"status-publish","4":"format-standard","5":"has-post-thumbnail","7":"category-europe","8":"tag-actualites","9":"tag-eu","10":"tag-europe","11":"tag-fr","12":"tag-france","13":"tag-news","14":"tag-republique-francaise"},"share_on_mastodon":{"url":"https:\/\/pubeurope.com\/@fr\/115600711770977647","error":""},"_links":{"self":[{"href":"https:\/\/www.europesays.com\/fr\/wp-json\/wp\/v2\/posts\/553973","targetHints":{"allow":["GET"]}}],"collection":[{"href":"https:\/\/www.europesays.com\/fr\/wp-json\/wp\/v2\/posts"}],"about":[{"href":"https:\/\/www.europesays.com\/fr\/wp-json\/wp\/v2\/types\/post"}],"author":[{"embeddable":true,"href":"https:\/\/www.europesays.com\/fr\/wp-json\/wp\/v2\/users\/2"}],"replies":[{"embeddable":true,"href":"https:\/\/www.europesays.com\/fr\/wp-json\/wp\/v2\/comments?post=553973"}],"version-history":[{"count":0,"href":"https:\/\/www.europesays.com\/fr\/wp-json\/wp\/v2\/posts\/553973\/revisions"}],"wp:featuredmedia":[{"embeddable":true,"href":"https:\/\/www.europesays.com\/fr\/wp-json\/wp\/v2\/media\/553974"}],"wp:attachment":[{"href":"https:\/\/www.europesays.com\/fr\/wp-json\/wp\/v2\/media?parent=553973"}],"wp:term":[{"taxonomy":"category","embeddable":true,"href":"https:\/\/www.europesays.com\/fr\/wp-json\/wp\/v2\/categories?post=553973"},{"taxonomy":"post_tag","embeddable":true,"href":"https:\/\/www.europesays.com\/fr\/wp-json\/wp\/v2\/tags?post=553973"}],"curies":[{"name":"wp","href":"https:\/\/api.w.org\/{rel}","templated":true}]}}